{"id":724,"date":"2015-06-27T15:57:55","date_gmt":"2015-06-27T13:57:55","guid":{"rendered":"http:\/\/www.wordpress.vorarlberger-walservereinigung.at\/?p=724"},"modified":"2024-05-29T15:31:50","modified_gmt":"2024-05-29T13:31:50","slug":"triesenberg","status":"publish","type":"post","link":"https:\/\/www.vorarlberger-walservereinigung.at\/vwvwp\/triesenberg\/","title":{"rendered":"Triesenberg"},"content":{"rendered":"\n<div class=\"wp-block-media-text is-stacked-on-mobile has-background\" style=\"background-color:#c5c5c5;grid-template-columns:20% auto\"><figure class=\"wp-block-media-text__media\"><img loading=\"lazy\" decoding=\"async\" width=\"172\" height=\"200\" src=\"https:\/\/www.vorarlberger-walservereinigung.at\/vwvwp\/wp-content\/uploads\/2015\/06\/triesenberg.gif\" alt=\"\" class=\"wp-image-1098 size-full\"\/><\/figure><div class=\"wp-block-media-text__content\">\n<h2 class=\"wp-block-heading\">Gemeindevorsteher<\/h2>\n\n\n\n<p>Christoph Beck<\/p>\n\n\n\n<h3 class=\"wp-block-heading\">Kontakt:<\/h3>\n\n\n\n<p>Landstra\u00dfe 4<br>9497 Triesenberg<br>&phone; +42 3 265 50 24<br>&#128231; christoph.beck@triesenberg.li<\/p>\n<\/div><\/div>\n\n\n\n<h2 class=\"wp-block-heading\">Ortsvertreter der VWV<\/h2>\n\n\n\n<p>Hubert Sele<\/p>\n\n\n\n<h3 class=\"wp-block-heading\">Kontakt<\/h3>\n\n\n\n<p>Rotenbodenstrasse 160<br>LI 9497 Triesenberg<br>&#128231; hubert.sele@adon.li<\/p>\n\n\n\n<!--more-->\n\n\n\n<h2 class=\"wp-block-heading\">Geschichte<\/h2>\n\n\n<div class=\"wp-block-image\">\n<figure class=\"alignright\"><a href=\"https:\/\/www.vorarlberger-walservereinigung.at\/vwvwp\/wp-content\/uploads\/2016\/11\/triesenberg.jpg\"><img loading=\"lazy\" decoding=\"async\" width=\"300\" height=\"225\" src=\"https:\/\/www.vorarlberger-walservereinigung.at\/vwvwp\/wp-content\/uploads\/2016\/11\/triesenberg-300x225.jpg\" alt=\"Triesenberg FL\" class=\"wp-image-6453\" srcset=\"https:\/\/www.vorarlberger-walservereinigung.at\/vwvwp\/wp-content\/uploads\/2016\/11\/triesenberg-300x225.jpg 300w, https:\/\/www.vorarlberger-walservereinigung.at\/vwvwp\/wp-content\/uploads\/2016\/11\/triesenberg-768x576.jpg 768w, https:\/\/www.vorarlberger-walservereinigung.at\/vwvwp\/wp-content\/uploads\/2016\/11\/triesenberg.jpg 1024w, https:\/\/www.vorarlberger-walservereinigung.at\/vwvwp\/wp-content\/uploads\/2016\/11\/triesenberg-150x113.jpg 150w, https:\/\/www.vorarlberger-walservereinigung.at\/vwvwp\/wp-content\/uploads\/2016\/11\/triesenberg-450x338.jpg 450w, https:\/\/www.vorarlberger-walservereinigung.at\/vwvwp\/wp-content\/uploads\/2016\/11\/triesenberg-100x75.jpg 100w, https:\/\/www.vorarlberger-walservereinigung.at\/vwvwp\/wp-content\/uploads\/2016\/11\/triesenberg-800x600.jpg 800w, https:\/\/www.vorarlberger-walservereinigung.at\/vwvwp\/wp-content\/uploads\/2016\/11\/triesenberg-600x450.jpg 600w\" sizes=\"auto, (max-width: 300px) 100vw, 300px\" \/><\/a><\/figure>\n<\/div>\n\n\n<p>Erst die am Ende des 13. Jahrhunderts eingewanderten &#8222;Walliser&#8220; haben das Gemeindegebiet dauerhaft besiedelt. Die erste schriftliche Bezeugung von Wallisern am Triesenberg ist in einer Urkunde von 1355 zu finden. In diesem Schiedsspruch wird ihnen ein Teil der Alpe Malbun zuerkannt, wie sie ihn &#8222;vormals gehabt haben&#8220;. Also m\u00fcssen sie sich vor diesem Datum hier angesiedelt und Alpen zu Lehen genommen haben.<\/p>\n\n\n\n<p>Pr\u00e4historische Streufunde (Liechtensteinisches Landesmuseum, Kopien im Walser Heimatmuseum) und romanische Flurnamen wie Guflina, Runggelina, Lavadina usw. weisen auf eine vorwalserische Nutzung des Gebietes hin. Der Vorgang der Verdr\u00e4ngung der romanischen Sprache war um die Zeit der Walsereinwanderung abgeschlossen.<\/p>\n\n\n\n<p>Die Walser (eingewanderte Walliser) besiedelten zuerst die h\u00f6heren Lagen wie Masescha und Gnalp und breiteten sich erst sp\u00e4ter talw\u00e4rts aus. Es bildete sich die typische Streusiedlung mit Weilern wie \u00dcenaboda, Rotaboda, Fromahus, Steinord, Wangerb\u00e4rg und Litzi. Auf Masescha wurde vermutlich bald nach der Einwanderung eine Kapelle erbaut. Dort wird heute noch der Walserheilige Theodul verehrt. Die Theodulsglocke (Legende) ist 1955 Bestandteil des Gemeindewappens geworden. Bis zur Gr\u00fcndung der eigenen Pfarrei im Jahre 1768 mit dem Bau der ersten Pfarrkirche war Triesenberg den Pfarreien Triesen und Schaan zugeteilt.<\/p>\n\n\n\n<p>Die &#8222;Freien Walser&#8220; wurden von den Landesherren f\u00fcr ihre Rodungst\u00e4tigkeit mit besonderen Freiheitsrechten ausgestattet. So besa\u00dfen sie mit der &#8222;Freien Erbleihe&#8220; ein besonders g\u00fcnstiges Besitz- und Nutzungsrecht. Sie waren von Steuern befreit und hatten lediglich einen Zins zu entrichten. Im Jahre 1618, unter den Grafen von Hohenems, wurden die besonderen Rechte der Walser aufgehoben. Sie wurden wie die anderen Landesb\u00fcrger leibeigen.<\/p>\n\n\n\n<p>Vom 8. bis 12.September 2010 hat in Triesenberg das 17. Internationale Walsertreffen stattgefunden.<\/p>\n\n\n\n<h2 class=\"wp-block-heading\">Sehensw\u00fcrdigkeiten:<\/h2>\n\n\n\n<ul class=\"wp-block-list\">\n<li>Pfarrkirche<\/li>\n\n\n\n<li>Walser Heimatmuseum<\/li>\n\n\n\n<li>Bergkapellen<\/li>\n\n\n\n<li>WalserSagenWeg<\/li>\n<\/ul>\n\n\n\n<div class=\"wp-block-buttons is-content-justification-center is-layout-flex wp-container-core-buttons-is-layout-16018d1d wp-block-buttons-is-layout-flex\">\n<div class=\"wp-block-button has-custom-width wp-block-button__width-100 is-style-outline is-style-outline--1\"><a class=\"wp-block-button__link has-text-color has-link-color wp-element-button\" href=\"https:\/\/www.triesenberg.li\" style=\"color:#c30f1a\" target=\"_blank\" rel=\"noreferrer noopener\">Zur Webseite der Gemeinde Triesenberg<\/a><\/div>\n<\/div>\n","protected":false},"excerpt":{"rendered":"<p>Gemeindevorsteher Christoph Beck Kontakt: Landstra\u00dfe 49497 Triesenberg&phone; +42 3 265 50 24&#128231; christoph.beck@triesenberg.li Ortsvertreter der VWV Hubert Sele Kontakt Rotenbodenstrasse 160LI 9497 Triesenberg&#128231; hubert.sele@adon.li (mehr\u00a0&hellip;)<\/p>\n","protected":false},"author":1,"featured_media":0,"comment_status":"closed","ping_status":"closed","sticky":false,"template":"","format":"gallery","meta":{"ngg_post_thumbnail":0,"footnotes":""},"categories":[20],"tags":[],"taetigkeiten":[],"chronik-jahre":[],"chronik-gemeinden":[],"walserheimat":[],"gebiete":[537],"superkategorien":[],"class_list":["post-724","post","type-post","status-publish","format-gallery","hentry","category-19-gemeinden","post_format-post-format-gallery","gebiete-liechtenstein"],"_links":{"self":[{"href":"https:\/\/www.vorarlberger-walservereinigung.at\/vwvwp\/wp-json\/wp\/v2\/posts\/724","targetHints":{"allow":["GET"]}}],"collection":[{"href":"https:\/\/www.vorarlberger-walservereinigung.at\/vwvwp\/wp-json\/wp\/v2\/posts"}],"about":[{"href":"https:\/\/www.vorarlberger-walservereinigung.at\/vwvwp\/wp-json\/wp\/v2\/types\/post"}],"author":[{"embeddable":true,"href":"https:\/\/www.vorarlberger-walservereinigung.at\/vwvwp\/wp-json\/wp\/v2\/users\/1"}],"replies":[{"embeddable":true,"href":"https:\/\/www.vorarlberger-walservereinigung.at\/vwvwp\/wp-json\/wp\/v2\/comments?post=724"}],"version-history":[{"count":38,"href":"https:\/\/www.vorarlberger-walservereinigung.at\/vwvwp\/wp-json\/wp\/v2\/posts\/724\/revisions"}],"predecessor-version":[{"id":19133,"href":"https:\/\/www.vorarlberger-walservereinigung.at\/vwvwp\/wp-json\/wp\/v2\/posts\/724\/revisions\/19133"}],"wp:attachment":[{"href":"https:\/\/www.vorarlberger-walservereinigung.at\/vwvwp\/wp-json\/wp\/v2\/media?parent=724"}],"wp:term":[{"taxonomy":"category","embeddable":true,"href":"https:\/\/www.vorarlberger-walservereinigung.at\/vwvwp\/wp-json\/wp\/v2\/categories?post=724"},{"taxonomy":"post_tag","embeddable":true,"href":"https:\/\/www.vorarlberger-walservereinigung.at\/vwvwp\/wp-json\/wp\/v2\/tags?post=724"},{"taxonomy":"taetigkeiten","embeddable":true,"href":"https:\/\/www.vorarlberger-walservereinigung.at\/vwvwp\/wp-json\/wp\/v2\/taetigkeiten?post=724"},{"taxonomy":"chronik-jahre","embeddable":true,"href":"https:\/\/www.vorarlberger-walservereinigung.at\/vwvwp\/wp-json\/wp\/v2\/chronik-jahre?post=724"},{"taxonomy":"chronik-gemeinden","embeddable":true,"href":"https:\/\/www.vorarlberger-walservereinigung.at\/vwvwp\/wp-json\/wp\/v2\/chronik-gemeinden?post=724"},{"taxonomy":"walserheimat","embeddable":true,"href":"https:\/\/www.vorarlberger-walservereinigung.at\/vwvwp\/wp-json\/wp\/v2\/walserheimat?post=724"},{"taxonomy":"gebiete","embeddable":true,"href":"https:\/\/www.vorarlberger-walservereinigung.at\/vwvwp\/wp-json\/wp\/v2\/gebiete?post=724"},{"taxonomy":"superkategorien","embeddable":true,"href":"https:\/\/www.vorarlberger-walservereinigung.at\/vwvwp\/wp-json\/wp\/v2\/superkategorien?post=724"}],"curies":[{"name":"wp","href":"https:\/\/api.w.org\/{rel}","templated":true}]}}