{"id":714,"date":"2015-06-27T15:56:23","date_gmt":"2015-06-27T13:56:23","guid":{"rendered":"http:\/\/www.wordpress.vorarlberger-walservereinigung.at\/?p=714"},"modified":"2024-07-22T14:08:32","modified_gmt":"2024-07-22T12:08:32","slug":"schroecken","status":"publish","type":"post","link":"https:\/\/www.vorarlberger-walservereinigung.at\/vwvwp\/schroecken\/","title":{"rendered":"Schr\u00f6cken"},"content":{"rendered":"\n<div class=\"wp-block-media-text is-stacked-on-mobile has-background\" style=\"background-color:#c5c5c5;grid-template-columns:20% auto\"><figure class=\"wp-block-media-text__media\"><img loading=\"lazy\" decoding=\"async\" width=\"163\" height=\"200\" src=\"https:\/\/www.vorarlberger-walservereinigung.at\/vwvwp\/wp-content\/uploads\/2015\/06\/schroecken.gif\" alt=\"\" class=\"wp-image-1092 size-full\"\/><\/figure><div class=\"wp-block-media-text__content\">\n<h2 class=\"wp-block-heading\">B\u00fcrgermeister<\/h2>\n\n\n\n<p>Stephan Schwarzmann<\/p>\n\n\n\n<h3 class=\"wp-block-heading\">Kontakt:<\/h3>\n\n\n\n<p>Heimboden 2<br>6888 Schr\u00f6cken<br>\u260e +43 551 926719<br>\ud83d\udce7 s.schwarzmann@warth-schroecken.com<\/p>\n<\/div><\/div>\n\n\n\n<h2 class=\"wp-block-heading\">Ortsvertreter der VWV<\/h2>\n\n\n\n<p>Martin Bischof<\/p>\n\n\n\n<h3 class=\"wp-block-heading\">Kontakt:<\/h3>\n\n\n\n<p>Unterboden 92<br>6888 Schr\u00f6cken<br>\ud83d\udce7 martin.bischof@blum.com<\/p>\n\n\n\n<!--more-->\n\n\n\n<h2 class=\"wp-block-heading\">Allgemeines<\/h2>\n\n\n\n<p>Am Tannberg auf 1.269 Metern Seeh\u00f6he (Kirche) liegt das Dorf, das gut 210 Einwohner z\u00e4hlt. Schr\u00f6cken z\u00e4hlt zu jenen Vorarlberger Gemeinden, die im 14. Jahrhundert von Walsern besiedelt wurden. An die Walser erinnern bis heute Wege, Geb\u00e4ude und Geschichten. Die Gemeinde liegt im Bezirk Bregenz am Tannberg und bildet gemeinsam mit der Nachbargemeinde Warth eine bedeutende Skiregion, welche seit 2013 dem Skigebiet Arlberg angeschlossen ist.<\/p>\n\n\n\n<p>Die Gemeinde Schr\u00f6cken liegt im westlichsten Bundesland \u00d6sterreichs, Vorarlberg, im Bezirk Bregenz s\u00fcd\u00f6stlich des Bodensees auf 1269 m H\u00f6he. Geografisch geh\u00f6rt Schr\u00f6cken aufgrund seiner Lage im hintersten Teil des Tals der Bregenzer Ach zum Bregenzerwald, geschichtlich zum Tannberg, touristisch wird Schr\u00f6cken aber noch zum Arlberggebiet gez\u00e4hlt.<\/p>\n\n\n\n<p>Ein Ortsteil der Gemeinde Schr\u00f6cken ist die etwas oberhalb des Ortszentrums gelegene Parzelle Ne\u00dflegg. Diese Hochsiedlung liegt am Fu\u00df des Hochtannbergpasses. Von Schr\u00f6cken im hintersten Bregenzerwald f\u00fchrt die Hochtannbergstra\u00dfe \u00fcber Hochkrumbach, einen Ortsteil der Nachbargemeinde Warth, ins Lechtal.<\/p>\n\n\n\n<p>Einwohner: ca. 210<br>Fl\u00e4che: 23,43 km\u00b2<br>Seeh\u00f6he: 1269 m<\/p>\n\n\n\n<p>Parzellen: Unterboden, Oberboden, Schwand, Wald, Stutz, Heimboden, Schmitte, Nesslegg, K\u00f6rbersee<\/p>\n\n\n\n<h2 class=\"wp-block-heading\">Geschichte<\/h2>\n\n\n\n<div class=\"wp-block-media-text has-media-on-the-right is-stacked-on-mobile is-vertically-aligned-center\"><div class=\"wp-block-media-text__content\">\n<p>Auf die Spuren der Walser k\u00f6nnen sich Wanderer auf Themenwegen rund um Schr\u00f6cken und das Nachbardorf Warth begeben. Am Tannberg lie\u00dfen sich im 14. Jahrhundert Walser nieder, die aus dem Westschweizer Kanton Wallis stammten. <\/p>\n<\/div><figure class=\"wp-block-media-text__media\"><img loading=\"lazy\" decoding=\"async\" width=\"1024\" height=\"768\" src=\"https:\/\/www.vorarlberger-walservereinigung.at\/vwvwp\/wp-content\/uploads\/2016\/11\/schroecken-1024x768.jpg\" alt=\"\" class=\"wp-image-6448 size-large\" srcset=\"https:\/\/www.vorarlberger-walservereinigung.at\/vwvwp\/wp-content\/uploads\/2016\/11\/schroecken.jpg 1024w, https:\/\/www.vorarlberger-walservereinigung.at\/vwvwp\/wp-content\/uploads\/2016\/11\/schroecken-300x225.jpg 300w, https:\/\/www.vorarlberger-walservereinigung.at\/vwvwp\/wp-content\/uploads\/2016\/11\/schroecken-768x576.jpg 768w, https:\/\/www.vorarlberger-walservereinigung.at\/vwvwp\/wp-content\/uploads\/2016\/11\/schroecken-150x113.jpg 150w, https:\/\/www.vorarlberger-walservereinigung.at\/vwvwp\/wp-content\/uploads\/2016\/11\/schroecken-600x450.jpg 600w\" sizes=\"auto, (max-width: 1024px) 100vw, 1024px\" \/><\/figure><\/div>\n\n\n\n<p>Ihre Spuren sind bis heute sichtbar und auch an der Sprache h\u00f6rbar. Zum besseren Verst\u00e4ndnis und auch, um die Tour begreifbar zu machen, wurde ein Wanderf\u00fchrer in Form eines Buches kreiert (erh\u00e4ltlich im Tourismusb\u00fcro).<br>Kultur hat in Schr\u00f6cken einen hohen Stellenwert, so finden Winter wie Sommer Auftritte des Musikvereines und der Kindertrachtengruppe statt.<\/p>\n\n\n\n<p>Das Gebiet um Schr\u00f6cken wurde erstmals um 1300 von Walsern besiedelt, kam 1453 an \u00d6sterreich und war dem Vogteiamt Bregenz unterstellt. Der Ort war bis 1806 dem Gericht Tannberg eingegliedert.<\/p>\n\n\n\n<p>Die Habsburger regierten die Orte in Vorarlberg wechselnd von Tirol und Vorder\u00f6sterreich (Freiburg im Breisgau) aus. Von 1805 bis 1814 geh\u00f6rte der Ort zu Bayern, dann wieder zu \u00d6sterreich. Zum \u00f6sterreichischen Bundesland Vorarlberg geh\u00f6rt Schr\u00f6cken seit der Gr\u00fcndung 1861. Im Jahre 1863 brannten im Zuge eines gro\u00dfen Dorfbrands die Kirche und umliegende Geb\u00e4ude zur G\u00e4nze ab.<br>Der Ort war 1945 bis 1955 Teil der franz\u00f6sischen Besatzungszone in \u00d6sterreich.<\/p>\n\n\n\n<p>Schr\u00f6cken wurde urspr\u00fcnglich \u201eGirsboden\u201c genannt. Der Name \u201eSchr\u00f6cken\u201c tauchte erstmals Anfang des 17. Jahrhunderts auf.<\/p>\n\n\n\n<h2 class=\"wp-block-heading\">Kultur und Sehensw\u00fcrdigkeiten<\/h2>\n\n\n\n<p>Von Juni bis September ge\u00f6ffnet ist das \u201e<a href=\"http:\/\/www.bregenzerwald.at\/aktivitaet\/alpmuseum-uf-m-tannberg-in-schroecken\/\">Alpmuseum uf\u2019m Tannberg<\/a>\u201c.<\/p>\n\n\n\n<p>Ein w\u00f6chentliches Highlight im Winter ist der Rodelabend mit Busauffahrt auf der 2 km langen und beleuchteten Rodelstrecke von der Parzelle Nesslegg bis Heimboden.<\/p>\n\n\n\n<p>Im Sommer f\u00fchren w\u00f6chentlich gef\u00fchrte Touren auf die bekannten Felsriesen in Schr\u00f6cken \u2013 unter anderem auf den h\u00f6chsten Gipfel im Bregenzerwald \u2013 die Braunarlspitze, 2.649m.<\/p>\n\n\n\n<h3 class=\"wp-block-heading\"><strong>Pfarrkirche Unsere Liebe Frau Mari\u00e4 Himmelfahrt (in Heimboden)<\/strong><\/h3>\n\n\n\n<p>1639 wurde in Schr\u00f6cken die erste Kirche geweiht \u2013 Schr\u00f6cken war bis 1640 Filiale von Lech. Diese Kirche wurde in den Jahren 1726 bis 1732 vergr\u00f6\u00dfert, 1863 durch einen Brand zerst\u00f6rt, 1864 bis 1867 neu erbaut und 1867 geweiht.<\/p>\n\n\n\n<p>Die Pfarrkirche ist von einem ummauerten Friedhof umgeben, besitzt ein neuromanisches Langhaus und im Norden einen Turm mit Spitzhelm. Der Hochaltar tr\u00e4gt einen neuromanischen Baldachinaufbau und Figuren von Fidelis Rudhart (1876).<\/p>\n\n\n\n<h3 class=\"wp-block-heading\"><strong>Kapelle Mari\u00e4 Verk\u00fcndigung (in Unterboden)<\/strong><\/h3>\n\n\n\n<p>Diese Kapelle mit ihrem neugotischen Altar wurde 1778 anstelle einer zuvor 1774 abgetragenen Kapelle errichtet und 1779 geweiht.<\/p>\n\n\n\n<h3 class=\"wp-block-heading\">K\u00f6rbersee<\/h3>\n\n\n\n<p>Dieser malerische Bergsee ist ein beliebtes Ausflugsziel und wurde 2017 zum sch\u00f6nsten Platz \u00d6sterreichs gew\u00e4hlt.<\/p>\n\n\n\n<h3 class=\"wp-block-heading\">Musikverein Schr\u00f6cken 1962.<\/h3>\n\n\n\n<p>Der Musikverein wurde, wie der Name schon verraten l\u00e4sst, 1962 von 18 Interessenten aus Schr\u00f6cken gegr\u00fcndet. 1965-1967 war es soweit. Nur durch gro\u00dfen, pers\u00f6nlichen Einsatz der Musikanten, finanzielle Unterst\u00fctzung der Gemeinde, des Landes Vorarlberg bzw. dem Blasmusikverband, sowie beachtliche Spenden aus der Bev\u00f6lkerung und Zuwendung von Jagdherren und G\u00e4sten, war es m\u00f6glich, dringend n\u00f6tige Anschaffungen zu t\u00e4tigen wie beispielsweise die erste Musik-Walsertracht. Es mussten ca. 53.000 Schilling f\u00fcr die Anschaffung der Walsertracht und der Vereinsfahren aufgebracht werden. Gut 62 Jahre sp\u00e4ter z\u00e4hlt der MV Schr\u00f6cken 1962 mittlerweile schon an die 46 Mitglieder die mit Herz und Seele musizieren.<\/p>\n\n\n\n<h3 class=\"wp-block-heading\">Trachtenverein Schr\u00f6cken<\/h3>\n\n\n\n<p>Der Trachtenverein Schr\u00f6cken tr\u00e4gt mit vollem Stolz die Walsertracht und hat ca. 105 Mitglieder, davon sind 60 Trachtentr\u00e4ger\/innen. Ganz besonders stolz ist man jedoch auf die Kindertrachtengruppe. Bei feierlichen Anl\u00e4ssen oder bei Platzkonzerten des Musikverein, ist die Kindertrachtengruppe immer mit dabei und pr\u00e4sentiert die verschiedensten T\u00e4nze.<\/p>\n\n\n\n<h3 class=\"wp-block-heading\">Tradition<\/h3>\n\n\n\n<p>Schr\u00f6cken pflegt traditionelle Vorarlberger Kultur und Br\u00e4uche. Das Dorf hat eine enge Gemeinschaft, und es gibt regelm\u00e4\u00dfig kulturelle Veranstaltungen und Feste. Das erkennt man auch daran, dass Schr\u00f6cken mit seinen 210 Einwohner acht verschiedene Vereine hat. Es ist nicht ungew\u00f6hnlich, dass Einheimische in mehreren Vereinen t\u00e4tig sind.<\/p>\n\n\n\n<h2 class=\"wp-block-heading\">Wirtschaft und Infrastruktur<\/h2>\n\n\n\n<h3 class=\"wp-block-heading\">Tourismus<\/h3>\n\n\n\n<h4 class=\"wp-block-heading\">Wintertourismus<\/h4>\n\n\n\n<p>Schr\u00f6cken ist Teil des Skigebiets Warth-Schr\u00f6cken, das bekannt ist f\u00fcr seine hervorragenden Schneeverh\u00e4ltnisse. Das Skigebiet ist auch mit dem bekannten Ski Arlberg Gebiet verbunden, wodurch Wintersportler Zugang zu dem gr\u00f6\u00dften zusammenh\u00e4ngenden Skigebiete \u00d6sterreichs haben.<\/p>\n\n\n\n<h4 class=\"wp-block-heading\">Sommertourismus<\/h4>\n\n\n\n<p>Im Sommer ist Schr\u00f6cken ein beliebtes Ziel f\u00fcr Wanderer, Bergsteiger und Naturliebhaber. Es gibt zahlreiche Wanderwege und Kletterrouten, die durch die malerische Alpenlandschaft f\u00fchren.<\/p>\n\n\n\n<p>Die touristische Entwicklung von Schr\u00f6cken hat eine lange und interessante Geschichte. Hier sind einige wichtige Etappen und Faktoren, die zur touristischen Entwicklung von Schr\u00f6cken beigetragen haben:<\/p>\n\n\n\n<h4 class=\"wp-block-heading\">Fr\u00fche Entwicklung und Anf\u00e4nge<\/h4>\n\n\n\n<ul class=\"wp-block-list list-vwv-star\">\n<li>Anf\u00e4nge im 19. Jahrhundert: Wie viele alpine D\u00f6rfer begann auch in Schr\u00f6cken der Tourismus im 19. Jahrhundert. Erste G\u00e4ste kamen, um die beeindruckende Natur und die frische Bergluft zu genie\u00dfen.<\/li>\n\n\n\n<li>Landwirtschaft und Almwirtschaft: Urspr\u00fcnglich war Schr\u00f6cken vor allem von der Landwirtschaft und Almwirtschaft gepr\u00e4gt. Diese traditionellen Wirtschaftsformen blieben auch nach den ersten touristischen Entwicklungen wichtig.<\/li>\n<\/ul>\n\n\n\n<h4 class=\"wp-block-heading\">Aufschwung im 20. Jahrhundert<\/h4>\n\n\n\n<ul class=\"wp-block-list list-vwv-star\">\n<li>Erste Unterk\u00fcnfte: Mit dem Aufkommen des Alpinismus und dem Interesse an den Alpen wurden erste Gasth\u00e4user und Pensionen errichtet, um die wachsende Zahl von Wanderern und Bergsteigern zu beherbergen.<\/li>\n\n\n\n<li>Skisport: In den 1920er und 1930er Jahren wurde der Skisport immer popul\u00e4rer, und Schr\u00f6cken erkannte fr\u00fch das Potenzial als Wintersportdestination. Erste Skilifte wurden errichtet und Pisten pr\u00e4pariert.<\/li>\n\n\n\n<li>Nachkriegszeit: Nach dem Zweiten Weltkrieg erlebte der Tourismus in Schr\u00f6cken einen erneuten Aufschwung. Die Infrastruktur wurde verbessert, neue Hotels und Ferienwohnungen entstanden, und der Wintersport wurde weiter ausgebaut.<\/li>\n<\/ul>\n\n\n\n<h4 class=\"wp-block-heading\">Moderne Entwicklungen<\/h4>\n\n\n\n<ul class=\"wp-block-list list-vwv-star\">\n<li>Skigebiet Warth-Schr\u00f6cken: Die Er\u00f6ffnung des Skigebiets Warth-Schr\u00f6cken in den 1970er Jahren markierte einen wichtigen Meilenstein. Das Skigebiet wurde stetig erweitert und modernisiert, um den steigenden Anspr\u00fcchen der G\u00e4ste gerecht zu werden.<\/li>\n\n\n\n<li>Anbindung an Ski Arlberg: Ein weiterer entscheidender Entwicklungsschritt war die Anbindung an das Ski Arlberg Gebiet im Jahr 2013. Dadurch wurde Schr\u00f6cken Teil des gr\u00f6\u00dften zusammenh\u00e4ngenden Skigebiets \u00d6sterreichs, was zu einem starken Anstieg der G\u00e4stezahlen f\u00fchrte.<\/li>\n\n\n\n<li>Ganzjahrestourismus: Schr\u00f6cken hat erfolgreich den \u00dcbergang vom reinen Wintersportort zu einer Ganzjahresdestination vollzogen. Neben dem Skifahren sind nun auch Sommeraktivit\u00e4ten wie Wandern, Klettern und Mountainbiken popul\u00e4r.<\/li>\n<\/ul>\n\n\n\n<h4 class=\"wp-block-heading\">Nachhaltigkeit und Regionalit\u00e4t<\/h4>\n\n\n\n<ul class=\"wp-block-list list-vwv-star\">\n<li>Nachhaltiger Tourismus: In den letzten Jahren legt Schr\u00f6cken vermehrt Wert auf nachhaltigen Tourismus. Es gibt Bem\u00fchungen, den \u00f6kologischen Fu\u00dfabdruck zu reduzieren und die nat\u00fcrliche Sch\u00f6nheit der Region zu bewahren.<\/li>\n\n\n\n<li>F\u00f6rderung der Regionalit\u00e4t: Die F\u00f6rderung regionaler Produkte und traditioneller Handwerkskunst spielt eine wichtige Rolle. Besucher k\u00f6nnen in zahlreichen Restaurants lokale Spezialit\u00e4ten genie\u00dfen und in Handwerksbetrieben traditionelle Produkte kaufen.<\/li>\n<\/ul>\n\n\n\n<h4 class=\"wp-block-heading\">Infrastruktur und Angebote<\/h4>\n\n\n\n<ul class=\"wp-block-list list-vwv-star\">\n<li>Infrastruktur: Die touristische Infrastruktur wurde stetig verbessert. Modernste Seilbahnen und Lifte, gut pr\u00e4parierte Pisten und Wanderwege sowie komfortable Unterk\u00fcnfte tragen zur Attraktivit\u00e4t bei.<\/li>\n\n\n\n<li>Vielf\u00e4ltige Angebote: Schr\u00f6cken bietet heute eine breite Palette an Aktivit\u00e4ten und Erlebnissen. Neben dem klassischen Wintersport gibt es Angebote wie gef\u00fchrte Wanderungen, Klettertouren, Wellnessm\u00f6glichkeiten und kulturelle Veranstaltungen.<\/li>\n<\/ul>\n\n\n\n<h4 class=\"wp-block-heading\">Zuk\u00fcnftige Perspektiven<\/h4>\n\n\n\n<ul class=\"wp-block-list list-vwv-star\">\n<li>Innovationen: Schr\u00f6cken setzt auch in Zukunft auf Innovationen und Investitionen in die touristische Infrastruktur. Neue Projekte und Modernisierungen sollen die Attraktivit\u00e4t weiter steigern.<\/li>\n\n\n\n<li>Digitalisierung: Die Digitalisierung spielt eine immer gr\u00f6\u00dfere Rolle im Tourismus. Schr\u00f6cken arbeitet an der Implementierung digitaler L\u00f6sungen, um den G\u00e4sten ein noch besseres Erlebnis zu bieten, von Online-Buchungssystemen bis hin zu digitalen G\u00e4steinformationen.<\/li>\n<\/ul>\n\n\n\n<p>Die touristische Entwicklung von Schr\u00f6cken zeigt eine erfolgreiche Anpassung an sich ver\u00e4ndernde Bed\u00fcrfnisse und Trends, wobei die Balance zwischen Tradition und Moderne stets gewahrt bleibt.<\/p>\n\n\n\n<div class=\"wp-block-buttons is-layout-flex wp-block-buttons-is-layout-flex\">\n<div class=\"wp-block-button has-custom-width wp-block-button__width-100 is-style-outline is-style-outline--1\"><a class=\"wp-block-button__link has-text-color has-link-color wp-element-button\" href=\"https:\/\/www.gemeinde-schroecken.at\" style=\"color:#c30f1a\" target=\"_blank\" rel=\"noreferrer noopener\">Zur Webseite der Gemeinde Schr\u00f6cken<\/a><\/div>\n<\/div>\n","protected":false},"excerpt":{"rendered":"<p>B\u00fcrgermeister Stephan Schwarzmann Kontakt: Heimboden 26888 Schr\u00f6cken\u260e +43 551 926719\ud83d\udce7 s.schwarzmann@warth-schroecken.com Ortsvertreter der VWV Martin Bischof Kontakt: Unterboden 926888 Schr\u00f6cken\ud83d\udce7 martin.bischof@blum.com (mehr\u00a0&hellip;)<\/p>\n","protected":false},"author":1,"featured_media":0,"comment_status":"closed","ping_status":"closed","sticky":false,"template":"","format":"image","meta":{"ngg_post_thumbnail":0,"footnotes":""},"categories":[20],"tags":[],"taetigkeiten":[],"chronik-jahre":[],"chronik-gemeinden":[],"walserheimat":[],"gebiete":[539],"superkategorien":[],"class_list":["post-714","post","type-post","status-publish","format-image","hentry","category-19-gemeinden","post_format-post-format-image","gebiete-tannberg"],"_links":{"self":[{"href":"https:\/\/www.vorarlberger-walservereinigung.at\/vwvwp\/wp-json\/wp\/v2\/posts\/714","targetHints":{"allow":["GET"]}}],"collection":[{"href":"https:\/\/www.vorarlberger-walservereinigung.at\/vwvwp\/wp-json\/wp\/v2\/posts"}],"about":[{"href":"https:\/\/www.vorarlberger-walservereinigung.at\/vwvwp\/wp-json\/wp\/v2\/types\/post"}],"author":[{"embeddable":true,"href":"https:\/\/www.vorarlberger-walservereinigung.at\/vwvwp\/wp-json\/wp\/v2\/users\/1"}],"replies":[{"embeddable":true,"href":"https:\/\/www.vorarlberger-walservereinigung.at\/vwvwp\/wp-json\/wp\/v2\/comments?post=714"}],"version-history":[{"count":41,"href":"https:\/\/www.vorarlberger-walservereinigung.at\/vwvwp\/wp-json\/wp\/v2\/posts\/714\/revisions"}],"predecessor-version":[{"id":19229,"href":"https:\/\/www.vorarlberger-walservereinigung.at\/vwvwp\/wp-json\/wp\/v2\/posts\/714\/revisions\/19229"}],"wp:attachment":[{"href":"https:\/\/www.vorarlberger-walservereinigung.at\/vwvwp\/wp-json\/wp\/v2\/media?parent=714"}],"wp:term":[{"taxonomy":"category","embeddable":true,"href":"https:\/\/www.vorarlberger-walservereinigung.at\/vwvwp\/wp-json\/wp\/v2\/categories?post=714"},{"taxonomy":"post_tag","embeddable":true,"href":"https:\/\/www.vorarlberger-walservereinigung.at\/vwvwp\/wp-json\/wp\/v2\/tags?post=714"},{"taxonomy":"taetigkeiten","embeddable":true,"href":"https:\/\/www.vorarlberger-walservereinigung.at\/vwvwp\/wp-json\/wp\/v2\/taetigkeiten?post=714"},{"taxonomy":"chronik-jahre","embeddable":true,"href":"https:\/\/www.vorarlberger-walservereinigung.at\/vwvwp\/wp-json\/wp\/v2\/chronik-jahre?post=714"},{"taxonomy":"chronik-gemeinden","embeddable":true,"href":"https:\/\/www.vorarlberger-walservereinigung.at\/vwvwp\/wp-json\/wp\/v2\/chronik-gemeinden?post=714"},{"taxonomy":"walserheimat","embeddable":true,"href":"https:\/\/www.vorarlberger-walservereinigung.at\/vwvwp\/wp-json\/wp\/v2\/walserheimat?post=714"},{"taxonomy":"gebiete","embeddable":true,"href":"https:\/\/www.vorarlberger-walservereinigung.at\/vwvwp\/wp-json\/wp\/v2\/gebiete?post=714"},{"taxonomy":"superkategorien","embeddable":true,"href":"https:\/\/www.vorarlberger-walservereinigung.at\/vwvwp\/wp-json\/wp\/v2\/superkategorien?post=714"}],"curies":[{"name":"wp","href":"https:\/\/api.w.org\/{rel}","templated":true}]}}