{"id":708,"date":"2015-06-27T15:55:44","date_gmt":"2015-06-27T13:55:44","guid":{"rendered":"http:\/\/www.wordpress.vorarlberger-walservereinigung.at\/?p=708"},"modified":"2024-05-29T15:40:08","modified_gmt":"2024-05-29T13:40:08","slug":"lech","status":"publish","type":"post","link":"https:\/\/www.vorarlberger-walservereinigung.at\/vwvwp\/lech\/","title":{"rendered":"Lech"},"content":{"rendered":"\n<div class=\"wp-block-media-text is-stacked-on-mobile has-background\" style=\"background-color:#c5c5c5;grid-template-columns:20% auto\"><figure class=\"wp-block-media-text__media\"><img loading=\"lazy\" decoding=\"async\" width=\"174\" height=\"200\" src=\"https:\/\/www.vorarlberger-walservereinigung.at\/vwvwp\/wp-content\/uploads\/2015\/06\/lech.gif\" alt=\"\" class=\"wp-image-1089 size-full\"\/><\/figure><div class=\"wp-block-media-text__content\">\n<h2 class=\"wp-block-heading\">B\u00fcrgermeister<\/h2>\n\n\n\n<p>Gerhard Lucian<\/p>\n\n\n\n<h3 class=\"wp-block-heading\">Kontakt:<\/h3>\n\n\n\n<p>Dorf 329<br>6764 Lech<br>&phone; +43 558 32213<br>&#128231; info@gemeinde.lech.at<\/p>\n<\/div><\/div>\n\n\n\n<h2 class=\"wp-block-heading\">Ortsvertreter<\/h2>\n\n\n\n<p>Ludwig Muxel<\/p>\n\n\n\n<h3 class=\"wp-block-heading\">Kontakt:<\/h3>\n\n\n\n<p>Omesberg 210<br>A-6764 Lech<br>&phone; +43 664 2003166<\/p>\n\n\n\n<!--more-->\n\n\n\n<h2 class=\"wp-block-heading\">Geschichte<a href=\"https:\/\/www.vorarlberger-walservereinigung.at\/vwvwp\/wp-content\/uploads\/2016\/11\/lech.jpg\"><img loading=\"lazy\" decoding=\"async\" class=\"alignright wp-image-6520 size-medium\" src=\"https:\/\/www.vorarlberger-walservereinigung.at\/vwvwp\/wp-content\/uploads\/2016\/11\/lech-300x225.jpg\" alt=\"\" width=\"300\" height=\"225\" srcset=\"https:\/\/www.vorarlberger-walservereinigung.at\/vwvwp\/wp-content\/uploads\/2016\/11\/lech-300x225.jpg 300w, https:\/\/www.vorarlberger-walservereinigung.at\/vwvwp\/wp-content\/uploads\/2016\/11\/lech-768x576.jpg 768w, https:\/\/www.vorarlberger-walservereinigung.at\/vwvwp\/wp-content\/uploads\/2016\/11\/lech.jpg 1024w, https:\/\/www.vorarlberger-walservereinigung.at\/vwvwp\/wp-content\/uploads\/2016\/11\/lech-150x113.jpg 150w, https:\/\/www.vorarlberger-walservereinigung.at\/vwvwp\/wp-content\/uploads\/2016\/11\/lech-600x450.jpg 600w\" sizes=\"auto, (max-width: 300px) 100vw, 300px\" \/><\/a><\/h2>\n\n\n\n<p>Die 90 km<sup>2<\/sup> umfassende Gemeinde Lech mit rund 1300 Einwohnern liegt auf einer Hochfl\u00e4che (1444-1717m) im Quellgebiet des jungen Lech. Beeindruckende Bergmassive der Lechtaler Alpen umgeben die typische Passlandschaft, wo mehrere Gebirgst\u00e4ler ihren Ursprung haben. <\/p>\n\n\n\n<p>Infolge der H\u00f6henlage ist in Lech kein Acker- und Obstbau m\u00f6glich. Bis zum Aufkommen des Fremdenverkehrs, der durch den Bau der Flexenstra\u00dfe (1895-1900) erm\u00f6glicht wurde, lebten die Bergbauern ausschlie\u00dflich von Milchwirtschaft und Viehzucht. Im Winter waren sie oft von der Au\u00dfenwelt abgeschlossen, weil nur von Lawinen gef\u00e4hrdete Saum- und Karrenwege in das Hochtal f\u00fchrten.<\/p>\n\n\n\n<p>Der Name Lech als Flussbezeichnung scheint erstmals im Jahre 642 nach Christus als &#8222;Licca&#8220; in einer Urkunde auf.<\/p>\n\n\n\n<p>Der Fund einer mittelbronzezeitlichen Lappenaxt l\u00e4sst den Schluss zu, dass bereits fr\u00fcher hier Menschen t\u00e4tig waren oder durchwanderten. R\u00e4toromanische Flurnamen wie Flexen, Gampa, Z\u00fcrs, Paz\u00fcel und Munzabun weisen auf fr\u00fchgeschichtliche Alp-und Jagdnutzung hin. Im Jahre 1059 nach Christus schenkte Kaiser Heinrich IV. ein gro\u00dfes Jagdgebiet rund um den Widderstein dem Bischof von Augsburg, wohin die Gegend in kirchlichem Bereich bis 1814 geh\u00f6rte.<\/p>\n\n\n\n<p>Die Dauerbesiedlung der Landschaft am jungen Lech erfolgte aber zweifellos von den Walsern, die, aus dem Westschweizer Kanton Wallis stammend, kurz vor 1300 einwanderten und das Hochtal rodeten. Da sie hier viel Tannen-(Fichten-)wald vorfanden, wurde die Gegend &#8222;Tannberg am Lech&#8220; genannt. Der Name der \u00d6rtlichkeit Lech wurde im Laufe der Jahrhunderte auf &#8222;Lech&#8220; verk\u00fcrzt. Die Walser erhielten das Land als Lehen von schw\u00e4bischen Grundherren gegen einen geringen Naturalzins. Um sie zur Siedlungsnahme in der kargen Gebirgslandschaft zu gewinnen, wurden ihnen besondere Rechte und Freiheiten zugestanden.<\/p>\n\n\n\n<h2 class=\"wp-block-heading\">Sehensw\u00fcrdigkeiten:<\/h2>\n\n\n\n<ul class=\"wp-block-list\">\n<li>Alte Pfarrkirche<\/li>\n\n\n\n<li><a href=\"http:\/\/gemeinde.lech.eu\/kultursportfreizeit\/museen\/\" target=\"_blank\" rel=\"noopener noreferrer\">Museen in Lech<\/a><\/li>\n<\/ul>\n\n\n\n<div class=\"wp-block-buttons is-layout-flex wp-block-buttons-is-layout-flex\">\n<div class=\"wp-block-button has-custom-width wp-block-button__width-100 is-style-outline is-style-outline--1\"><a class=\"wp-block-button__link has-text-color has-link-color wp-element-button\" href=\"https:\/\/gemeinde.lech.at\/\" style=\"color:#c30f1a\" target=\"_blank\" rel=\"noreferrer noopener\">Zur webseite der Gemeinde Lech<\/a><\/div>\n<\/div>\n","protected":false},"excerpt":{"rendered":"<p>B\u00fcrgermeister Gerhard Lucian Kontakt: Dorf 3296764 Lech&phone; +43 558 32213&#128231; info@gemeinde.lech.at Ortsvertreter Ludwig Muxel Kontakt: Omesberg 210A-6764 Lech&phone; +43 664 2003166 (mehr\u00a0&hellip;)<\/p>\n","protected":false},"author":1,"featured_media":0,"comment_status":"closed","ping_status":"closed","sticky":false,"template":"","format":"image","meta":{"ngg_post_thumbnail":0,"footnotes":""},"categories":[20],"tags":[],"taetigkeiten":[],"chronik-jahre":[],"chronik-gemeinden":[],"walserheimat":[],"gebiete":[539],"superkategorien":[],"class_list":["post-708","post","type-post","status-publish","format-image","hentry","category-19-gemeinden","post_format-post-format-image","gebiete-tannberg"],"_links":{"self":[{"href":"https:\/\/www.vorarlberger-walservereinigung.at\/vwvwp\/wp-json\/wp\/v2\/posts\/708","targetHints":{"allow":["GET"]}}],"collection":[{"href":"https:\/\/www.vorarlberger-walservereinigung.at\/vwvwp\/wp-json\/wp\/v2\/posts"}],"about":[{"href":"https:\/\/www.vorarlberger-walservereinigung.at\/vwvwp\/wp-json\/wp\/v2\/types\/post"}],"author":[{"embeddable":true,"href":"https:\/\/www.vorarlberger-walservereinigung.at\/vwvwp\/wp-json\/wp\/v2\/users\/1"}],"replies":[{"embeddable":true,"href":"https:\/\/www.vorarlberger-walservereinigung.at\/vwvwp\/wp-json\/wp\/v2\/comments?post=708"}],"version-history":[{"count":34,"href":"https:\/\/www.vorarlberger-walservereinigung.at\/vwvwp\/wp-json\/wp\/v2\/posts\/708\/revisions"}],"predecessor-version":[{"id":19147,"href":"https:\/\/www.vorarlberger-walservereinigung.at\/vwvwp\/wp-json\/wp\/v2\/posts\/708\/revisions\/19147"}],"wp:attachment":[{"href":"https:\/\/www.vorarlberger-walservereinigung.at\/vwvwp\/wp-json\/wp\/v2\/media?parent=708"}],"wp:term":[{"taxonomy":"category","embeddable":true,"href":"https:\/\/www.vorarlberger-walservereinigung.at\/vwvwp\/wp-json\/wp\/v2\/categories?post=708"},{"taxonomy":"post_tag","embeddable":true,"href":"https:\/\/www.vorarlberger-walservereinigung.at\/vwvwp\/wp-json\/wp\/v2\/tags?post=708"},{"taxonomy":"taetigkeiten","embeddable":true,"href":"https:\/\/www.vorarlberger-walservereinigung.at\/vwvwp\/wp-json\/wp\/v2\/taetigkeiten?post=708"},{"taxonomy":"chronik-jahre","embeddable":true,"href":"https:\/\/www.vorarlberger-walservereinigung.at\/vwvwp\/wp-json\/wp\/v2\/chronik-jahre?post=708"},{"taxonomy":"chronik-gemeinden","embeddable":true,"href":"https:\/\/www.vorarlberger-walservereinigung.at\/vwvwp\/wp-json\/wp\/v2\/chronik-gemeinden?post=708"},{"taxonomy":"walserheimat","embeddable":true,"href":"https:\/\/www.vorarlberger-walservereinigung.at\/vwvwp\/wp-json\/wp\/v2\/walserheimat?post=708"},{"taxonomy":"gebiete","embeddable":true,"href":"https:\/\/www.vorarlberger-walservereinigung.at\/vwvwp\/wp-json\/wp\/v2\/gebiete?post=708"},{"taxonomy":"superkategorien","embeddable":true,"href":"https:\/\/www.vorarlberger-walservereinigung.at\/vwvwp\/wp-json\/wp\/v2\/superkategorien?post=708"}],"curies":[{"name":"wp","href":"https:\/\/api.w.org\/{rel}","templated":true}]}}