{"id":706,"date":"2015-06-27T15:55:34","date_gmt":"2015-06-27T13:55:34","guid":{"rendered":"http:\/\/www.wordpress.vorarlberger-walservereinigung.at\/?p=706"},"modified":"2024-05-29T15:41:14","modified_gmt":"2024-05-29T13:41:14","slug":"laterns","status":"publish","type":"post","link":"https:\/\/www.vorarlberger-walservereinigung.at\/vwvwp\/laterns\/","title":{"rendered":"Laterns"},"content":{"rendered":"\n<div class=\"wp-block-media-text is-stacked-on-mobile has-background\" style=\"background-color:#c5c5c5;grid-template-columns:20% auto\"><figure class=\"wp-block-media-text__media\"><img loading=\"lazy\" decoding=\"async\" width=\"150\" height=\"200\" src=\"https:\/\/www.vorarlberger-walservereinigung.at\/vwvwp\/wp-content\/uploads\/2015\/06\/laterns.gif\" alt=\"\" class=\"wp-image-1088 size-full\"\/><\/figure><div class=\"wp-block-media-text__content\">\n<h2 class=\"wp-block-heading\">B\u00fcrgermeister<\/h2>\n\n\n\n<p>Gerold Welte<\/p>\n\n\n\n<h3 class=\"wp-block-heading\">Kontakt:<\/h3>\n\n\n\n<p>Laternserstra\u00dfe 6<br>6830 Laterns<br>&phone; +43 5526 212<br>&#128231; buergermeister@laternsertal.at<\/p>\n<\/div><\/div>\n\n\n\n<h2 class=\"wp-block-heading\">Ortsvertreterin<\/h2>\n\n\n\n<p>Cilly Nesensohn<\/p>\n\n\n\n<h3 class=\"wp-block-heading\">Kontakt:<\/h3>\n\n\n\n<p>Grabenstallstr. 8<br>A-6830 Laterns<br>&phone; +43 650 752 7020<br>&#128231; cilly.nesensohn@gmail.com<\/p>\n\n\n\n<h2 class=\"wp-block-heading\">Geschichte<a href=\"https:\/\/www.vorarlberger-walservereinigung.at\/vwvwp\/wp-content\/uploads\/2017\/05\/laterns.jpg\"><img loading=\"lazy\" decoding=\"async\" class=\"alignright wp-image-11820 size-medium\" title=\"Laterns (Aufnahme Dietmar Breu\u00df)\" src=\"https:\/\/www.vorarlberger-walservereinigung.at\/vwvwp\/wp-content\/uploads\/2017\/05\/laterns-300x202.jpg\" alt=\"\" width=\"300\" height=\"202\" srcset=\"https:\/\/www.vorarlberger-walservereinigung.at\/vwvwp\/wp-content\/uploads\/2017\/05\/laterns-300x202.jpg 300w, https:\/\/www.vorarlberger-walservereinigung.at\/vwvwp\/wp-content\/uploads\/2017\/05\/laterns-768x516.jpg 768w, https:\/\/www.vorarlberger-walservereinigung.at\/vwvwp\/wp-content\/uploads\/2017\/05\/laterns-1024x689.jpg 1024w, https:\/\/www.vorarlberger-walservereinigung.at\/vwvwp\/wp-content\/uploads\/2017\/05\/laterns-150x101.jpg 150w, https:\/\/www.vorarlberger-walservereinigung.at\/vwvwp\/wp-content\/uploads\/2017\/05\/laterns-600x403.jpg 600w, https:\/\/www.vorarlberger-walservereinigung.at\/vwvwp\/wp-content\/uploads\/2017\/05\/laterns.jpg 2048w\" sizes=\"auto, (max-width: 300px) 100vw, 300px\" \/><\/a><\/h2>\n\n\n\n<p>Im Laternsertal herrschte wahrscheinlich, bevor die Walser kamen, reger Sommerbetrieb. Romanen waren es, die hier ein Leben als Holzarbeiter, J\u00e4ger oder Alphirten f\u00fchrten. Noch heute erhaltene r\u00e4toromanische Flurnamen zeugen davon. R\u00e4toromanisch ist auch der Name Laternsertal selbst, wie auch <a href=\"https:\/\/www.vorarlberger-walservereinigung.at\/vwvwp\/damuels\/\">Dam\u00fcls<\/a>, <a href=\"https:\/\/www.vorarlberger-walservereinigung.at\/vwvwp\/fontanella\/\">Fontanella<\/a>, <a href=\"https:\/\/www.vorarlberger-walservereinigung.at\/vwvwp\/raggal\/\">Raggal,<\/a> Marul oder <a href=\"https:\/\/www.vorarlberger-walservereinigung.at\/vwvwp\/galtuer\/\">Galt\u00fcr<\/a>. Als Mons Clauturni taucht der Name erstmals 1177 auf. Viele Jahrhunderte hie\u00df das Tal Glatterns, woraus schlie\u00dflich der heutige Name Laterns wurde.<\/p>\n\n\n\n<!--more-->\n\n\n\n<p>Die Laternser besitzen die \u00e4lteste Vorarlberger Urkunde (im Landesarchiv) \u00fcber die Walser Einwanderung. Am 29. Mai 1313 erhielten Johannes der schmide und Wilhelm der schmide Br\u00fcder, &#8230; Walliser oder aus Wallislandt geb\u00fcrtig, von den Grafen Rudolf II. und Berthold von Montfort das Gut in Glatterns &#8230; als Erblehen.<\/p>\n\n\n\n<h2 class=\"wp-block-heading\">Sehensw\u00fcrdigkeiten:<\/h2>\n\n\n\n<ul class=\"wp-block-list\">\n<li><a href=\"https:\/\/www.vorarlberger-walservereinigung.at\/vwvwp\/uebleschlucht-naturjuwel-im-laternsertal\/\">\u00dcbleschlucht<\/a><\/li>\n\n\n\n<li>Kapelle in Bonacker<\/li>\n\n\n\n<li>Naturschutzgebiet Furka<\/li>\n<\/ul>\n\n\n\n<div class=\"wp-block-buttons is-layout-flex wp-block-buttons-is-layout-flex\">\n<div class=\"wp-block-button has-custom-width wp-block-button__width-100 is-style-outline is-style-outline--1\"><a class=\"wp-block-button__link has-text-color has-link-color wp-element-button\" href=\"https:\/\/www.laterns.at\/\" style=\"color:#c30f1a\" target=\"_blank\" rel=\"noreferrer noopener\">Zur Webseite der Gemeinde Laterns<\/a><\/div>\n<\/div>\n","protected":false},"excerpt":{"rendered":"<p>B\u00fcrgermeister Gerold Welte Kontakt: Laternserstra\u00dfe 66830 Laterns&phone; +43 5526 212&#128231; buergermeister@laternsertal.at Ortsvertreterin Cilly Nesensohn Kontakt: Grabenstallstr. 8A-6830 Laterns&phone; +43 650 752 7020&#128231; cilly.nesensohn@gmail.com Geschichte Im Laternsertal herrschte wahrscheinlich, bevor die Walser kamen, reger Sommerbetrieb. Romanen waren es, die hier ein Leben als Holzarbeiter, J\u00e4ger oder Alphirten f\u00fchrten. Noch heute erhaltene r\u00e4toromanische Flurnamen zeugen davon. R\u00e4toromanisch [&#8230;]<\/p>\n","protected":false},"author":1,"featured_media":0,"comment_status":"closed","ping_status":"closed","sticky":false,"template":"","format":"image","meta":{"ngg_post_thumbnail":0,"footnotes":""},"categories":[20],"tags":[],"taetigkeiten":[],"chronik-jahre":[],"chronik-gemeinden":[],"walserheimat":[],"gebiete":[],"superkategorien":[],"class_list":["post-706","post","type-post","status-publish","format-image","hentry","category-19-gemeinden","post_format-post-format-image"],"_links":{"self":[{"href":"https:\/\/www.vorarlberger-walservereinigung.at\/vwvwp\/wp-json\/wp\/v2\/posts\/706","targetHints":{"allow":["GET"]}}],"collection":[{"href":"https:\/\/www.vorarlberger-walservereinigung.at\/vwvwp\/wp-json\/wp\/v2\/posts"}],"about":[{"href":"https:\/\/www.vorarlberger-walservereinigung.at\/vwvwp\/wp-json\/wp\/v2\/types\/post"}],"author":[{"embeddable":true,"href":"https:\/\/www.vorarlberger-walservereinigung.at\/vwvwp\/wp-json\/wp\/v2\/users\/1"}],"replies":[{"embeddable":true,"href":"https:\/\/www.vorarlberger-walservereinigung.at\/vwvwp\/wp-json\/wp\/v2\/comments?post=706"}],"version-history":[{"count":32,"href":"https:\/\/www.vorarlberger-walservereinigung.at\/vwvwp\/wp-json\/wp\/v2\/posts\/706\/revisions"}],"predecessor-version":[{"id":19149,"href":"https:\/\/www.vorarlberger-walservereinigung.at\/vwvwp\/wp-json\/wp\/v2\/posts\/706\/revisions\/19149"}],"wp:attachment":[{"href":"https:\/\/www.vorarlberger-walservereinigung.at\/vwvwp\/wp-json\/wp\/v2\/media?parent=706"}],"wp:term":[{"taxonomy":"category","embeddable":true,"href":"https:\/\/www.vorarlberger-walservereinigung.at\/vwvwp\/wp-json\/wp\/v2\/categories?post=706"},{"taxonomy":"post_tag","embeddable":true,"href":"https:\/\/www.vorarlberger-walservereinigung.at\/vwvwp\/wp-json\/wp\/v2\/tags?post=706"},{"taxonomy":"taetigkeiten","embeddable":true,"href":"https:\/\/www.vorarlberger-walservereinigung.at\/vwvwp\/wp-json\/wp\/v2\/taetigkeiten?post=706"},{"taxonomy":"chronik-jahre","embeddable":true,"href":"https:\/\/www.vorarlberger-walservereinigung.at\/vwvwp\/wp-json\/wp\/v2\/chronik-jahre?post=706"},{"taxonomy":"chronik-gemeinden","embeddable":true,"href":"https:\/\/www.vorarlberger-walservereinigung.at\/vwvwp\/wp-json\/wp\/v2\/chronik-gemeinden?post=706"},{"taxonomy":"walserheimat","embeddable":true,"href":"https:\/\/www.vorarlberger-walservereinigung.at\/vwvwp\/wp-json\/wp\/v2\/walserheimat?post=706"},{"taxonomy":"gebiete","embeddable":true,"href":"https:\/\/www.vorarlberger-walservereinigung.at\/vwvwp\/wp-json\/wp\/v2\/gebiete?post=706"},{"taxonomy":"superkategorien","embeddable":true,"href":"https:\/\/www.vorarlberger-walservereinigung.at\/vwvwp\/wp-json\/wp\/v2\/superkategorien?post=706"}],"curies":[{"name":"wp","href":"https:\/\/api.w.org\/{rel}","templated":true}]}}