{"id":5305,"date":"2013-04-01T21:01:43","date_gmt":"2013-04-01T19:01:43","guid":{"rendered":"http:\/\/www.vorarlberger-walservereinigung.at\/vwvwp\/?post_type=event&#038;p=5305"},"modified":"2024-03-05T08:50:12","modified_gmt":"2024-03-05T07:50:12","slug":"buchvorstellung-walserweg-vorarlberg-von-stefan-heim","status":"publish","type":"post","link":"https:\/\/www.vorarlberger-walservereinigung.at\/vwvwp\/buchvorstellung-walserweg-vorarlberg-von-stefan-heim\/","title":{"rendered":"&#8222;Walserweg Vorarlberg&#8220; von Stefan Heim"},"content":{"rendered":"\n<div class=\"wp-block-media-text is-stacked-on-mobile\" style=\"grid-template-columns:20% auto\"><figure class=\"wp-block-media-text__media\"><img loading=\"lazy\" decoding=\"async\" width=\"670\" height=\"1024\" src=\"https:\/\/www.vorarlberger-walservereinigung.at\/vwvwp\/wp-content\/uploads\/2016\/11\/walserweg1-670x1024.jpg\" alt=\"\" class=\"wp-image-5306 size-full\" srcset=\"https:\/\/www.vorarlberger-walservereinigung.at\/vwvwp\/wp-content\/uploads\/2016\/11\/walserweg1-670x1024.jpg 670w, https:\/\/www.vorarlberger-walservereinigung.at\/vwvwp\/wp-content\/uploads\/2016\/11\/walserweg1-196x300.jpg 196w, https:\/\/www.vorarlberger-walservereinigung.at\/vwvwp\/wp-content\/uploads\/2016\/11\/walserweg1-98x150.jpg 98w, https:\/\/www.vorarlberger-walservereinigung.at\/vwvwp\/wp-content\/uploads\/2016\/11\/walserweg1-600x917.jpg 600w, https:\/\/www.vorarlberger-walservereinigung.at\/vwvwp\/wp-content\/uploads\/2016\/11\/walserweg1.jpg 765w\" sizes=\"auto, (max-width: 670px) 100vw, 670px\" \/><\/figure><div class=\"wp-block-media-text__content\">\n<p>Der neue <b>Walserweg Vorarlberg<\/b> f\u00fchrt in 25 Etappen zu allen Walsersiedlungen in Vorarlberg, Liechtenstein und Tirol. Der dazugeh\u00f6rige offizielle Wander- und Kulturf\u00fchrer bietet alle wichtigen Informationen zur pers\u00f6nlichen Tourenplanung, erz\u00e4hlt sachkundig von Kultur, Geschichte und Gegenwart der Walser in Vorarlberg und l\u00e4sst die Leserinnen und Leser die Walserorte von ihren sch\u00f6nsten Seiten kennenlernen. Nach dem erfolgreichen Walserweg-Konzept des Schweizer Kantons Graub\u00fcnden, das dem sanften Tourismus verpflichtet ist, ist jetzt auch in Vorarlberg ein kulturhistorischer Weitwanderweg entstanden.<\/p>\n<\/div><\/div>\n\n\n\n<!--more-->\n\n\n\n<p>In 25 Etappen geht es vom Brandnertal \u00fcber Triesenberg zum D\u00fcnserberg und \u00fcber Laterns und Ebnit nach Dam\u00fcls, weiter \u00fcber das Gro\u00dfe und Kleine Walsertal zum Tannberg und durch das Silbertal nach Galt\u00fcr.<\/p>\n\n\n\n<p>Der Autor Stefan Heim ist langj\u00e4hriger Chronist und Archivar der Gemeinde Mittelberg im Kleinwalsertal und profunder Kenner der Walserkultur. Gemeinsam mit der Vorarlberger Walservereinigung hat er den Walserweg Vorarlberg konzipiert und recherchiert. Mehr Informationen zum Walserweg unter <a href=\"http:\/\/www.walserweg.com\/\" target=\"_blank\" rel=\"noopener noreferrer\">www.walserweg.com<\/a>.<\/p>\n","protected":false},"excerpt":{"rendered":"<p>Der neue Walserweg Vorarlberg f\u00fchrt in 25 Etappen zu allen Walsersiedlungen in Vorarlberg, Liechtenstein und Tirol. Der dazugeh\u00f6rige offizielle Wander- und Kulturf\u00fchrer bietet alle wichtigen Informationen zur pers\u00f6nlichen Tourenplanung, erz\u00e4hlt sachkundig von Kultur, Geschichte und Gegenwart der Walser in Vorarlberg und l\u00e4sst die Leserinnen und Leser die Walserorte von ihren sch\u00f6nsten Seiten kennenlernen. Nach dem [&#8230;]<\/p>\n","protected":false},"author":1,"featured_media":5306,"comment_status":"closed","ping_status":"closed","sticky":false,"template":"","format":"image","meta":{"ngg_post_thumbnail":0,"footnotes":""},"categories":[416],"tags":[],"taetigkeiten":[],"chronik-jahre":[],"chronik-gemeinden":[],"walserheimat":[],"gebiete":[],"superkategorien":[],"class_list":["post-5305","post","type-post","status-publish","format-image","has-post-thumbnail","hentry","category-literatur","post_format-post-format-image"],"_links":{"self":[{"href":"https:\/\/www.vorarlberger-walservereinigung.at\/vwvwp\/wp-json\/wp\/v2\/posts\/5305","targetHints":{"allow":["GET"]}}],"collection":[{"href":"https:\/\/www.vorarlberger-walservereinigung.at\/vwvwp\/wp-json\/wp\/v2\/posts"}],"about":[{"href":"https:\/\/www.vorarlberger-walservereinigung.at\/vwvwp\/wp-json\/wp\/v2\/types\/post"}],"author":[{"embeddable":true,"href":"https:\/\/www.vorarlberger-walservereinigung.at\/vwvwp\/wp-json\/wp\/v2\/users\/1"}],"replies":[{"embeddable":true,"href":"https:\/\/www.vorarlberger-walservereinigung.at\/vwvwp\/wp-json\/wp\/v2\/comments?post=5305"}],"version-history":[{"count":8,"href":"https:\/\/www.vorarlberger-walservereinigung.at\/vwvwp\/wp-json\/wp\/v2\/posts\/5305\/revisions"}],"predecessor-version":[{"id":18829,"href":"https:\/\/www.vorarlberger-walservereinigung.at\/vwvwp\/wp-json\/wp\/v2\/posts\/5305\/revisions\/18829"}],"wp:featuredmedia":[{"embeddable":true,"href":"https:\/\/www.vorarlberger-walservereinigung.at\/vwvwp\/wp-json\/wp\/v2\/media\/5306"}],"wp:attachment":[{"href":"https:\/\/www.vorarlberger-walservereinigung.at\/vwvwp\/wp-json\/wp\/v2\/media?parent=5305"}],"wp:term":[{"taxonomy":"category","embeddable":true,"href":"https:\/\/www.vorarlberger-walservereinigung.at\/vwvwp\/wp-json\/wp\/v2\/categories?post=5305"},{"taxonomy":"post_tag","embeddable":true,"href":"https:\/\/www.vorarlberger-walservereinigung.at\/vwvwp\/wp-json\/wp\/v2\/tags?post=5305"},{"taxonomy":"taetigkeiten","embeddable":true,"href":"https:\/\/www.vorarlberger-walservereinigung.at\/vwvwp\/wp-json\/wp\/v2\/taetigkeiten?post=5305"},{"taxonomy":"chronik-jahre","embeddable":true,"href":"https:\/\/www.vorarlberger-walservereinigung.at\/vwvwp\/wp-json\/wp\/v2\/chronik-jahre?post=5305"},{"taxonomy":"chronik-gemeinden","embeddable":true,"href":"https:\/\/www.vorarlberger-walservereinigung.at\/vwvwp\/wp-json\/wp\/v2\/chronik-gemeinden?post=5305"},{"taxonomy":"walserheimat","embeddable":true,"href":"https:\/\/www.vorarlberger-walservereinigung.at\/vwvwp\/wp-json\/wp\/v2\/walserheimat?post=5305"},{"taxonomy":"gebiete","embeddable":true,"href":"https:\/\/www.vorarlberger-walservereinigung.at\/vwvwp\/wp-json\/wp\/v2\/gebiete?post=5305"},{"taxonomy":"superkategorien","embeddable":true,"href":"https:\/\/www.vorarlberger-walservereinigung.at\/vwvwp\/wp-json\/wp\/v2\/superkategorien?post=5305"}],"curies":[{"name":"wp","href":"https:\/\/api.w.org\/{rel}","templated":true}]}}