{"id":3044,"date":"2016-08-05T22:07:49","date_gmt":"2016-08-05T20:07:49","guid":{"rendered":"http:\/\/www.wordpress.vorarlberger-walservereinigung.at\/?p=3044"},"modified":"2017-05-06T22:47:52","modified_gmt":"2017-05-06T20:47:52","slug":"walserheimat-99-august-2016","status":"publish","type":"post","link":"https:\/\/www.vorarlberger-walservereinigung.at\/vwvwp\/walserheimat-99-august-2016\/","title":{"rendered":"Walserheimat  99, August 2016"},"content":{"rendered":"<p><img loading=\"lazy\" decoding=\"async\" width=\"226\" height=\"300\" title=\"Walserheimat 99, August 2016\" class=\"alignleft wp-image-10013 size-medium\" alt=\"Walserheimat 99, August 2016\" src=\"https:\/\/www.vorarlberger-walservereinigung.at\/vwvwp\/wp-content\/uploads\/2016\/08\/WH99-226x300.jpg\" srcset=\"https:\/\/www.vorarlberger-walservereinigung.at\/vwvwp\/wp-content\/uploads\/2016\/08\/WH99-226x300.jpg 226w, https:\/\/www.vorarlberger-walservereinigung.at\/vwvwp\/wp-content\/uploads\/2016\/08\/WH99-768x1019.jpg 768w, https:\/\/www.vorarlberger-walservereinigung.at\/vwvwp\/wp-content\/uploads\/2016\/08\/WH99.jpg 772w, https:\/\/www.vorarlberger-walservereinigung.at\/vwvwp\/wp-content\/uploads\/2016\/08\/WH99-113x150.jpg 113w\" sizes=\"auto, (max-width: 226px) 100vw, 226px\" \/><\/p>\n<h2><span style=\"color: rgb(51, 102, 255);\">Walser fern der Heimat<\/span><\/h2>\n<p>Mit Beitr\u00e4gen von und \u00fcber Walser in aller Welt<\/p>\n<p>von Jodok M\u00fcller, Eliane Fritz, David Ganahl u.a.<!--more--><\/p>\n\n<table id=\"tablepress-99\" class=\"tablepress tablepress-id-99\">\n<thead>\n<tr class=\"row-1\">\n\t<th class=\"column-1\">Autor<\/th><th class=\"column-2\">Beitrag<\/th><th class=\"column-3\">Seite<\/th>\n<\/tr>\n<\/thead>\n<tbody class=\"row-striping row-hover\">\n<tr class=\"row-2\">\n\t<td class=\"column-1\">        Barbara Fritz        <\/td><td class=\"column-2\">        Vorwort        <\/td><td class=\"column-3\">         646        <\/td>\n<\/tr>\n<tr class=\"row-3\">\n\t<td class=\"column-1\">        Daniela Beck        <\/td><td class=\"column-2\"><a href=\"http:\/\/www.vorarlberger-walservereinigung.at\/vwvwp\/das-walserische-im-obergrecht\/\">Das Walserische im Obergrecht <\/a>       <\/td><td class=\"column-3\">         647        <\/td>\n<\/tr>\n<tr class=\"row-4\">\n\t<td class=\"column-1\">        Jodok M\u00fcller        <\/td><td class=\"column-2\">            <a href=\"http:\/\/www.vorarlberger-walservereinigung.at\/vwvwp\/events\/event\/15-walsertag-und-49-generalversammlung\/\">15. Walser Kirchentag und 49. Generalversammlung<br \/>\n<\/a>    <\/td><td class=\"column-3\">         652        <\/td>\n<\/tr>\n<tr class=\"row-5\">\n\t<td class=\"column-1\">        Hans Netzer        <\/td><td class=\"column-2\">        Der Silbertaler Fl\u00fcgelaltar        <\/td><td class=\"column-3\">         654        <\/td>\n<\/tr>\n<tr class=\"row-6\">\n\t<td class=\"column-1\">        Max Pfl\u00fcgler        <\/td><td class=\"column-2\">        Heann und Deann        <\/td><td class=\"column-3\">         656        <\/td>\n<\/tr>\n<tr class=\"row-7\">\n\t<td class=\"column-1\">        Jodok M\u00fcller        <\/td><td class=\"column-2\">        Mathias Kessler, New York, USA        <\/td><td class=\"column-3\">         658        <\/td>\n<\/tr>\n<tr class=\"row-8\">\n\t<td class=\"column-1\">        Amanda Nesensohn        <\/td><td class=\"column-2\">        Mathias Breuss, Schweden        <\/td><td class=\"column-3\">         662        <\/td>\n<\/tr>\n<tr class=\"row-9\">\n\t<td class=\"column-1\">        David Ganahl        <\/td><td class=\"column-2\">        Richard Erhart, Shanghai, China        <\/td><td class=\"column-3\">         665        <\/td>\n<\/tr>\n<tr class=\"row-10\">\n\t<td class=\"column-1\">        David Ganahl        <\/td><td class=\"column-2\">        Patrick Burtscher, Melbourne, Australien        <\/td><td class=\"column-3\">         668        <\/td>\n<\/tr>\n<tr class=\"row-11\">\n\t<td class=\"column-1\">        Jodok M\u00fcller        <\/td><td class=\"column-2\">        Markus Bischof, Norwegen<\/td><td class=\"column-3\">         670        <\/td>\n<\/tr>\n<tr class=\"row-12\">\n\t<td class=\"column-1\">        Elisabeth Babich-Fritz        <\/td><td class=\"column-2\">        Elisabeth Babich-Fritz, Alaska, USA<\/td><td class=\"column-3\">         674        <\/td>\n<\/tr>\n<tr class=\"row-13\">\n\t<td class=\"column-1\">        Jodok M\u00fcller        <\/td><td class=\"column-2\">        Alois Salner, Wien        <\/td><td class=\"column-3\">         679        <\/td>\n<\/tr>\n<tr class=\"row-14\">\n\t<td class=\"column-1\">        Hubert Sele        <\/td><td class=\"column-2\">        Josef Sele (Seppli), USA        <\/td><td class=\"column-3\">         683        <\/td>\n<\/tr>\n<tr class=\"row-15\">\n\t<td class=\"column-1\">        David Ganahl        <\/td><td class=\"column-2\">        Andreas Erhart, Taipeh, Taiwan        <\/td><td class=\"column-3\">         688        <\/td>\n<\/tr>\n<tr class=\"row-16\">\n\t<td class=\"column-1\">        Jodok M\u00fcller        <\/td><td class=\"column-2\">        Gottfried Gassner, Wien        <\/td><td class=\"column-3\">         692        <\/td>\n<\/tr>\n<tr class=\"row-17\">\n\t<td class=\"column-1\">        Eduard Amann        <\/td><td class=\"column-2\">        Eduard Amann, Kanada        <\/td><td class=\"column-3\">         697        <\/td>\n<\/tr>\n<tr class=\"row-18\">\n\t<td class=\"column-1\">        Ferdinand Zech        <\/td><td class=\"column-2\">        Ferdinand Zech, Baumg\u00e4rtle, BRD        <\/td><td class=\"column-3\">         701        <\/td>\n<\/tr>\n<tr class=\"row-19\">\n\t<td class=\"column-1\">        Jodok M\u00fcller        <\/td><td class=\"column-2\">        Josef Bitschnau, Johannesburg        <\/td><td class=\"column-3\">         704        <\/td>\n<\/tr>\n<tr class=\"row-20\">\n\t<td class=\"column-1\">        Eliane Fritz        <\/td><td class=\"column-2\">        Christine Mathies, Sydney, Australien        <\/td><td class=\"column-3\">         706<\/td>\n<\/tr>\n<tr class=\"row-21\">\n\t<td class=\"column-1\">        Marion Burger        <\/td><td class=\"column-2\">        Marion Burger, Cuenca, Ecuador        <\/td><td class=\"column-3\">         709<br \/>\n<\/td>\n<\/tr>\n<tr class=\"row-22\">\n\t<td class=\"column-1\">        Monika G\u00e4rtner        <\/td><td class=\"column-2\">        Rosa Schuler, Missionarin in Afrika<\/td><td class=\"column-3\">         711<br \/>\n<\/td>\n<\/tr>\n<tr class=\"row-23\">\n\t<td class=\"column-1\">        \u00a0        <\/td><td class=\"column-2\"><a href=\"http:\/\/www.vorarlberger-walservereinigung.at\/vwvwp\/events\/event\/19-internationales-walsertreffen\/\">19. Internationales Walsertreffen in Arosa 2016<\/a>       <\/td><td class=\"column-3\">         713        <\/td>\n<\/tr>\n<tr class=\"row-24\">\n\t<td class=\"column-1\">        \u00a0        <\/td><td class=\"column-2\">        B\u00fccher, Literaturliste        <\/td><td class=\"column-3\">       714<\/td>\n<\/tr>\n<\/tbody>\n<\/table>\n<!-- #tablepress-99 from cache -->\n","protected":false},"excerpt":{"rendered":"<p>Walser fern der Heimat Mit Beitr\u00e4gen von und \u00fcber Walser in aller Welt von Jodok M\u00fcller, Eliane Fritz, David Ganahl u.a. (mehr\u00a0&hellip;)<\/p>\n","protected":false},"author":1,"featured_media":0,"comment_status":"closed","ping_status":"closed","sticky":false,"template":"","format":"image","meta":{"ngg_post_thumbnail":0,"footnotes":""},"categories":[12],"tags":[],"taetigkeiten":[],"chronik-jahre":[],"chronik-gemeinden":[],"walserheimat":[458],"gebiete":[],"superkategorien":[],"class_list":["post-3044","post","type-post","status-publish","format-image","hentry","category-zeitschrift","post_format-post-format-image","walserheimat-wh99"],"_links":{"self":[{"href":"https:\/\/www.vorarlberger-walservereinigung.at\/vwvwp\/wp-json\/wp\/v2\/posts\/3044","targetHints":{"allow":["GET"]}}],"collection":[{"href":"https:\/\/www.vorarlberger-walservereinigung.at\/vwvwp\/wp-json\/wp\/v2\/posts"}],"about":[{"href":"https:\/\/www.vorarlberger-walservereinigung.at\/vwvwp\/wp-json\/wp\/v2\/types\/post"}],"author":[{"embeddable":true,"href":"https:\/\/www.vorarlberger-walservereinigung.at\/vwvwp\/wp-json\/wp\/v2\/users\/1"}],"replies":[{"embeddable":true,"href":"https:\/\/www.vorarlberger-walservereinigung.at\/vwvwp\/wp-json\/wp\/v2\/comments?post=3044"}],"version-history":[{"count":32,"href":"https:\/\/www.vorarlberger-walservereinigung.at\/vwvwp\/wp-json\/wp\/v2\/posts\/3044\/revisions"}],"predecessor-version":[{"id":11652,"href":"https:\/\/www.vorarlberger-walservereinigung.at\/vwvwp\/wp-json\/wp\/v2\/posts\/3044\/revisions\/11652"}],"wp:attachment":[{"href":"https:\/\/www.vorarlberger-walservereinigung.at\/vwvwp\/wp-json\/wp\/v2\/media?parent=3044"}],"wp:term":[{"taxonomy":"category","embeddable":true,"href":"https:\/\/www.vorarlberger-walservereinigung.at\/vwvwp\/wp-json\/wp\/v2\/categories?post=3044"},{"taxonomy":"post_tag","embeddable":true,"href":"https:\/\/www.vorarlberger-walservereinigung.at\/vwvwp\/wp-json\/wp\/v2\/tags?post=3044"},{"taxonomy":"taetigkeiten","embeddable":true,"href":"https:\/\/www.vorarlberger-walservereinigung.at\/vwvwp\/wp-json\/wp\/v2\/taetigkeiten?post=3044"},{"taxonomy":"chronik-jahre","embeddable":true,"href":"https:\/\/www.vorarlberger-walservereinigung.at\/vwvwp\/wp-json\/wp\/v2\/chronik-jahre?post=3044"},{"taxonomy":"chronik-gemeinden","embeddable":true,"href":"https:\/\/www.vorarlberger-walservereinigung.at\/vwvwp\/wp-json\/wp\/v2\/chronik-gemeinden?post=3044"},{"taxonomy":"walserheimat","embeddable":true,"href":"https:\/\/www.vorarlberger-walservereinigung.at\/vwvwp\/wp-json\/wp\/v2\/walserheimat?post=3044"},{"taxonomy":"gebiete","embeddable":true,"href":"https:\/\/www.vorarlberger-walservereinigung.at\/vwvwp\/wp-json\/wp\/v2\/gebiete?post=3044"},{"taxonomy":"superkategorien","embeddable":true,"href":"https:\/\/www.vorarlberger-walservereinigung.at\/vwvwp\/wp-json\/wp\/v2\/superkategorien?post=3044"}],"curies":[{"name":"wp","href":"https:\/\/api.w.org\/{rel}","templated":true}]}}