{"id":2513,"date":"2016-04-23T21:31:26","date_gmt":"2016-04-23T19:31:26","guid":{"rendered":"http:\/\/www.wordpress.vorarlberger-walservereinigung.at\/?p=2513"},"modified":"2017-02-25T23:08:10","modified_gmt":"2017-02-25T22:08:10","slug":"grundlegendes","status":"publish","type":"post","link":"https:\/\/www.vorarlberger-walservereinigung.at\/vwvwp\/grundlegendes\/","title":{"rendered":"Das Interreg-Projekt &#8222;Walser Alps&#8220;"},"content":{"rendered":"<p><img loading=\"lazy\" decoding=\"async\" class=\"alignleft size-full wp-image-2635\" src=\"https:\/\/www.vorarlberger-walservereinigung.at\/vwvwp\/wp-content\/uploads\/2016\/04\/interreg.gif\" alt=\"interreg\" width=\"169\" height=\"87\">Im Rahmen der Gemeinschaftsinitiative INTERREG III B der Europ\u00e4ischen Union haben die \u00fcber den gesamten Alpenraum verstreuten Walserorganisationen unter der F\u00fchrung des Leitpartners der Regione Autonoma Valle d&#8217;Aosta, ein Projekt eingereicht: &#8222;Walser Alps &#8211; Moderne und Tradition im Herzen Europas&#8220;.<\/p>\n<p>Von insgesamt 22 Projekten wurden acht bewilligt, darunter das Projekt der Walser.<!--more--><\/p>\n<p>&#8222;Walser Alps&#8220; ist ein Pilotprojekt, das am Beispiel der Walser erm\u00f6glichen soll &#8211; exemplarisch f\u00fcr viele Standorte im europ\u00e4ischen zentralen Alpenraum &#8211; den \u00dcbergang der vorindustriellen in eine wettbewerbsf\u00e4hige, nachhaltige postindustrielle Gesellschaft zu studieren.<\/p>\n<p>Auf der einen Seite hat die Walser-Thematik in den letzten drei bis vier Jahrzehnten sowohl bei den Walsern selbst wie auch in anderen Kreisen gro\u00dfes Interesse geweckt. Anderseits h\u00f6rt und liest man von Abwanderung aus Walsergebieten, von schwindender Walserkultur, von aussterbendem Walserdeutsch.<\/p>\n<p>Um zu verhindern, dass das Walsertum bald einmal nur noch in B\u00fcchern und Museen anzutreffen sein wird, bietet das INTERREG-Projekt eine einmalige Chance. Es kann einen entscheidenden Beitrag dazu leisten, dass sich die Walser bewusst werden, welche Werte sich hinter ihrer Identit\u00e4t, ihrer Kultur und ihren Lebensr\u00e4umen verbergen.<\/p>\n<p>Nachfolgende Ziele sollten dabei erreicht werden:<\/p>\n<ul>\n<li>Die Walser begeistern sich f\u00fcr die Walsergemeinschaft mit ihrer postindustriellen Identit\u00e4t.<\/li>\n<li>Walserdeutsch ist eine lebendige und sich entwickelnde Sprache einer selbstbewussten alpinen Minderheit.<\/li>\n<li>Die Walserorganisationen positionieren sich als professionell arbeitende, unabh\u00e4ngige Kulturdrehscheiben in den Alpen.<\/li>\n<li>Die Walsergemeinden st\u00e4rken ihr Entwicklungspotential durch die nachhaltige Entwicklung ihrer eigenen Kulturlandschaft.<\/li>\n<li>Junge Walserinnen und Walser sind in die Entscheidungsprozesse in Vereinen und Gemeinden eingebunden.<\/li>\n<\/ul>\n<p>Das Projekt ist in acht so genannte Work Packages (WP) gegliedert.<\/p>\n<p>Work Package 1<br \/>\n Transnationale Vorbereitung und Aufbau der Partnerschaft.<\/p>\n<p>Work Package 2<br \/>\n Transnationales Management.<\/p>\n<p>Work Package 3<br \/>\n Internes Projektmanagement.<\/p>\n<p>Work Package 4<br \/>\n &#8222;Kommunikations-Fenster&#8220;: Postindustrielle Walser Identit\u00e4t &#8211; Koh\u00e4sion zwischen den Generationen<br \/>\n Verantwortung: Vorarlberger Walservereinigung<\/p>\n<p>Work Package 5<br \/>\n &#8222;Kulturerbe-Fenster&#8220;: Walser Alpen gestern &#8211; Transfer des kulturellen Erbes zu den Kindern<br \/>\n Verantwortung: Provinz Verbano-Cusio-Ossola<\/p>\n<p>Work Package 6<br \/>\n &#8222;Alltags-Fenster&#8220;: Walser Alpen heute &#8211; Aneignung des kulturellen Erbes durch die Gesellschaft<br \/>\n Verantwortung: Region Aosta<\/p>\n<p>Work Package 7<br \/>\n &#8222;Landschafts-Fenster&#8220;: Walser Alpen morgen &#8211; Vorhersagen f\u00fcr die Gemeindeentwicklung<br \/>\n Verantwortung: Walservereinigung Graub\u00fcnden<\/p>\n<p>Work Package 8<br \/>\n &#8222;Identit\u00e4ts-Fenster&#8220;: Postindustrielle Identit\u00e4t und Koh\u00e4sion zwischen den Walsern<br \/>\n Verantwortung: Internationale Vereinigung f\u00fcr Walsertum<\/p>\n","protected":false},"excerpt":{"rendered":"<p>Im Rahmen der Gemeinschaftsinitiative INTERREG III B der Europ\u00e4ischen Union haben die \u00fcber den gesamten Alpenraum verstreuten Walserorganisationen unter der F\u00fchrung des Leitpartners der Regione Autonoma Valle d&#8217;Aosta, ein Projekt eingereicht: &#8222;Walser Alps &#8211; Moderne und Tradition im Herzen Europas&#8220;. Von insgesamt 22 Projekten wurden acht bewilligt, darunter das Projekt der Walser. (mehr\u00a0&hellip;)<\/p>\n","protected":false},"author":1,"featured_media":0,"comment_status":"closed","ping_status":"closed","sticky":false,"template":"","format":"image","meta":{"ngg_post_thumbnail":0,"footnotes":""},"categories":[417],"tags":[],"taetigkeiten":[],"chronik-jahre":[],"chronik-gemeinden":[],"walserheimat":[],"gebiete":[],"superkategorien":[],"class_list":["post-2513","post","type-post","status-publish","format-image","hentry","category-interreg","post_format-post-format-image"],"_links":{"self":[{"href":"https:\/\/www.vorarlberger-walservereinigung.at\/vwvwp\/wp-json\/wp\/v2\/posts\/2513","targetHints":{"allow":["GET"]}}],"collection":[{"href":"https:\/\/www.vorarlberger-walservereinigung.at\/vwvwp\/wp-json\/wp\/v2\/posts"}],"about":[{"href":"https:\/\/www.vorarlberger-walservereinigung.at\/vwvwp\/wp-json\/wp\/v2\/types\/post"}],"author":[{"embeddable":true,"href":"https:\/\/www.vorarlberger-walservereinigung.at\/vwvwp\/wp-json\/wp\/v2\/users\/1"}],"replies":[{"embeddable":true,"href":"https:\/\/www.vorarlberger-walservereinigung.at\/vwvwp\/wp-json\/wp\/v2\/comments?post=2513"}],"version-history":[{"count":9,"href":"https:\/\/www.vorarlberger-walservereinigung.at\/vwvwp\/wp-json\/wp\/v2\/posts\/2513\/revisions"}],"predecessor-version":[{"id":2637,"href":"https:\/\/www.vorarlberger-walservereinigung.at\/vwvwp\/wp-json\/wp\/v2\/posts\/2513\/revisions\/2637"}],"wp:attachment":[{"href":"https:\/\/www.vorarlberger-walservereinigung.at\/vwvwp\/wp-json\/wp\/v2\/media?parent=2513"}],"wp:term":[{"taxonomy":"category","embeddable":true,"href":"https:\/\/www.vorarlberger-walservereinigung.at\/vwvwp\/wp-json\/wp\/v2\/categories?post=2513"},{"taxonomy":"post_tag","embeddable":true,"href":"https:\/\/www.vorarlberger-walservereinigung.at\/vwvwp\/wp-json\/wp\/v2\/tags?post=2513"},{"taxonomy":"taetigkeiten","embeddable":true,"href":"https:\/\/www.vorarlberger-walservereinigung.at\/vwvwp\/wp-json\/wp\/v2\/taetigkeiten?post=2513"},{"taxonomy":"chronik-jahre","embeddable":true,"href":"https:\/\/www.vorarlberger-walservereinigung.at\/vwvwp\/wp-json\/wp\/v2\/chronik-jahre?post=2513"},{"taxonomy":"chronik-gemeinden","embeddable":true,"href":"https:\/\/www.vorarlberger-walservereinigung.at\/vwvwp\/wp-json\/wp\/v2\/chronik-gemeinden?post=2513"},{"taxonomy":"walserheimat","embeddable":true,"href":"https:\/\/www.vorarlberger-walservereinigung.at\/vwvwp\/wp-json\/wp\/v2\/walserheimat?post=2513"},{"taxonomy":"gebiete","embeddable":true,"href":"https:\/\/www.vorarlberger-walservereinigung.at\/vwvwp\/wp-json\/wp\/v2\/gebiete?post=2513"},{"taxonomy":"superkategorien","embeddable":true,"href":"https:\/\/www.vorarlberger-walservereinigung.at\/vwvwp\/wp-json\/wp\/v2\/superkategorien?post=2513"}],"curies":[{"name":"wp","href":"https:\/\/api.w.org\/{rel}","templated":true}]}}