{"id":19796,"date":"2026-03-02T15:30:17","date_gmt":"2026-03-02T14:30:17","guid":{"rendered":"https:\/\/www.vorarlberger-walservereinigung.at\/vwvwp\/?p=19796"},"modified":"2026-03-02T16:02:24","modified_gmt":"2026-03-02T15:02:24","slug":"chronik-2025-warth","status":"publish","type":"post","link":"https:\/\/www.vorarlberger-walservereinigung.at\/vwvwp\/chronik-2025-warth\/","title":{"rendered":"Chronik 2025 Warth"},"content":{"rendered":"\n<h2 class=\"wp-block-heading\"><img loading=\"lazy\" decoding=\"async\" width=\"50\" height=\"66\" class=\"wp-image-1099\" style=\"width: 50px;\" src=\"https:\/\/www.vorarlberger-walservereinigung.at\/vwvwp\/wp-content\/uploads\/2015\/06\/warth.gif\" alt=\"\"> Das Jahr 2025 in der Gemeinde <a href=\"https:\/\/www.vorarlberger-walservereinigung.at\/vwvwp\/?p=726\">Warth<\/a><\/h2>\n\n\n\n<!--more-->\n\n\n\n<p>Die Skilifte Warth, gegr\u00fcndet 1963, sind f\u00fcr viele Einheimische und Menschen aus den Nachbarorten ein begehrter Arbeitgeber. Die Firma hat im Januar wieder langj\u00e4hrige Mitarbeiter geehrt, die 10, 20 oder 30 Jahre gearbeitet haben.<\/p>\n\n\n\n<p>Am 19. J\u00e4nner fand die Patroziniumsfeier der Kirche Warth zum hl. Sebastian statt. Pfarrer Johannes Kolasa erinnerte an den hl. Sebastian, einen K\u00e4mpfer und Soldaten, der im 2. Jahrhundert in Rom lebte und als M\u00e4rtyrer verehrt wurde. Der Gottesdienst wurde von der Blechgruppe und dem Organisten musikalisch umrahmt. Pfarrer Johannes dankte dem Pfarrkirchen- und dem Pfarrgemeinderat sowie allen ehrenamtlichen Helfern f\u00fcr ihr Engagement.<\/p>\n\n\n\n<p>1926 wurde die Skischule Warth von Otto Fritz, staatlich gepr\u00fcfter Skilehrer, und Prof. Dietrich, Besitzer des Hotels Biberkopf, gegr\u00fcndet. Otto Fritz leitete die Skischule Warth 45 Jahre lang, Richard Fritz zehn Jahre, Gebhard Fritz 20 Jahre, Hubert Strolz zehn Jahre und seit 15 Jahren ist Mathias Fritz der Chef. Mit der offiziellen Er\u00f6ffnung des neuen Geb\u00e4udes \u201eBasecamp Skischule Warth\u201c wurde ein Meilenstein gesetzt und gleichzeitig 100 Jahre Skischule Warth gefeiert. Pfarrer Kolasa segnete das neue Geb\u00e4ude. Das Haus liegt direkt an der Talstation der Steffisalpbahn und bietet 30 komfortable Wohneinheiten f\u00fcr Skilehrer und ein Restaurant.<\/p>\n\n\n\n<p>Im M\u00e4rz wurden die neun Gemeindevertreter nach dem Mehrheitswahlrecht neu gew\u00e4hlt. B\u00fcrgermeister Stefan Strolz wurde in seinem Amt best\u00e4tigt. In den Gemeindevorstand wurden Vizeb\u00fcrgermeister Harald Bickel sowie Markus Roiderer und Christoph Wei\u00dfenbach gew\u00e4hlt.<\/p>\n\n\n\n<p>\u201eAlle gegen Olympiasieger Johannes Strolz\u201c hie\u00df das Skievent an der Wartherhornpiste am 6. April mit 100 Teilnehmern. Die Zeit von 25:86 Sekunden von Johannes musste geschlagen werden. Am n\u00e4chsten heran kam der ehemalige Kaderl\u00e4ufer Linus Leitner aus Schr\u00f6cken mit der Zeit von 28:29. Das Event wurde organisiert von Skiclub Warth, Tourismus Warth-Schr\u00f6cken und Skischule Warth.<\/p>\n\n\n\n<p>Am 21. M\u00e4rz wurde von der Skischule Warth die Bregenzerw\u00e4lder Skilehrermeisterschaft mit 150 Teilnehmern bei hervorragenden Bedingungen auf der Wartherhornpiste durchgef\u00fchrt. Tagesschnellste waren David Bischof aus Dam\u00fcls und Magdalena Kappaurer aus Mellau.<\/p>\n\n\n\n<p>Die Warther Skivereinsmeisterschaft wurde wieder am allerletzten Saisonstag, am 19.April, auf der noch hervorragend pr\u00e4parierten Skipiste am Wannenkopf mit zwei Durchg\u00e4ngen und 27 Teilnehmern durchgef\u00fchrt. Der schnellere von beiden L\u00e4ufen wurde gewertet. Die j\u00fcngsten Teilnehmer mit kaum vier Jahren absolvierten dieselbe Strecke wie die Erwachsenen. Vereinsmeisterin wurde Belinda Fritz, Vereinsmeister Mathias Fritz. Die schnellsten Kinder waren Valentina Moll und Oswald J\u00e4ger. Der schnellste Jugendliche war Samuel Huber.<\/p>\n\n\n<div class=\"wp-block-image\">\n<figure class=\"aligncenter size-full\"><img loading=\"lazy\" decoding=\"async\" width=\"632\" height=\"294\" src=\"https:\/\/www.vorarlberger-walservereinigung.at\/vwvwp\/wp-content\/uploads\/2026\/02\/Wart_2025-1.jpg\" alt=\"Kinder des Warther Schiclubs im Schnee\" class=\"wp-image-19800\" srcset=\"https:\/\/www.vorarlberger-walservereinigung.at\/vwvwp\/wp-content\/uploads\/2026\/02\/Wart_2025-1.jpg 632w, https:\/\/www.vorarlberger-walservereinigung.at\/vwvwp\/wp-content\/uploads\/2026\/02\/Wart_2025-1-300x140.jpg 300w\" sizes=\"auto, (max-width: 632px) 100vw, 632px\" \/><figcaption class=\"wp-element-caption\">F\u00fcr den Winter 2025\/26 konnte der Skiclub Warth alle Kinder, die Vereinsmitglied sind, mit einem warmen, wasserdichten und farbenfrohen Skianzug neu einkleiden. Die Skischule Warth \u00fcbernahm die Finanzierung mit einem geringen Selbstbehalt von 100 Euro. Foto: Alois Bickel<\/figcaption><\/figure>\n<\/div>\n\n\n<p>Bei der Ortsfeuerwehr Warth wurde Gemeindevorstand Christoph Wei\u00dfenbach zum neuen Kommandanten gew\u00e4hlt. Gemeindebediensteter Werner Ulse\u00df legte nach vielen Jahren die T\u00e4tigkeit als Kommandant zur\u00fcck. Ihm sei f\u00fcr die umsichtige und gewissenhafte Arbeit gedankt. Bei einem feierlichen Abend im Hotel Warther Hof wurden einige langgediente Feuerwehrm\u00e4nner und -frauen f\u00fcr ihre wertvollen Verdienste geehrt.<\/p>\n\n\n\n<p>Recht fr\u00fch begannen die ersten Heuarbeiten. In der zweiten Juniwoche, die von Sch\u00f6nwetter gepr\u00e4gt war, wurde an den S\u00fcdlagen schon viel Heu gemacht. Auf den Juni folgte ein sehr verregneter und kalter Juli. Der Rest des Sommers war durchwachsen, der Alpsommer aber sehr gut.<\/p>\n\n\n\n<p>Ein gro\u00dfer Hotelrohbau wurde direkt im Ortszentrum auf dem Platz der bisherigen Pension Bickel errichtet. In Hochkrumbach konnte neben dem Hotel Adler von einem Familienmitglied ein Wohnhaus errichtet werden. Beim Hotel J\u00e4geralpe wurde eine Terrassen\u00fcberdachung angebracht. Im Skigebiet wurde beim Salober Nordhang eine noch fehlende Schneeanlage installiert und an der Bergstation Salober eine Windeinhausung angebracht. Bei der Warther Wasserversorgung wurden alle drei Hemmenquellen neu gefasst und in den Sammelschacht geleitet. Ebenfalls gab es einen Glasfaser-Zusammenschluss zwischen Lechtal und Warth.<\/p>\n\n\n\n<p>Am 24. August, dem h\u00f6chsten Alpfeiertag Bartholom\u00e4us, wurde das neu renovierte Alpkreuz der Alpe Ch\u00f6rb beim Kalbelesee zu Hochkrumbach eingesegnet. Pfarrer Johannes zelebrierte die Einsegnung bei herrlichem Wetter. Viele Alpmitbesitzer,Einheimische und G\u00e4ste sowie die Wartherhorn Alphorngruppe nahmen teil. Der Pfarrer hob diesen symboltr\u00e4chtigen Ort hervor, der seit Jahrhunderten mit dem Kreuz Schutz und Segen f\u00fcr Hirten und Vieh spendet. Der Ort K\u00f6rberkreuz bietet mit dem Bergkranz Widderstein, Biberkopf, Karhorn und Braunarl eines der sch\u00f6nsten Fotomotive weit und breit.<\/p>\n\n\n\n<p>Einen wundersch\u00f6nen Seniorenausflug nach Z\u00fcrs und mit der Sesselbahn hoch zum Z\u00fcrsersee gab es am 18. September. Der Ausflug wurde vom Pfarrgemeinderat organisiert und von der Gemeinde mitfinanziert. Am 12. Dezember fand die j\u00e4hrlich stattfindende Adventfeier f\u00fcr Senioren im Hotel Walserberg statt.<\/p>\n\n\n\n<p>Auch die Simmelmesse beim Friedenskreuz in Hochkrumbach, organisiert von der Theodulbruderschaft Hochtannberg, konnte Ende September wieder abgehalten werden. Die Spenden werden zur Erhaltung der Kapellen und Kirchen auf dem Hochtannberg verwendet.<\/p>\n\n\n\n<p>Im Jahr 2025 gab es vier Geburten und zwei Sterbef\u00e4lle.<\/p>\n\n\n\n<p><em>Gebhard Fritz<\/em><\/p>\n","protected":false},"excerpt":{"rendered":"<p>Das Jahr 2025 in der Gemeinde Warth (mehr\u00a0&hellip;)<\/p>\n","protected":false},"author":1,"featured_media":0,"comment_status":"closed","ping_status":"closed","sticky":false,"template":"","format":"standard","meta":{"ngg_post_thumbnail":0,"footnotes":""},"categories":[72],"tags":[],"taetigkeiten":[],"chronik-jahre":[803],"chronik-gemeinden":[401],"walserheimat":[],"gebiete":[],"superkategorien":[],"class_list":["post-19796","post","type-post","status-publish","format-standard","hentry","category-chroniken","chronik-jahre-803","chronik-gemeinden-warth"],"_links":{"self":[{"href":"https:\/\/www.vorarlberger-walservereinigung.at\/vwvwp\/wp-json\/wp\/v2\/posts\/19796","targetHints":{"allow":["GET"]}}],"collection":[{"href":"https:\/\/www.vorarlberger-walservereinigung.at\/vwvwp\/wp-json\/wp\/v2\/posts"}],"about":[{"href":"https:\/\/www.vorarlberger-walservereinigung.at\/vwvwp\/wp-json\/wp\/v2\/types\/post"}],"author":[{"embeddable":true,"href":"https:\/\/www.vorarlberger-walservereinigung.at\/vwvwp\/wp-json\/wp\/v2\/users\/1"}],"replies":[{"embeddable":true,"href":"https:\/\/www.vorarlberger-walservereinigung.at\/vwvwp\/wp-json\/wp\/v2\/comments?post=19796"}],"version-history":[{"count":10,"href":"https:\/\/www.vorarlberger-walservereinigung.at\/vwvwp\/wp-json\/wp\/v2\/posts\/19796\/revisions"}],"predecessor-version":[{"id":19866,"href":"https:\/\/www.vorarlberger-walservereinigung.at\/vwvwp\/wp-json\/wp\/v2\/posts\/19796\/revisions\/19866"}],"wp:attachment":[{"href":"https:\/\/www.vorarlberger-walservereinigung.at\/vwvwp\/wp-json\/wp\/v2\/media?parent=19796"}],"wp:term":[{"taxonomy":"category","embeddable":true,"href":"https:\/\/www.vorarlberger-walservereinigung.at\/vwvwp\/wp-json\/wp\/v2\/categories?post=19796"},{"taxonomy":"post_tag","embeddable":true,"href":"https:\/\/www.vorarlberger-walservereinigung.at\/vwvwp\/wp-json\/wp\/v2\/tags?post=19796"},{"taxonomy":"taetigkeiten","embeddable":true,"href":"https:\/\/www.vorarlberger-walservereinigung.at\/vwvwp\/wp-json\/wp\/v2\/taetigkeiten?post=19796"},{"taxonomy":"chronik-jahre","embeddable":true,"href":"https:\/\/www.vorarlberger-walservereinigung.at\/vwvwp\/wp-json\/wp\/v2\/chronik-jahre?post=19796"},{"taxonomy":"chronik-gemeinden","embeddable":true,"href":"https:\/\/www.vorarlberger-walservereinigung.at\/vwvwp\/wp-json\/wp\/v2\/chronik-gemeinden?post=19796"},{"taxonomy":"walserheimat","embeddable":true,"href":"https:\/\/www.vorarlberger-walservereinigung.at\/vwvwp\/wp-json\/wp\/v2\/walserheimat?post=19796"},{"taxonomy":"gebiete","embeddable":true,"href":"https:\/\/www.vorarlberger-walservereinigung.at\/vwvwp\/wp-json\/wp\/v2\/gebiete?post=19796"},{"taxonomy":"superkategorien","embeddable":true,"href":"https:\/\/www.vorarlberger-walservereinigung.at\/vwvwp\/wp-json\/wp\/v2\/superkategorien?post=19796"}],"curies":[{"name":"wp","href":"https:\/\/api.w.org\/{rel}","templated":true}]}}