{"id":19773,"date":"2026-03-02T15:02:31","date_gmt":"2026-03-02T14:02:31","guid":{"rendered":"https:\/\/www.vorarlberger-walservereinigung.at\/vwvwp\/?p=19773"},"modified":"2026-03-02T15:58:02","modified_gmt":"2026-03-02T14:58:02","slug":"chronik-2025-schroecken","status":"publish","type":"post","link":"https:\/\/www.vorarlberger-walservereinigung.at\/vwvwp\/chronik-2025-schroecken\/","title":{"rendered":"Chronik 2025 Schr\u00f6cken"},"content":{"rendered":"\n<h2 class=\"wp-block-heading\"><img loading=\"lazy\" decoding=\"async\" width=\"50\" height=\"61\" class=\"wp-image-1092\" style=\"width: 50px;\" src=\"https:\/\/www.vorarlberger-walservereinigung.at\/vwvwp\/wp-content\/uploads\/2015\/06\/schroecken.gif\" alt=\"\"> Das Jahr 2025 in der Gemeinde <a href=\"https:\/\/www.vorarlberger-walservereinigung.at\/vwvwp\/?p=714\">Schr\u00f6cken<\/a><\/h2>\n\n\n\n<!--more-->\n\n\n\n<p>Die Ski-Wintersaison 2024\/2025 konnte trotz insgesamt geringer nat\u00fcrlicher Schneemengen dank des Einsatzes von Maschinenschnee planm\u00e4\u00dfig gestartet werden. Rechtzeitig vor Weihnachten setzten ergiebige Schneef\u00e4lle ein, die innerhalb von f\u00fcnf Tagen eine Gesamtschneeh\u00f6he von 121 cm brachten und in weiterer Folge f\u00fcr gute Pistenverh\u00e4ltnisse \u00fcber den gesamten Winter sorgten. Die Dorfabfahrt nach Schr\u00f6cken konnte am 25. Dezember 2024 in Betrieb genommen werden und blieb bis Mitte M\u00e4rz ge\u00f6ffnet. Auch hier half die erstmalig eingesetzte technische Beschneiung im unteren Bereich der alten Stra\u00dfe.<\/p>\n\n\n\n<p>Die Gesamtschneemenge \u00fcber den Winter hinweg blieb jedoch vergleichsweise sehr niedrig. Von Ende November bis Mitte April wurden insgesamt rund 5,5 Meter Schnee verzeichnet. Die h\u00f6chste Schneelage wurde an der Messstelle K\u00f6rbersee am 29. Januar 2025 mit 133 cm gemessen.<\/p>\n\n\n\n<p>Im touristischen Bereich konnte Schr\u00f6cken erneut ein Rekordergebnis melden. Mit \u00fcber 138.000 \u00dcbernachtungen im Jahr 2025 wurde das Vorjahresergebnis um rund 8.000 N\u00e4chtigungen \u00fcbertroffen.<\/p>\n\n\n\n<p>Ein besonderes \u201eDorffest\u201c konnten wir am Ostermontag, dem 21. April, feiern. An diesem Tag fuhr Herbert Ritter seine letzte Runde als Skibus-Chauffeur. \u00dcber 61 Jahre lang hat er die G\u00e4ste von Schr\u00f6cken ins Skigebiet gefahren und ging nun in Pension. Gesch\u00e4tzt ist er dabei nahezu eine Million Kilometer Bus gefahren. Auf seiner letzten Fahrt begleiteten ihn zahlreiche Einheimische und G\u00e4ste im Bus und bereiteten ihm im \u201eSchr\u00f6ckbach\u201c einen geb\u00fchrenden Empfang.<\/p>\n\n\n\n<p>Baulich wurden im Berichtsjahr einige Vorhaben umgesetzt, darunter die Erweiterung der Tischlerei Schwarzmann in Unterboden, der Umbau des Wirtschaftsgeb\u00e4udes von Petra Jochum in Oberboden zu einem modernen Stallgeb\u00e4ude, die Errichtung eines Einfamilienhauses von Stefan Jochum in der Parzelle Schmitte sowie der Bau einer Beschneiungsanlage am Salober f\u00fcr die Piste 251\/252 durch die Skilifte Schr\u00f6cken. Zudem wurde mit dem Bau des Stra\u00dfenprojektes L200 von Unterboden bis zur Tannbergbr\u00fccke begonnen. Der erste umfangreiche Bauabschnitt konnte dabei abgeschlossen werden.<\/p>\n\n\n\n<p>Das Vereinsleben in Schr\u00f6cken war auch 2025 wieder sehr aktiv. Besonders erw\u00e4hnt an dieser Stelle sei der Ehrungsabend der Musikvereine in der Gemeinde Bizau, bei dem acht Jubilare des Musikvereins Schr\u00f6cken f\u00fcr 25- und 40-j\u00e4hrige Vereinszugeh\u00f6rigkeit ausgezeichnet wurden. Bei der Jahreshauptversammlung am 28. November legte Roland Schwarzmann nach 34 Jahren (!) die Obmannschaft ab und \u00fcbergab diese in j\u00fcngere H\u00e4nde.<\/p>\n\n\n\n<p>Der Funken im Dorfzentrum von Schr\u00f6cken wurde dieses Jahr seinem Namen gerecht. Durch ung\u00fcnstige Windbedingungen kam es zu verst\u00e4rktem Funkenflug, was einen Einsatz der Feuerwehr zum Schutz der Kirche erforderlich machte.<\/p>\n\n\n\n<p>Gro\u00dfen Zuspruch fand auch wieder die Seven-Summits-Tour am 6. September 2025, die bei besten Wetterbedingungen und mit \u00fcber 300 Teilnehmern und Teilnehmerinnen durchgef\u00fchrt wurde.<\/p>\n\n\n\n<p>Die Gemeindevertretungswahlen fanden am 16. M\u00e4rz statt. In der konstituierenden Sitzung der Gemeindevertretung am 3. April 2025 wurde B\u00fcrgermeister Stephan Schwarzmann im Amt best\u00e4tigt.<\/p>\n\n\n\n<p>Leider einen negativen Rekord m\u00fcssen wir hinsichtlich der Kinderzahlen im Kindergarten vermerken. Aufgrund der stark r\u00fcckl\u00e4ufigen Kinderzahlen war ein geregelter Kindergartenbetrieb im Berichtsjahr nicht mehr m\u00f6glich. F\u00fcr das Kindergartenjahr waren lediglich zwei Kinder eingeschrieben, wodurch die organisatorischen, p\u00e4dagogischen und wirtschaftlichen Rahmenbedingungen f\u00fcr einen regul\u00e4ren Betrieb nicht mehr gegeben waren. Aus diesem Grund musste der Kindergarten Schr\u00f6cken vor\u00fcbergehend stillgelegt werden. Die aktuellen Geburten- und Kinderzahlen zeigen hier jedoch wieder eine positive Entwicklung f\u00fcr die Zukunft.<\/p>\n\n\n\n<p>Ein besonderes Ereignis war die Einweihung und Segnung des neu errichteten Gipfelkreuzes auf der H\u00f6ferspitze am 21. September 2025. Zahlreiche freiwillige Helfer trugen das Kreuz einen Monat vorher schwei\u00dftreibend vom Hochtannbergpass auf die H\u00f6ferspitze.<\/p>\n\n\n<div class=\"wp-block-image\">\n<figure class=\"aligncenter size-full\"><img loading=\"lazy\" decoding=\"async\" width=\"632\" height=\"418\" src=\"https:\/\/www.vorarlberger-walservereinigung.at\/vwvwp\/wp-content\/uploads\/2026\/02\/Schroecken_2025-1.jpg\" alt=\"Schwei\u00dftreibender Transport des neuen Gipfelkreuzes auf die H\u00f6ferspitze\" class=\"wp-image-19780\" srcset=\"https:\/\/www.vorarlberger-walservereinigung.at\/vwvwp\/wp-content\/uploads\/2026\/02\/Schroecken_2025-1.jpg 632w, https:\/\/www.vorarlberger-walservereinigung.at\/vwvwp\/wp-content\/uploads\/2026\/02\/Schroecken_2025-1-300x198.jpg 300w\" sizes=\"auto, (max-width: 632px) 100vw, 632px\" \/><figcaption class=\"wp-element-caption\">Schwei\u00dftreibender Transport des neuen Gipfelkreuzes auf die H\u00f6ferspitze<br>Foto: Emanuel Sutterl\u00fcty<\/figcaption><\/figure>\n<\/div>\n\n\n<p>Die Gemeindestatistik verzeichnete im Jahr 2025 drei Geburten und keine Sterbef\u00e4lle.<\/p>\n\n\n\n<p>217 Einwohner hatten ihren Hauptwohnsitz zum Stichtag 1. November 2025 in Schr\u00f6cken.<\/p>\n\n\n\n<p><em>Stephan Schwarzmann<\/em><\/p>\n","protected":false},"excerpt":{"rendered":"<p>Das Jahr 2025 in der Gemeinde Schr\u00f6cken (mehr\u00a0&hellip;)<\/p>\n","protected":false},"author":1,"featured_media":0,"comment_status":"closed","ping_status":"closed","sticky":false,"template":"","format":"standard","meta":{"ngg_post_thumbnail":0,"footnotes":""},"categories":[72],"tags":[],"taetigkeiten":[],"chronik-jahre":[803],"chronik-gemeinden":[395],"walserheimat":[804],"gebiete":[],"superkategorien":[],"class_list":["post-19773","post","type-post","status-publish","format-standard","hentry","category-chroniken","chronik-jahre-803","chronik-gemeinden-schroecken","walserheimat-wh-118"],"_links":{"self":[{"href":"https:\/\/www.vorarlberger-walservereinigung.at\/vwvwp\/wp-json\/wp\/v2\/posts\/19773","targetHints":{"allow":["GET"]}}],"collection":[{"href":"https:\/\/www.vorarlberger-walservereinigung.at\/vwvwp\/wp-json\/wp\/v2\/posts"}],"about":[{"href":"https:\/\/www.vorarlberger-walservereinigung.at\/vwvwp\/wp-json\/wp\/v2\/types\/post"}],"author":[{"embeddable":true,"href":"https:\/\/www.vorarlberger-walservereinigung.at\/vwvwp\/wp-json\/wp\/v2\/users\/1"}],"replies":[{"embeddable":true,"href":"https:\/\/www.vorarlberger-walservereinigung.at\/vwvwp\/wp-json\/wp\/v2\/comments?post=19773"}],"version-history":[{"count":3,"href":"https:\/\/www.vorarlberger-walservereinigung.at\/vwvwp\/wp-json\/wp\/v2\/posts\/19773\/revisions"}],"predecessor-version":[{"id":19854,"href":"https:\/\/www.vorarlberger-walservereinigung.at\/vwvwp\/wp-json\/wp\/v2\/posts\/19773\/revisions\/19854"}],"wp:attachment":[{"href":"https:\/\/www.vorarlberger-walservereinigung.at\/vwvwp\/wp-json\/wp\/v2\/media?parent=19773"}],"wp:term":[{"taxonomy":"category","embeddable":true,"href":"https:\/\/www.vorarlberger-walservereinigung.at\/vwvwp\/wp-json\/wp\/v2\/categories?post=19773"},{"taxonomy":"post_tag","embeddable":true,"href":"https:\/\/www.vorarlberger-walservereinigung.at\/vwvwp\/wp-json\/wp\/v2\/tags?post=19773"},{"taxonomy":"taetigkeiten","embeddable":true,"href":"https:\/\/www.vorarlberger-walservereinigung.at\/vwvwp\/wp-json\/wp\/v2\/taetigkeiten?post=19773"},{"taxonomy":"chronik-jahre","embeddable":true,"href":"https:\/\/www.vorarlberger-walservereinigung.at\/vwvwp\/wp-json\/wp\/v2\/chronik-jahre?post=19773"},{"taxonomy":"chronik-gemeinden","embeddable":true,"href":"https:\/\/www.vorarlberger-walservereinigung.at\/vwvwp\/wp-json\/wp\/v2\/chronik-gemeinden?post=19773"},{"taxonomy":"walserheimat","embeddable":true,"href":"https:\/\/www.vorarlberger-walservereinigung.at\/vwvwp\/wp-json\/wp\/v2\/walserheimat?post=19773"},{"taxonomy":"gebiete","embeddable":true,"href":"https:\/\/www.vorarlberger-walservereinigung.at\/vwvwp\/wp-json\/wp\/v2\/gebiete?post=19773"},{"taxonomy":"superkategorien","embeddable":true,"href":"https:\/\/www.vorarlberger-walservereinigung.at\/vwvwp\/wp-json\/wp\/v2\/superkategorien?post=19773"}],"curies":[{"name":"wp","href":"https:\/\/api.w.org\/{rel}","templated":true}]}}