{"id":19748,"date":"2026-03-02T14:54:33","date_gmt":"2026-03-02T13:54:33","guid":{"rendered":"https:\/\/www.vorarlberger-walservereinigung.at\/vwvwp\/?p=19748"},"modified":"2026-03-02T15:56:20","modified_gmt":"2026-03-02T14:56:20","slug":"chronik-2025-laterns","status":"publish","type":"post","link":"https:\/\/www.vorarlberger-walservereinigung.at\/vwvwp\/chronik-2025-laterns\/","title":{"rendered":"Chronik 2025 Laterns"},"content":{"rendered":"\n<h2 class=\"wp-block-heading\"><img loading=\"lazy\" decoding=\"async\" width=\"50\" height=\"67\" class=\"wp-image-1088\" style=\"width: 50px;\" src=\"https:\/\/www.vorarlberger-walservereinigung.at\/vwvwp\/wp-content\/uploads\/2015\/06\/laterns.gif\" alt=\"\"> Das Jahr 2025 in der Gemeinde <a href=\"https:\/\/www.vorarlberger-walservereinigung.at\/vwvwp\/?p=706\">Laterns<\/a><\/h2>\n\n\n\n<!--more-->\n\n\n\n<p>Im Skigebiet Laterns Gapfohl startete die Wintersaison 2024\/25 verhei\u00dfungsvoll, da bereits Ende November ergiebige Schneef\u00e4lle zu verzeichnen waren. Bedingt durch eine F\u00f6hnwetterperiode konnte der Betrieb erst am 14. Dezember gestartet werden, war dann aber durchgehend bis zum Saisonsende am 23. M\u00e4rz 2025 gew\u00e4hrleistet.<\/p>\n\n\n\n<p>Recht \u00e4hnlich verlief auch der Start der Wintersaison 2025\/26: Auch hier setzten Schneef\u00e4lle fr\u00fch ein, wodurch ein Saisonstart schon Anfang Dezember m\u00f6glich war. Massive Regenf\u00e4lle vor Maria Empf\u00e4ngnis und eine ungew\u00f6hnliche Warmwetterphase lie\u00dfen die wei\u00dfe Pracht jedoch wieder schnell verschwinden. Nur durch den vorangegangenen Einsatz von Schneekanonen konnte der Betrieb \u00fcber Weihnachten aufrechterhalten werden.<\/p>\n\n\n\n<p>Bei den am 16. M\u00e4rz abgehaltenen Gemeindewahlen traten in der Gemeinde Laterns \u2013 wie bei der vergangenen Wahl \u2013 zwei Listen an: Die \u201eGemeindeliste Laterns\u201c sowie die Liste \u201eF\u00fcr \u00f6nschas Laternsertal\u201c. Mit 59 Prozent der abgegebenen Stimmen konnte die Gemeindeliste Laterns einen kleinen Zuwachs von einem Prozent gegen\u00fcber der letzten Wahl verbuchen. Die Wahlbeteiligung lag bei 78,5 Prozent, was einem R\u00fcckgang gegen\u00fcber den Wahlen 2020 um zirka 2,5 Prozent entspricht.<\/p>\n\n\n\n<p>Die konstituierende Sitzung der neuen Gemeindevertretung am 26. M\u00e4rz brachte keine nennenswerten Ver\u00e4nderungen. Als B\u00fcrgermeister wurde wiederum Gerold Welte von der Gemeindeliste Laterns gew\u00e4hlt. Auch das Geschlechterverh\u00e4ltnis hat sich nicht ver\u00e4ndert: Von den zw\u00f6lf Gemeindemandataren sind vier weiblich.<\/p>\n\n\n\n<p>Am 1. M\u00e4rz wurde der Dorfladen Laterns durch den Betreiber Harald Nesensohn geschlossen, da eine wirtschaftliche Weiterf\u00fchrung trotz finanzieller Unterst\u00fctzungen von Land und Gemeinde nicht mehr m\u00f6glich war. Der Nahversorgungsbetrieb versorgte \u00fcber einen Zeitraum von 26 Jahren die Bev\u00f6lkerung mit G\u00fctern des t\u00e4glichen Bedarfs.<\/p>\n\n\n\n<p>Im Jahre 2025 wurden in Laterns wichtige touristische Weichen f\u00fcr die Zukunft gestellt. Bereits im Sommer durften sich die Besucher an neuen Angeboten erfreuen: Mit der Einf\u00fchrung einer neuen Buslinie zwischen Innerlaterns und Dam\u00fcls wird nun erstmals auch das Furkajoch \u00fcber \u00f6ffentliche Verkehrsmittel erreichbar, das erm\u00f6glicht eine Erschlie\u00dfung dieses sch\u00f6nen Wandergebietes. Werbetechnisch wurde die neue Buslinie mit dem bemerkenswerten Slogan \u201e\u00dcbern Furka gurka\u201c beworben.<\/p>\n\n\n\n<p>Die Gemeinde Laterns ist nun auch Mitglied einer F\u00f6rdervereinbarung mit der Bodensee-Vorarlberg-Tourismus GmbH, welche es den \u00dcbernachtungsg\u00e4sten der beigetretenen Gemeinden erm\u00f6glicht, s\u00e4mtliche \u00f6ffentlichen Verkehrsmittel in ihrem Urlaub gratis zu benutzen.<\/p>\n\n\n\n<p>Im Herbst er\u00f6ffneten die Seilbahnen Laterns ein neues touristisches Angebot. Eine musikalische R\u00e4tselralley f\u00fchrt nun die Besucher auf einer Wegl\u00e4nge von 3,5 Kilometer \u00fcber einen \u201eKugelweg\u201c von der Berg- zur Talstation. Der Weg erm\u00f6glicht ein spielerisches Lernen, Entdecken und Erleben in der freien Natur und l\u00e4dt dazu ein, Natur und Akustik spielerisch kennenzulernen.<\/p>\n\n\n\n<p>Am selben Wochenende wurde auf dem Parkplatz der Seilbahnen Laterns unter dem Motto \u201eWasser Marsch\u201c das Feuerwehrfest der Freiwilligen Feuerwehr Laterns ausgetragen. Ganz im Mittelpunkt stand dabei die Abhaltung des 40. Nassleistungsbewerbes der Bezirke Feldkirch und Dornbirn. Neben diesem Bezirkswettbewerb wurde das umfangreiche Programm noch mit einem Gaudi-Cup, mit einer Fahrzeug- und Pumpensegnung sowie mit einem gro\u00dfen Festumzug umrahmt. Das Fest stand sogar auch bei der Live-\u00dcbertragung der Etappe der \u00d6sterreichrundfahrt durch das Laternsertal kurz im Mittelpunkt der internationalen Bild- und Ton\u00fcbertragung.<\/p>\n\n\n<div class=\"wp-block-image\">\n<figure class=\"aligncenter size-full\"><img loading=\"lazy\" decoding=\"async\" width=\"632\" height=\"424\" src=\"https:\/\/www.vorarlberger-walservereinigung.at\/vwvwp\/wp-content\/uploads\/2026\/02\/Laterns_2025-1.jpg\" alt=\"Radler in Laterns\" class=\"wp-image-19750\" srcset=\"https:\/\/www.vorarlberger-walservereinigung.at\/vwvwp\/wp-content\/uploads\/2026\/02\/Laterns_2025-1.jpg 632w, https:\/\/www.vorarlberger-walservereinigung.at\/vwvwp\/wp-content\/uploads\/2026\/02\/Laterns_2025-1-300x201.jpg 300w\" sizes=\"auto, (max-width: 632px) 100vw, 632px\" \/><figcaption class=\"wp-element-caption\">Die \u00d6sterreich-Radrundfahrt \u201eTour of Austria\u201c machte erstmals einen Besuch im Laternsertal und verlangte den Teilnehmern dieser Etappe mit insgesamt 144 Kilometern und knapp 3.400 H\u00f6henmetern alles ab. Bei der letzten Etappe am 13. Juli musste nach dem Start in Feldkirch der steile Anstieg auf das Furkajoch bew\u00e4ltigt werden. Durch die Live-\u00dcbertragung des kompletten Anstieges durch<br>das Laternsertal auf das Furkajoch bei herrlichen Wetterbedingungen wurde unsere Talschaft einem Millionenpublikum als zuk\u00fcnftige Sportdestination schmackhaft gemacht.<\/figcaption><\/figure>\n<\/div>\n\n\n<p class=\"has-text-align-left\">Vor rund 26 Jahren wurde durch engagierte B\u00fcrger die Initiative \u201eStrom aus der Sonne\u201c ins Leben gerufen. Auf Basis einer B\u00fcrgerbeteiligung konnte in Folge die erste Photovoltaikanlage (PV) in Betrieb genommen werden. Neben der Errichtung dieser PV-Anlage war es auch ein Ziel der Arbeitsgruppe, ein Bewusstsein f\u00fcr diese umweltfreundliche Energiegewinnung zu schaffen. Da diese Ziele erreicht werden konnten, beschloss die Arbeitsgruppe, die bisherigen Einnahmen der Gemeinde Laterns f\u00fcr die Errichtung einer neuen PV-Anlage zu \u00fcbergeben.<\/p>\n\n\n\n<p>Im Herbst 2025 war es dann soweit: Auf den D\u00e4chern der Volksschule Laterns sowie des Dorfsaales wurde eine moderne Anlage mit insgesamt 85 kW Leistung errichtet. Auch zwei Ladestationen f\u00fcr E-Autos waren Bestandteil dieses Projektes. F\u00fcr eine optimale Verteilung der gewonnenen Energie beschloss die Gemeindevertretung einstimmig, auch einer gemeinde\u00fcbergreifenden Energiegemeinschaft beizutreten.<\/p>\n\n\n<div class=\"wp-block-image\">\n<figure class=\"alignleft size-full\"><img loading=\"lazy\" decoding=\"async\" width=\"632\" height=\"424\" src=\"https:\/\/www.vorarlberger-walservereinigung.at\/vwvwp\/wp-content\/uploads\/2026\/02\/Laterns_2025-2.jpg\" alt=\"Photovoltaikanlage auf dem Dach des Dorfsaales Laterns\" class=\"wp-image-19751\" srcset=\"https:\/\/www.vorarlberger-walservereinigung.at\/vwvwp\/wp-content\/uploads\/2026\/02\/Laterns_2025-2.jpg 632w, https:\/\/www.vorarlberger-walservereinigung.at\/vwvwp\/wp-content\/uploads\/2026\/02\/Laterns_2025-2-300x201.jpg 300w\" sizes=\"auto, (max-width: 632px) 100vw, 632px\" \/><figcaption class=\"wp-element-caption\">Die neue Photovoltaikanlage auf den D\u00e4chern des Dorfsaales sowie der Volksschule Laterns<\/figcaption><\/figure>\n<\/div>\n\n\n<p>Die Gemeinde Laterns ist nun offiziell auch der Gemeinde-App \u201eCities\u201c beigetreten. Dieses aktuelle Medium erleichtert nicht nur der Gemeindeverwaltung, sondern auch Vereinen und beigetretenen Institutionen eine schnelle Ver\u00f6ffentlichung ihrer Beitr\u00e4ge und Informationen. Um f\u00fcr diese Aufgaben ger\u00fcstet zu sein, fand am 15. September f\u00fcr alle Verantwortlichen eine Schulung statt.<\/p>\n\n\n\n<p>Heftige Unwetter am 22. August richteten im Gemeindegebiet Laterns zahlreiche Sch\u00e4den an Wegen und Zufahrten an. Dabei wurden unter anderem die Wege zur Alpe Wies, der Furxweg, die Oberdorfstra\u00dfe sowie der St\u00f6ckweg in Mitleidenschaft gezogen.<\/p>\n\n\n\n<p>Musste im vergangenen Jahr der allj\u00e4hrliche Alpabtrieb der Gemeindealpe Gapfohl wegen Schneef\u00e4llen abgesagt werden, so konnte 2025 die Veranstaltung am 13. September wie geplant bei herrlichem Herbstwetter durchgef\u00fchrt werden. Bereits am 3. September erfreuten sich viele Besucher am Abtrieb der Alpe Leue.<\/p>\n\n\n\n<p>Beim Jahreskonzert des Musikverein Laterns \u2013 erstmals abgehalten am 1. Advent \u2013 wurden Andreas Welte f\u00fcr 50-j\u00e4hrige aktive Vereinszugeh\u00f6rigkeit und Isabell Fessler, welche nun als zweite Frau im Verein auf ein 25-j\u00e4hriges Jubil\u00e4um zur\u00fcckblicken kann, geehrt.<\/p>\n\n\n\n<h3 class=\"wp-block-heading\">Sterbef\u00e4lle<\/h3>\n\n\n\n<p>Walter Nesensohn, 85 Jahre; Johannes Zimmermann, 63 Jahre; Alwin Furxer, 79 Jahre; Harald Nesensohn, 65 Jahre; Erika Matt, geb. Zech, 93 Jahre; Maria Nesensohn, 95 Jahre; Paula Heinzle, 86 Jahre; Adelrich Matt, 78 Jahre; Otto Nesensohn, 86 Jahre.<\/p>\n\n\n\n<p><em>Text und Fotos: Dietmar Breu\u00df<\/em><\/p>\n","protected":false},"excerpt":{"rendered":"<p>Das Jahr 2025 in der Gemeinde Laterns (mehr\u00a0&hellip;)<\/p>\n","protected":false},"author":1,"featured_media":0,"comment_status":"closed","ping_status":"closed","sticky":false,"template":"","format":"standard","meta":{"ngg_post_thumbnail":0,"footnotes":""},"categories":[72],"tags":[],"taetigkeiten":[],"chronik-jahre":[803],"chronik-gemeinden":[390],"walserheimat":[804],"gebiete":[],"superkategorien":[],"class_list":["post-19748","post","type-post","status-publish","format-standard","hentry","category-chroniken","chronik-jahre-803","chronik-gemeinden-laterns","walserheimat-wh-118"],"_links":{"self":[{"href":"https:\/\/www.vorarlberger-walservereinigung.at\/vwvwp\/wp-json\/wp\/v2\/posts\/19748","targetHints":{"allow":["GET"]}}],"collection":[{"href":"https:\/\/www.vorarlberger-walservereinigung.at\/vwvwp\/wp-json\/wp\/v2\/posts"}],"about":[{"href":"https:\/\/www.vorarlberger-walservereinigung.at\/vwvwp\/wp-json\/wp\/v2\/types\/post"}],"author":[{"embeddable":true,"href":"https:\/\/www.vorarlberger-walservereinigung.at\/vwvwp\/wp-json\/wp\/v2\/users\/1"}],"replies":[{"embeddable":true,"href":"https:\/\/www.vorarlberger-walservereinigung.at\/vwvwp\/wp-json\/wp\/v2\/comments?post=19748"}],"version-history":[{"count":4,"href":"https:\/\/www.vorarlberger-walservereinigung.at\/vwvwp\/wp-json\/wp\/v2\/posts\/19748\/revisions"}],"predecessor-version":[{"id":19850,"href":"https:\/\/www.vorarlberger-walservereinigung.at\/vwvwp\/wp-json\/wp\/v2\/posts\/19748\/revisions\/19850"}],"wp:attachment":[{"href":"https:\/\/www.vorarlberger-walservereinigung.at\/vwvwp\/wp-json\/wp\/v2\/media?parent=19748"}],"wp:term":[{"taxonomy":"category","embeddable":true,"href":"https:\/\/www.vorarlberger-walservereinigung.at\/vwvwp\/wp-json\/wp\/v2\/categories?post=19748"},{"taxonomy":"post_tag","embeddable":true,"href":"https:\/\/www.vorarlberger-walservereinigung.at\/vwvwp\/wp-json\/wp\/v2\/tags?post=19748"},{"taxonomy":"taetigkeiten","embeddable":true,"href":"https:\/\/www.vorarlberger-walservereinigung.at\/vwvwp\/wp-json\/wp\/v2\/taetigkeiten?post=19748"},{"taxonomy":"chronik-jahre","embeddable":true,"href":"https:\/\/www.vorarlberger-walservereinigung.at\/vwvwp\/wp-json\/wp\/v2\/chronik-jahre?post=19748"},{"taxonomy":"chronik-gemeinden","embeddable":true,"href":"https:\/\/www.vorarlberger-walservereinigung.at\/vwvwp\/wp-json\/wp\/v2\/chronik-gemeinden?post=19748"},{"taxonomy":"walserheimat","embeddable":true,"href":"https:\/\/www.vorarlberger-walservereinigung.at\/vwvwp\/wp-json\/wp\/v2\/walserheimat?post=19748"},{"taxonomy":"gebiete","embeddable":true,"href":"https:\/\/www.vorarlberger-walservereinigung.at\/vwvwp\/wp-json\/wp\/v2\/gebiete?post=19748"},{"taxonomy":"superkategorien","embeddable":true,"href":"https:\/\/www.vorarlberger-walservereinigung.at\/vwvwp\/wp-json\/wp\/v2\/superkategorien?post=19748"}],"curies":[{"name":"wp","href":"https:\/\/api.w.org\/{rel}","templated":true}]}}