{"id":19731,"date":"2026-03-02T15:34:03","date_gmt":"2026-03-02T14:34:03","guid":{"rendered":"https:\/\/www.vorarlberger-walservereinigung.at\/vwvwp\/?p=19731"},"modified":"2026-03-02T16:06:19","modified_gmt":"2026-03-02T15:06:19","slug":"chronik-2025-sonntag-buchboden","status":"publish","type":"post","link":"https:\/\/www.vorarlberger-walservereinigung.at\/vwvwp\/chronik-2025-sonntag-buchboden\/","title":{"rendered":"Chronik 2025 Sonntag &#8211; Buchboden"},"content":{"rendered":"\n<h2 class=\"wp-block-heading\"><img loading=\"lazy\" decoding=\"async\" width=\"50\" height=\"65\" class=\"wp-image-1094\" style=\"width: 50px;\" src=\"https:\/\/www.vorarlberger-walservereinigung.at\/vwvwp\/wp-content\/uploads\/2015\/06\/sonntag.gif\" alt=\"\"> Das Jahr 2025 in der Gemeinde <a href=\"https:\/\/www.vorarlberger-walservereinigung.at\/vwvwp\/?p=718\">Sonntag<\/a><\/h2>\n\n\n\n<!--more-->\n\n\n\n<p>Nach dem \u00fcberraschenden Schneefall an Weihnachten 2024 gab es erst Anfang und Mitte Februar wieder Schnee. Der Skibetrieb in Sonntag-Stein konnte bis Mitte M\u00e4rz aufrecht erhalten werden. Bereits Anfang M\u00e4rz war es zu trocken und zu warm. Am Funkensamstag, dem 8. M\u00e4rz, erreichten die Temperaturen an die 20 Grad. So musste auf Grund gro\u00dfer Trockenheit und F\u00f6hn das Funkenabbrennen f\u00fcr den Funkensonntag abgesagt werden. Lediglich der Kinderfunken konnte am Samstag abgebrannt werden. Auch der April brachte nur sehr wenig Niederschlag.<\/p>\n\n\n\n<p>Bereits Ende April wurden erste Junik\u00e4fer gesichtet. Am Wochenende um den 1. Mai nahmen viele Landwirte den ersten Schnitt vor. Die Heuernte wurde auf einem Gro\u00dfteil der Sonnenseite eingefahren. Nach dem fr\u00fchzeitigen Alpauftrieb bereitete schon bald die Wasserknappheit Sorgen. Erst der Juli brachte den l\u00e4ngst ersehnten Regen. Der darauffolgende August war jedoch wieder deutlich zu warm und eher trocken. Ende August kehrten bereits die Alpen ins Tal zur\u00fcck. Zum kalendarischen Herbstbeginn folgte ein K\u00e4lteeinbruch mit erstem Schnee in der H\u00f6he. Anfang November gab es erneut mildere Phasen. Das Jahr klang mit einem niederschlagsarmen, trockenen Dezember aus. Zum Jahresende gab es wenigstens winterlichere Temperaturen \u2013 an die Aufnahme des Skibetriebs in Sonntag-Stein war jedoch nicht zu denken.<\/p>\n\n\n\n<h3 class=\"wp-block-heading\">Gemeinde<\/h3>\n\n\n\n<p>Bei den Wahlen am 16. M\u00e4rz 2025 wurde B\u00fcrgermeister Stefan Nigsch mit 84,8 Prozent der g\u00fcltigen Stimmen im Amt best\u00e4tigt. In der konstituierenden Sitzung am 8. April wurden die gew\u00e4hlten Vertreterinnen und Vertreter der Gemeinde angelobt. Den Vorstand bilden B\u00fcrgermeister Stefan Nigsch, Vizeb\u00fcrgermeister Michael Kaufmann sowie Dominik Nigsch. F\u00fcr die Bew\u00e4ltigung der vielf\u00e4ltigen Aufgaben in der Gemeinde wurden elf Arbeitsgruppen eingesetzt.<\/p>\n\n\n\n<p>Nach langj\u00e4hriger T\u00e4tigkeit f\u00fcr die Abwasserreinigungsanlage (ARA) Fontanella- Sonntag trat G\u00fcnter Rinderer seine Pension an. Insgesamt erfolgte eine Neuausrichtung des Bauhofes. Stefan Domig \u00fcbernahm die Bauhofleitung. Im Herbst wurde zudem die Anschaffung eines neuen Bauhofautos notwendig.<\/p>\n\n\n\n<p>Die Gemeinde Sonntag-Buchboden hat rund 173 Kilometer Wanderwege zu betreuen. Am 28. Juni unterst\u00fctzten rund 20 Mitglieder des Fischereivereines die Bauhofmitarbeiter sowie die Wegwarte bei den Arbeiten an den Wanderwegen Steris, \u00dcberlut-\u201eBrenta Arla\u201c und dem Weg zum Seewaldsee.<\/p>\n\n\n\n<p>Der Umbau des alten Schulhauses in Buchboden konnte abgeschlossen werden. Die Gemeinde kann dort nun zwei Wohnungen zur Miete anbieten. Auch die Sanierung der Dreizimmerwohnung im Volksschulgeb\u00e4ude in Sonntag wurde erfolgreich beendet. Zudem erfolgte im Bereich Bregenzer die Vermessung von Baupl\u00e4tzen, die zeitnah zu bebauen sind.<\/p>\n\n\n\n<p>Im Jahr 2025 startete der Prozess zur strategischen Neuausrichtung und Weiterentwicklung des Gebiets Sonntag- Stein. Ein wesentlicher Treiber ist die Diskussion \u00fcber die langfristige Perspektive des Skibetriebs, der aufgrund wirtschaftlicher Herausforderungen, fehlender Bettenkapazit\u00e4ten und der 2030 auslaufenden Betriebsgenehmigung f\u00fcr die Doppelsesselbahn unter Druck steht. Die Einbindung der Bev\u00f6lkerung ist ein wichtiger Bestandteil des kooperativen Planungsverfahrens. Am 15. Juli nahmen rund 80 Personen an einer \u00f6ffentlichen Visionswerkstatt teil.<\/p>\n\n\n\n<p>Die Seilbahnen Sonntag blicken erstmals auf eine durchgehende Sommersaison vom 1. Mai bis zum 2. November zur\u00fcck. Der F\u00f6rderverein Seilbahnen Sonntag brachte an der Bergstation der Seilbahn einen Defibrillator an.<\/p>\n\n\n\n<p>Der Kindergarten startete mit 16 Kindern in das neue Jahr. Die Biosph\u00e4renpark- Volksschule z\u00e4hlt im Schuljahr 2025\/26 32 Kinder. Die Kleinschule wird zweiklassig gef\u00fchrt.<\/p>\n\n\n\n<p>Im April konnte die Volksschule mit neuen Tischen und St\u00fchlen ausgestattet werden. Am 17. Oktober fand an der Volksschule eine Feuerwehr\u00fcbung statt, an der sich die Sch\u00fcler und Sch\u00fclerinnen beteiligten.<\/p>\n\n\n\n<p>Seit Ende September f\u00fchrt das Land Vorarlberg an der L90 Buchbodner Stra\u00dfe im \u00f6stlichen Portalbereich der Galerie Schwarze Dohle gr\u00f6\u00dfere Instandhaltungsarbeiten durch. Die geplanten Ma\u00dfnahmen umfassen den R\u00fcckbau der letzten vier Abschnitte und deren Ersatz durch die Errichtung eines Steinschlagschutzdammes in diesem Bereich.<\/p>\n\n\n\n<h3 class=\"wp-block-heading\">Vereine und Ehrenamt<\/h3>\n\n\n\n<p>Mit dem Bezirksmusikfest \u201eMusig +Buggla\u201c vom 19. bis 22. Juni feierte der Musikverein Harmonie Sonntag sein 100-j\u00e4hriges Jubil\u00e4um. Der Verein z\u00e4hlt 29 Musikantinnen und 21 Musikanten, wobei das Durchschnittsalter der Mitglieder bei 32,46 Jahren liegt. Das hochkar\u00e4tige und sehr umfangreiche Programm reichte unter anderem vom Egerl\u00e4nderworkshop mit Walter Grechenig, einem Konzert von Sa\u0161o Avsenik &amp; seinen Oberkrainern, dem Marschmusikwettbewerb bis zum gro\u00dfen Festumzug.<\/p>\n\n\n\n<p>Gleichzeitig fand auf dem Gel\u00e4nde der Firma Erhart Holz die Ausstellung der Betriebe aus dem Gro\u00dfen Walsertal statt. An drei Tagen pr\u00e4sentierten 74 Unternehmen, von der Dienstleisterin \u00fcber den Handel bis zum Handwerk, von der\u201eWiege bis zur Bahre\u201c, ihre Angebote und Leistungen. Gestartet wurde mit einem Galaabend am Mittwoch, zu dem rund 1.000 G\u00e4ste geladen waren. \u201eDie Erhart- Br\u00fcder\u201c Kilian (Cello) und Clemens (Kontrabass) gaben ihr Deb\u00fct. Die Aussteller durften auf drei sehr gut besuchte Ausstellungstage zur\u00fcckblicken.<\/p>\n\n\n\n<p>Harald Nigsch wurde im Rahmen des Ehrungsabends des Blasmusikbezirkes Bludenz f\u00fcr 40 Jahre als  Musikant beim Harmonie Musikverein Sonntag geehrt.<\/p>\n\n\n\n<p>Vereinsmeisterin des Wintersportverein Sonntag wurde Felicitas Sch\u00e4fer, Vereinsmeister Emilian Martin.<\/p>\n\n\n\n<p>Die Wettkampfgruppe 1 der Feuerwehr Sonntag sicherte sich beim Kuppelcup in Au den 3. Platz, beim Kuppelcup in Blons den 7. und beim Nightcup in Nenzing den 4. Platz. Beim Landesbewerb in Brand erreichten sie in der Klasse BFLA Silber A den 1. Rang.<\/p>\n\n\n\n<p>Im Museum Gro\u00dfes Walsertal wurde das zweite Jahr die Sonderausstellung \u201eDialog mit der Herkunft\u201c gezeigt. Am 28. Juni folgten so viele Interessierte der Einladung zum Vortrag von Guido M\u00fcller rund um das langj\u00e4hrige Wirken von Pfarrer Alfons Matt in seinem Heimatdorf Sonntag, dass dieser kurzerhand in die Pfarrkirche verlegt werden musste. Psychotherapeut Johannes Rauch sprach an diesem Abend zudem \u00fcber Maria Simma und den \u201eFegefeuer-Kult\u201c aus heutiger Sicht.<\/p>\n\n\n\n<p>Im Rahmen des Patroziniumsfestes am 3. August konnte der sanierte Jugendraum im Pfarrhaus besichtigt werden.<\/p>\n\n\n\n<p>Am 25. Oktober feierte der Viehzuchtverein Sonntag mit einer Jubil\u00e4umsausstellung sein 100-j\u00e4hriges Bestehen.<\/p>\n\n\n\n<p>2025 gab es sechs Geburten und vier Hochzeiten. Irene und Anton Stark konnten die Diamantene Hochzeit (60 Jahre) feiern.<\/p>\n\n\n\n<h3 class=\"wp-block-heading\">Sterbef\u00e4lle<\/h3>\n\n\n\n<p>Josef Jenny (82 Jahre)<br>Alois T\u00fcrtscher (87 Jahre)<br>Josefine Kaufmann (96 Jahre)<\/p>\n\n\n\n<p><em>Monika Bischof<\/em><\/p>\n","protected":false},"excerpt":{"rendered":"<p>Das Jahr 2025 in der Gemeinde Sonntag (mehr\u00a0&hellip;)<\/p>\n","protected":false},"author":1,"featured_media":0,"comment_status":"closed","ping_status":"closed","sticky":false,"template":"","format":"standard","meta":{"ngg_post_thumbnail":0,"footnotes":""},"categories":[72],"tags":[],"taetigkeiten":[],"chronik-jahre":[803],"chronik-gemeinden":[394],"walserheimat":[804],"gebiete":[],"superkategorien":[],"class_list":["post-19731","post","type-post","status-publish","format-standard","hentry","category-chroniken","chronik-jahre-803","chronik-gemeinden-sonntag","walserheimat-wh-118"],"_links":{"self":[{"href":"https:\/\/www.vorarlberger-walservereinigung.at\/vwvwp\/wp-json\/wp\/v2\/posts\/19731","targetHints":{"allow":["GET"]}}],"collection":[{"href":"https:\/\/www.vorarlberger-walservereinigung.at\/vwvwp\/wp-json\/wp\/v2\/posts"}],"about":[{"href":"https:\/\/www.vorarlberger-walservereinigung.at\/vwvwp\/wp-json\/wp\/v2\/types\/post"}],"author":[{"embeddable":true,"href":"https:\/\/www.vorarlberger-walservereinigung.at\/vwvwp\/wp-json\/wp\/v2\/users\/1"}],"replies":[{"embeddable":true,"href":"https:\/\/www.vorarlberger-walservereinigung.at\/vwvwp\/wp-json\/wp\/v2\/comments?post=19731"}],"version-history":[{"count":3,"href":"https:\/\/www.vorarlberger-walservereinigung.at\/vwvwp\/wp-json\/wp\/v2\/posts\/19731\/revisions"}],"predecessor-version":[{"id":19874,"href":"https:\/\/www.vorarlberger-walservereinigung.at\/vwvwp\/wp-json\/wp\/v2\/posts\/19731\/revisions\/19874"}],"wp:attachment":[{"href":"https:\/\/www.vorarlberger-walservereinigung.at\/vwvwp\/wp-json\/wp\/v2\/media?parent=19731"}],"wp:term":[{"taxonomy":"category","embeddable":true,"href":"https:\/\/www.vorarlberger-walservereinigung.at\/vwvwp\/wp-json\/wp\/v2\/categories?post=19731"},{"taxonomy":"post_tag","embeddable":true,"href":"https:\/\/www.vorarlberger-walservereinigung.at\/vwvwp\/wp-json\/wp\/v2\/tags?post=19731"},{"taxonomy":"taetigkeiten","embeddable":true,"href":"https:\/\/www.vorarlberger-walservereinigung.at\/vwvwp\/wp-json\/wp\/v2\/taetigkeiten?post=19731"},{"taxonomy":"chronik-jahre","embeddable":true,"href":"https:\/\/www.vorarlberger-walservereinigung.at\/vwvwp\/wp-json\/wp\/v2\/chronik-jahre?post=19731"},{"taxonomy":"chronik-gemeinden","embeddable":true,"href":"https:\/\/www.vorarlberger-walservereinigung.at\/vwvwp\/wp-json\/wp\/v2\/chronik-gemeinden?post=19731"},{"taxonomy":"walserheimat","embeddable":true,"href":"https:\/\/www.vorarlberger-walservereinigung.at\/vwvwp\/wp-json\/wp\/v2\/walserheimat?post=19731"},{"taxonomy":"gebiete","embeddable":true,"href":"https:\/\/www.vorarlberger-walservereinigung.at\/vwvwp\/wp-json\/wp\/v2\/gebiete?post=19731"},{"taxonomy":"superkategorien","embeddable":true,"href":"https:\/\/www.vorarlberger-walservereinigung.at\/vwvwp\/wp-json\/wp\/v2\/superkategorien?post=19731"}],"curies":[{"name":"wp","href":"https:\/\/api.w.org\/{rel}","templated":true}]}}