{"id":19726,"date":"2026-03-02T15:34:30","date_gmt":"2026-03-02T14:34:30","guid":{"rendered":"https:\/\/www.vorarlberger-walservereinigung.at\/vwvwp\/?p=19726"},"modified":"2026-03-02T16:07:47","modified_gmt":"2026-03-02T15:07:47","slug":"chronik-2025-st-gerold","status":"publish","type":"post","link":"https:\/\/www.vorarlberger-walservereinigung.at\/vwvwp\/chronik-2025-st-gerold\/","title":{"rendered":"Chronik 2025 St.Gerold"},"content":{"rendered":"\n<h2 class=\"wp-block-heading\"><img loading=\"lazy\" decoding=\"async\" width=\"51\" height=\"69\" class=\"wp-image-19519\" style=\"width: 51px;\" src=\"https:\/\/www.vorarlberger-walservereinigung.at\/vwvwp\/wp-content\/uploads\/2025\/02\/Wappen_at_sankt_gerold.png\" alt=\"\"> Das Jahr 2025 in der Gemeinde <a href=\"https:\/\/www.vorarlberger-walservereinigung.at\/vwvwp\/?p=720\">St. Gerold<\/a><\/h2>\n\n\n\n<!--more-->\n\n\n\n<p>Das Jahr 2025 war f\u00fcr die Gemeinde von besonderer Bedeutung. Die Gemeindewahlen pr\u00e4gten das gesellschaftliche Leben und stellten einen bedeutenden Schritt f\u00fcr die zuk\u00fcnftige Entwicklung des Ortes dar. Mit gro\u00dfer Aufmerksamkeit und Beteiligung der Bev\u00f6lkerung wurden wichtige Weichen f\u00fcr die kommenden Jahre gestellt, die nun das Gemeindegeschehen nachhaltig beeinflussen.<\/p>\n\n\n\n<h3 class=\"wp-block-heading\">Gemeindepolitik und Ortsentwicklung<\/h3>\n\n\n\n<p>Auch in St. Gerold fanden die regul\u00e4ren Wahlen zur Gemeindevertretung sowie die Wahl des B\u00fcrgermeisters statt. Wie bereits in den vergangenen Jahren traten in St. Gerold keine parteipolitisch gepr\u00e4gten Listen an. Die \u00f6rtliche \u201eListe St. Gerold\u201c stellte als \u00fcberparteiliche Einheitsliste s\u00e4mtliche Kandidatinnen und Kandidaten und erreichte 100 Prozent der abgegebenen Stimmen und damit alle neun Mandate der Gemeindevertretung. Das deutet auf ein geschlossenes politisches Umfeld sowie eine breite Zustimmung der Bev\u00f6lkerung zur kommunalen Zusammenarbeit hin.<\/p>\n\n\n\n<p>F\u00fcr die Volksschule war eine umfassende Sanierung sowie ein Um- und Ausbau geplant, um den aktuellen p\u00e4dagogischen Anforderungen gerecht zu werden und die bauliche Infrastruktur zu modernisieren. Die Planungsphase war bereits weit fortgeschritten und die notwendigen Unterlagen f\u00fcr die Baugenehmigung wurden vorbereitet. Die Umsetzung musste jedoch vorerst verschoben werden. Grund daf\u00fcr waren vom Land beschlossene Sparma\u00dfnahmen, die eine vor\u00fcbergehende Zur\u00fcckstellung des Projekts erforderlich machten. Trotz der Verz\u00f6gerung bleibt die Sanierung ein wichtiger Bestandteil der zuk\u00fcnftigen Entwicklungspl\u00e4ne und die Gemeinde setzt sich weiterhin f\u00fcr eine baldige Realisierung ein.<\/p>\n\n\n<div class=\"wp-block-image\">\n<figure class=\"aligncenter size-full\"><img loading=\"lazy\" decoding=\"async\" width=\"631\" height=\"416\" src=\"https:\/\/www.vorarlberger-walservereinigung.at\/vwvwp\/wp-content\/uploads\/2026\/02\/StGerold_2025_1.jpg\" alt=\"neuer Gemeindrat in St. Gerold\" class=\"wp-image-19729\" srcset=\"https:\/\/www.vorarlberger-walservereinigung.at\/vwvwp\/wp-content\/uploads\/2026\/02\/StGerold_2025_1.jpg 631w, https:\/\/www.vorarlberger-walservereinigung.at\/vwvwp\/wp-content\/uploads\/2026\/02\/StGerold_2025_1-300x198.jpg 300w\" sizes=\"auto, (max-width: 631px) 100vw, 631px\" \/><figcaption class=\"wp-element-caption\">Die neu gew\u00e4hlte Gemeindevertretung f\u00fcr die Funktionsperiode von 2025 bis 2030: Gemeindevorstand Helmut Burtscher, Katharina Pfister, B\u00fcrgermeister Alwin M\u00fcller, DI Florent Wulz, Vizeb\u00fcrgermeister Claudio Franzoi, David Wechselberger, Josefine D\u00fcnser, Stephan Zech, Gemeindevorstand DI Jakob Behmann (v. li.). Foto: Gemeinde St. Gerold<\/figcaption><\/figure>\n<\/div>\n\n\n<h3 class=\"wp-block-heading\">Pfarre und Propstei St. Gerold<\/h3>\n\n\n\n<p>Im Sommer wurde die neu gew\u00e4hlte Gemeindevertretung von St. Gerold in die Propstei eingeladen, wo sie der Propst zu einer informativen und sehr interessanten F\u00fchrung durch die Propstei begr\u00fc\u00dfte. Im Laufe des vergangenen Jahres erfuhr die Propsteikirche zudem eine umfassende Erneuerung der Innenausstattung: Die bisherigen Kirchenb\u00e4nke wurden entfernt und durch flexible Stuhlreihen ersetzt, wodurch der Kirchenraum nun vielseitiger genutzt werden kann. Au\u00dferdem steht seitdem ein mobiler Holzaltar zur Verf\u00fcgung, der flexibel im Raum aufgestellt werden kann. Kurz vor Weihnachten folgte die Installation moderner Infrarot-Heizpaneele sowie einer neuen Beleuchtungsanlage, die sowohl den Energieverbrauch senkt als auch die Atmosph\u00e4re im Kirchenraum deutlich verbessert.<\/p>\n\n\n\n<h3 class=\"wp-block-heading\">Gesellschaftliche Ereignisse, besondere Vorkommnisse<\/h3>\n\n\n\n<p>Im Februar 2025 verursachte ein Defekt an einer ferngesteuerten Saunaanlage in einem neu errichteten Wohnhaus am Ga\u00dfnerberg einen Brand. Obwohl das Haus leer stand, entstand erheblicher Sachschaden und ein Feuerwehrmann wurde kurzzeitig wegen Verdacht auf Rauchgasvergiftung medizinisch versorgt. Der Vorfall zeigt die Wichtigkeit einer raschen Alarmierung und die gro\u00dfe Bedeutung des engagierten Einsatzes der \u00f6rtlichen Feuerwehren.<\/p>\n\n\n\n<p>Wenige Monate sp\u00e4ter, im Juli 2025, kam es sowohl auf der Ga\u00dfner Alpe in St. Gerold als auch auf der Alpe Alpila in Th\u00fcringerberg zu mehreren Wolfsrissen an Schafen und Ziegen. Fachleute best\u00e4tigten anhand von Biss- und Fra\u00dfspuren, dass ein Wolf die Risse verursacht hatte. Die Beh\u00f6rden erlie\u00dfen daraufhin eine Verordnung zur Entnahme des als Schadwolf identifizierten Tieres, um die Alpwirtschaft zu sch\u00fctzen.<\/p>\n\n\n\n<p>Neben diesen Herausforderungen konnte 2025 auch ein positiver H\u00f6hepunkt verzeichnet werden: Die herausragende Qualit\u00e4t des Honigs aus dem Einzugsgebiet des Bienenzuchtvereins Blumenegg\/ Gro\u00dfes Walsertal wurde bei der \u00f6sterreichischen Honigpr\u00e4mierung in Wieselburg gew\u00fcrdigt. F\u00fcr das Engagement von Markus Beck aus St. Gerold erhielt der \u201eWald mit Bl\u00fcte Honig\u201c eine Goldmedaille, der Bl\u00fctenhonig wurde mit einer Silbermedaille ausgezeichnet.<\/p>\n\n\n\n<h3 class=\"wp-block-heading\">Sportverein St. Gerold<\/h3>\n\n\n\n<p>Der Sportverein St. Gerold feierte 2025 sein 45-j\u00e4hriges Jubil\u00e4um und organisierte zu diesem Anlass ein dreit\u00e4giges Sportfest mit Veteranenturnier. Am 9. Februar fand erstmals gemeinsam mit dem Union Sportverein (USV) Blons das traditionelle Vereinsskirennen statt, das von den Teilnehmern sehr positiv aufgenommen wurde. Vom 9. bis 11. Mai unternahmen 30 Vereinsmitglieder einen Vereinsausflug nach M\u00fcnchen, H\u00f6hepunkt war der Besuch eines Fu\u00dfballspiels von Bayern M\u00fcnchen.<\/p>\n\n\n\n<h3 class=\"wp-block-heading\">Scheune Lehen<\/h3>\n\n\n\n<p>Die Scheune bot 2025 wieder ein vielseitiges Programm mit Yoga-Kursen, Seminaren, Workshops, Sitzungen des Pfarrgemeinderats sowie der Dauerausstellung und den Ateliers. Ein besonderes Highlight war die Teilnahme am Walserherbst mit der Ausstellung \u201eGe-Schichten\u201c, die gro\u00dfe Resonanz fand und deren Vernissage und Finissage sehr gut besucht waren.<\/p>\n\n\n\n<h3 class=\"wp-block-heading\">Walser Bibliothek St. Gerold<\/h3>\n\n\n\n<p>Die B\u00fccherei verzeichnete 2025 rund 4.600 Medien und etwa 5.800 Entlehnungen. Rund 120 aktive Leserinnen und Leser nutzten das Angebot, betreut von einem Team aus zw\u00f6lf Mitarbeitenden. Der Gl\u00fccksbringerkasten wurde am 6. Januar aufgel\u00f6st, 3.000 Euro konnten an drei Kinder aus dem Tal \u00fcbergeben werden. Die Zusammenarbeit mit Kindergarten und Volksschule wurde fortgef\u00fchrt, ebenso der Austausch mit den Bibliotheken im Tal. Im Rahmen der talweiten Aktion \u201eKinder des Waldes\u201c bot die B\u00fccherei eigene Programme an. Zu den Veranstaltungen z\u00e4hlten das B\u00fcchereicaf\u00e9, Workshops, Vortr\u00e4ge, Kreativangebote sowie die Adventfensteraktion. Beim Sommerlesen wurden 82 Lesep\u00e4sse abgegeben. Ein wichtiger Schritt war die Umstellung auf das neue Bibliotheksprogramm LITTERare.<\/p>\n\n\n\n<h3 class=\"wp-block-heading\">Trachtenverein<\/h3>\n\n\n\n<p>Th\u00fcringerberg ist im Jahr 2025 dem Trachtenverein Blons\/St.Gerold\/Th\u00fcringerberg beigetreten. Der Verein setzt sich engagiert f\u00fcr die Pflege der Walser Tracht und des Brauchtums ein und steht damit f\u00fcr Heimat, Gemeinschaft und die lebendige Verbindung zwischen Tradition und Gegenwart im Tal.<\/p>\n\n\n\n<h3 class=\"wp-block-heading\">Musikverein St. Gerold<\/h3>\n\n\n\n<p>Der Musikverein (MV) St. Gerold blickte 2025 auf ein ereignisreiches Jahr zur\u00fcck. Am 21. Juni nahmen die Musikanten gemeinsam mit dem Musikverein Th\u00fcringen am Marschwettbewerb beim Bezirksmusikfest in Sonntag teil. Au\u00dferdem folgten sie mit gro\u00dfer Freude der Einladung zum Bezirksmusikfest in Lech am Arlberg.<\/p>\n\n\n\n<h3 class=\"wp-block-heading\">Funkazunft St. Gerold<\/h3>\n\n\n\n<p>Bei der Funkazunft St. Gerold durfte 2025 eine besondere Auszeichnung gefeiert werden. David Wechselberger erhielt vom Verband Vorarlberger Fasnat- Z\u00fcnfte und -Gilden (VVF) das Verbands- Verdienstzeichen in Silber und wurde damit f\u00fcr sein langj\u00e4hriges Engagement und seine wertvolle Arbeit in der Fasnat ausgezeichnet.<\/p>\n\n\n\n<p>Auch in diesem Jahr f\u00fchrten die Vereine ihre bereits traditionellen Veranstaltungen fort. Die Funkazunft lud zum \u201eBunten Abend\u201c und zum \u201e1. Dosafest\u201c am St. Gerolder Weiher ein, die Ortsfeuerwehr zum \u201eOktoberfest\u201c. Mit \u201eCilli beats\u201c setzte der Musikverein einen besonderen Akzent f\u00fcr Jung und Alt und bereicherte damit das Dorfleben. Den stimmungsvollen Abschluss des Jahres bildete der Adventtreff beim Dorfbrunnen, organisiert wurde dieser vom Sportverein.<\/p>\n\n\n\n<h3 class=\"wp-block-heading\">Gemeindebev\u00f6lkerung<\/h3>\n\n\n\n<p>Die Gemeinde St. Gerold verzeichnet derzeit 388 Hauptwohnsitze sowie 31 Nebenwohnsitze und z\u00e4hlt insgesamt 419 Einwohnerinnen und Einwohner.<\/p>\n\n\n\n<p>Mit 18 Sch\u00fclerinnen und Sch\u00fclern im Schuljahr 2025\/26 wird die Volksschule St. Gerold weiterhin einklassig gef\u00fchrt.<\/p>\n\n\n\n<p>2025 gab es zwei Geburten, drei Eheschlie\u00dfungen und drei Sterbef\u00e4lle.<\/p>\n\n\n\n<p><em>Carmen Hartmann<\/em><\/p>\n","protected":false},"excerpt":{"rendered":"<p>Das Jahr 2025 in der Gemeinde St. Gerold (mehr\u00a0&hellip;)<\/p>\n","protected":false},"author":1,"featured_media":0,"comment_status":"closed","ping_status":"closed","sticky":false,"template":"","format":"standard","meta":{"ngg_post_thumbnail":0,"footnotes":""},"categories":[72],"tags":[],"taetigkeiten":[],"chronik-jahre":[803],"chronik-gemeinden":[397],"walserheimat":[804],"gebiete":[],"superkategorien":[],"class_list":["post-19726","post","type-post","status-publish","format-standard","hentry","category-chroniken","chronik-jahre-803","chronik-gemeinden-st-gerold","walserheimat-wh-118"],"_links":{"self":[{"href":"https:\/\/www.vorarlberger-walservereinigung.at\/vwvwp\/wp-json\/wp\/v2\/posts\/19726","targetHints":{"allow":["GET"]}}],"collection":[{"href":"https:\/\/www.vorarlberger-walservereinigung.at\/vwvwp\/wp-json\/wp\/v2\/posts"}],"about":[{"href":"https:\/\/www.vorarlberger-walservereinigung.at\/vwvwp\/wp-json\/wp\/v2\/types\/post"}],"author":[{"embeddable":true,"href":"https:\/\/www.vorarlberger-walservereinigung.at\/vwvwp\/wp-json\/wp\/v2\/users\/1"}],"replies":[{"embeddable":true,"href":"https:\/\/www.vorarlberger-walservereinigung.at\/vwvwp\/wp-json\/wp\/v2\/comments?post=19726"}],"version-history":[{"count":4,"href":"https:\/\/www.vorarlberger-walservereinigung.at\/vwvwp\/wp-json\/wp\/v2\/posts\/19726\/revisions"}],"predecessor-version":[{"id":19876,"href":"https:\/\/www.vorarlberger-walservereinigung.at\/vwvwp\/wp-json\/wp\/v2\/posts\/19726\/revisions\/19876"}],"wp:attachment":[{"href":"https:\/\/www.vorarlberger-walservereinigung.at\/vwvwp\/wp-json\/wp\/v2\/media?parent=19726"}],"wp:term":[{"taxonomy":"category","embeddable":true,"href":"https:\/\/www.vorarlberger-walservereinigung.at\/vwvwp\/wp-json\/wp\/v2\/categories?post=19726"},{"taxonomy":"post_tag","embeddable":true,"href":"https:\/\/www.vorarlberger-walservereinigung.at\/vwvwp\/wp-json\/wp\/v2\/tags?post=19726"},{"taxonomy":"taetigkeiten","embeddable":true,"href":"https:\/\/www.vorarlberger-walservereinigung.at\/vwvwp\/wp-json\/wp\/v2\/taetigkeiten?post=19726"},{"taxonomy":"chronik-jahre","embeddable":true,"href":"https:\/\/www.vorarlberger-walservereinigung.at\/vwvwp\/wp-json\/wp\/v2\/chronik-jahre?post=19726"},{"taxonomy":"chronik-gemeinden","embeddable":true,"href":"https:\/\/www.vorarlberger-walservereinigung.at\/vwvwp\/wp-json\/wp\/v2\/chronik-gemeinden?post=19726"},{"taxonomy":"walserheimat","embeddable":true,"href":"https:\/\/www.vorarlberger-walservereinigung.at\/vwvwp\/wp-json\/wp\/v2\/walserheimat?post=19726"},{"taxonomy":"gebiete","embeddable":true,"href":"https:\/\/www.vorarlberger-walservereinigung.at\/vwvwp\/wp-json\/wp\/v2\/gebiete?post=19726"},{"taxonomy":"superkategorien","embeddable":true,"href":"https:\/\/www.vorarlberger-walservereinigung.at\/vwvwp\/wp-json\/wp\/v2\/superkategorien?post=19726"}],"curies":[{"name":"wp","href":"https:\/\/api.w.org\/{rel}","templated":true}]}}