{"id":19716,"date":"2026-03-02T15:32:51","date_gmt":"2026-03-02T14:32:51","guid":{"rendered":"https:\/\/www.vorarlberger-walservereinigung.at\/vwvwp\/?p=19716"},"modified":"2026-03-02T16:04:31","modified_gmt":"2026-03-02T15:04:31","slug":"chronik-2025-fontanella","status":"publish","type":"post","link":"https:\/\/www.vorarlberger-walservereinigung.at\/vwvwp\/chronik-2025-fontanella\/","title":{"rendered":"Chronik  2025 Fontanella"},"content":{"rendered":"\n<h2 class=\"wp-block-heading\"><img loading=\"lazy\" decoding=\"async\" width=\"50\" height=\"64\" class=\"wp-image-1085\" style=\"width: 50px;\" src=\"https:\/\/www.vorarlberger-walservereinigung.at\/vwvwp\/wp-content\/uploads\/2015\/06\/fontanella.gif\" alt=\"\"> Das Jahr 2025 in der Gemeinde <a href=\"https:\/\/www.vorarlberger-walservereinigung.at\/vwvwp\/?p=702\">Fontanella<\/a><\/h2>\n\n\n\n<!--more-->\n\n\n\n<h3 class=\"wp-block-heading\">Gemeinde<\/h3>\n\n\n\n<p>Nach den Gemeindevertretungswahlen am 16. M\u00e4rz fand am 2. April im Gemeindesaal die konstituierende Sitzung der neu gew\u00e4hlten Gemeindevertreter statt. Die Wahlbeteiligung in Fontanella lag bei 82,29 Prozent, bei der B\u00fcrgermeisterdirektwahl wurde Werner Konzett mit 80 Prozent erneut zum B\u00fcrgermeister gew\u00e4hlt. Vizeb\u00fcrgermeister wurde Stefan Martin.<\/p>\n\n\n\n<p>Gemeindearbeiter Roland Pfefferkorn geht im Laufe des Jahres 2026 in den Ruhestand, Nachfolger ist sein Sohn Timo.<\/p>\n\n\n<div class=\"wp-block-image\">\n<figure class=\"alignleft size-full\"><img loading=\"lazy\" decoding=\"async\" width=\"632\" height=\"423\" src=\"https:\/\/www.vorarlberger-walservereinigung.at\/vwvwp\/wp-content\/uploads\/2026\/02\/Fontanella_2025-1.jpg\" alt=\"Sanierung der T\u00fcrtschtobelgalerie\" class=\"wp-image-19719\" srcset=\"https:\/\/www.vorarlberger-walservereinigung.at\/vwvwp\/wp-content\/uploads\/2026\/02\/Fontanella_2025-1.jpg 632w, https:\/\/www.vorarlberger-walservereinigung.at\/vwvwp\/wp-content\/uploads\/2026\/02\/Fontanella_2025-1-300x201.jpg 300w\" sizes=\"auto, (max-width: 632px) 100vw, 632px\" \/><figcaption class=\"wp-element-caption\">Sanierung der T\u00fcrtschtobelgalerie. Foto: Wildbach- und Lawinenverbauung Vorarlberg<\/figcaption><\/figure>\n<\/div>\n\n\n<p>Die T\u00fcrtschtobelgalerie wurde die vergangenen drei Jahre durch die Wildbach und Lawinenverbauung saniert. Bei den bestehenden Sperren kam es durch Sohlerosion zur teilweisen Freilegung der Fundamente, was die Standsicherheit gef\u00e4hrdete. Rund 800.000 Euro wurden f\u00fcr die Verbauungsma\u00dfnahmen aufgewendet.<\/p>\n\n\n\n<p>Die Wassergenossenschaft Fontanella hat am 1. Oktober das neue Kraftwerk in der S\u00e4ge in Betrieb genommen. Die Wassergenossenschaft versorgt die Parzellen Kirchberg, Mittelberg, Garlitt und Seewald mit bestem Wasser aus dem Gebiet Zafera.<\/p>\n\n\n\n<h3 class=\"wp-block-heading\">Tourismus<\/h3>\n\n\n\n<p>Fontanella\/Faschina verf\u00fcgt derzeit \u00fcber 970 G\u00e4stebetten, 50 Prozent davon sind gewerblich. 37.370 N\u00e4chtigungen im Sommer und 50.500 N\u00e4chtigungen im Winter wurden 2025 registriert.<\/p>\n\n\n\n<p>Peter Martin baute vier neue Chalets in Faschina.<\/p>\n\n\n\n<p>Die Bem\u00fchungen um eine Skiverbindung zwischen Faschina und Dam\u00fcls sind seit 2010 Thema in der Gemeinde. F\u00fcr das Vorhaben ist laut Landesregierung keine Umweltvertr\u00e4glichkeitspr\u00fcfung n\u00f6tig. Die Finanzierung des Projektes ist jedoch noch nicht gesichert.<\/p>\n\n\n\n<h3 class=\"wp-block-heading\">Schule<\/h3>\n\n\n\n<p>Derzeit besuchen 29 Sch\u00fcler die Volksschule. Mit Ende des Schuljahres 2024\/2025 verabschiedeten sich Direktorin Caroline Schuchter und Lehrerin Andrea Macourek von der Volksschule. Marina Marlin ist neue Direktorin.<\/p>\n\n\n\n<p>Die Volksschule veranstaltete zusammen mit dem Kindergarten einen Ostermarkt am 13. April. Der Erl\u00f6s diente der Anschaffung neuer Sportger\u00e4te.<\/p>\n\n\n\n<h3 class=\"wp-block-heading\">Kindergarten\/Kleinkindbetreuung<\/h3>\n\n\n<div class=\"wp-block-image\">\n<figure class=\"alignright size-full\"><img loading=\"lazy\" decoding=\"async\" width=\"632\" height=\"423\" src=\"https:\/\/www.vorarlberger-walservereinigung.at\/vwvwp\/wp-content\/uploads\/2026\/02\/Fontanella_2025-2.jpg\" alt=\"Kinderliturgie in Fontanella, vorbereitet vom neuen Kinderliturgieteam.\" class=\"wp-image-19720\" srcset=\"https:\/\/www.vorarlberger-walservereinigung.at\/vwvwp\/wp-content\/uploads\/2026\/02\/Fontanella_2025-2.jpg 632w, https:\/\/www.vorarlberger-walservereinigung.at\/vwvwp\/wp-content\/uploads\/2026\/02\/Fontanella_2025-2-300x201.jpg 300w\" sizes=\"auto, (max-width: 632px) 100vw, 632px\" \/><figcaption class=\"wp-element-caption\">Kinderliturgie in Fontanella, vorbereitet vom neuen Kinderliturgieteam.<br>Foto: Eva Martin<\/figcaption><\/figure>\n<\/div>\n\n\n<p>Die Kindergartenleiterin Leonie K\u00fcng verl\u00e4sst den Kindergarten. Marion Gassner \u00fcbernimmt die Leitung. 24 Kinder werden betreut.<\/p>\n\n\n\n<h3 class=\"wp-block-heading\">Pfarre<\/h3>\n\n\n\n<p>In der Pfarre wurde ein Kinderliturgieteam gebildet. F\u00fcnf Frauen unterst\u00fctzen Pfarrer und Kaplan beim Mitgestalten von Familiengottesdiensten und Feiern wie Karwoche, Erntedank, Nikolausandacht oder Krippenfeier.<\/p>\n\n\n\n<p>Die Bildung eines Pfarrverbandes mit Raggal und Marul wurde notwendig, nachdem Kaplan Bruno Bonetti in den Ruhestand trat. Pfarrer Gerhard Schrafstetter \u00fcbernahm die Aufgaben als Pfarrprovisor f\u00fcr die Pfarreien vorerst f\u00fcr ein Jahr.<\/p>\n\n\n\n<h3 class=\"wp-block-heading\">Trachtenkapelle Fontanella<\/h3>\n\n\n\n<p>Neben zahlreichen Auftritten im Laufe des Jahres bei verschiedenen Anl\u00e4ssen im Dorf und der Umgebung waren f\u00fcr den Verein der Musigball am 21. Februar, das Osterkonzert am 21. April und das Kirchenkonzert am 23. November besondere H\u00f6hepunkte. Die musikalische Leitung hatte Christian Prax \u00fcbernommen. Rene Burtscher und Johannes Domig wurden f\u00fcr 25 Jahre Vereinszugeh\u00f6rigkeit geehrt.<\/p>\n\n\n\n<h3 class=\"wp-block-heading\">Chor \u201eZemma\u201c<\/h3>\n\n\n\n<p>Zw\u00f6lf Frauen haben sich zu einem Chor zusammengetan. Sie wollen verschiedene Anl\u00e4sse mit Gesang und Musik bereichern. Chorleiterin ist Lena Konzett, Obfrau ist Marina Marlin.<\/p>\n\n\n\n<h3 class=\"wp-block-heading\">Walserbibliothek Fontanella<\/h3>\n\n\n\n<p>Marlies Bouzo hatte im J\u00e4nner die Leitung der B\u00fccherei an Lisbeth Martin \u00fcbergeben. Das 20-j\u00e4hrige Bestehen wurde am 5. April mit dem Kabarett \u201eFleischsuppe\u201c mit Gabi Fleisch gefeiert. Speziell f\u00fcr die Kinder wurde Ingrid Hofer mit ihrem Programm \u201eTeddy Eddy\u201c am 17. Oktober eingeladen.<\/p>\n\n\n\n<h3 class=\"wp-block-heading\">Feuerwehr<\/h3>\n\n\n\n<p>Kommandant Raphael Burtscher konnte bei der Jahreshauptversammlung zwei neue Mitglieder, Fynn Stark und Lukas Domig, aufnehmen. F\u00fcr 25 Jahre treue Dienste wurden Markus Burtscher und Gabriel Stark mit dem Verdienstkreuz in Bronze geehrt. Hans Burtscher erhielt f\u00fcr 60 Jahre Engagement eine besondere Auszeichnung.<\/p>\n\n\n\n<h3 class=\"wp-block-heading\">Bergrettung<\/h3>\n\n\n\n<p>Die Ortsstelle Fontanella z\u00e4hlt derzeit 28 aktive sowie zwei passive Mitglieder. Conrad Sch\u00e4fer und Vincent Wesseling konnten ihr Probejahr erfolgreich beenden und mit der Ausbildung zum Bergretter starten. Das Einsatzgeschehen im Jahr 2025 lag unterhalb des Durchschnitts. Ein wichtiger Teil davon sind die Eins\u00e4tze der First Responder Gruppe. Zirka 30 Notfalleins\u00e4tze konnten \u00fcbernommen werden.<\/p>\n\n\n\n<p>Das 70-j\u00e4hrige Bestehen wurde beim allj\u00e4hrlichen D\u00f6rflifest mit der Bev\u00f6lkerung gefeiert. Hugo Bickel wurde f\u00fcr 50 Jahre Mitgliedschaft geehrt.<\/p>\n\n\n\n<p>Ein Meilenstein war die Gr\u00fcndung der Jugendbergrettung Gro\u00dfes Walsertal. Gemeinsam mit den Ortsstellen Raggal und Sonntag wird Jugendlichen zwischen zw\u00f6lf und 16 Jahren die M\u00f6glichkeit geboten, sich auf den Bergrettungsdienst vorzubereiten.<\/p>\n\n\n\n<h3 class=\"wp-block-heading\">Statistik<\/h3>\n\n\n\n<p>In der Gemeinde kamen 2025 sechs Buben und ein M\u00e4dchen zur Welt. Zwei Personen sind verstorben.<\/p>\n\n\n\n<p><em>Marlies Bouzo<\/em><\/p>\n","protected":false},"excerpt":{"rendered":"<p>Das Jahr 2025 in der Gemeinde Fontanella (mehr\u00a0&hellip;)<\/p>\n","protected":false},"author":1,"featured_media":0,"comment_status":"closed","ping_status":"closed","sticky":false,"template":"","format":"standard","meta":{"ngg_post_thumbnail":0,"footnotes":""},"categories":[72],"tags":[],"taetigkeiten":[],"chronik-jahre":[803],"chronik-gemeinden":[388],"walserheimat":[804],"gebiete":[],"superkategorien":[],"class_list":["post-19716","post","type-post","status-publish","format-standard","hentry","category-chroniken","chronik-jahre-803","chronik-gemeinden-fontanella","walserheimat-wh-118"],"_links":{"self":[{"href":"https:\/\/www.vorarlberger-walservereinigung.at\/vwvwp\/wp-json\/wp\/v2\/posts\/19716","targetHints":{"allow":["GET"]}}],"collection":[{"href":"https:\/\/www.vorarlberger-walservereinigung.at\/vwvwp\/wp-json\/wp\/v2\/posts"}],"about":[{"href":"https:\/\/www.vorarlberger-walservereinigung.at\/vwvwp\/wp-json\/wp\/v2\/types\/post"}],"author":[{"embeddable":true,"href":"https:\/\/www.vorarlberger-walservereinigung.at\/vwvwp\/wp-json\/wp\/v2\/users\/1"}],"replies":[{"embeddable":true,"href":"https:\/\/www.vorarlberger-walservereinigung.at\/vwvwp\/wp-json\/wp\/v2\/comments?post=19716"}],"version-history":[{"count":6,"href":"https:\/\/www.vorarlberger-walservereinigung.at\/vwvwp\/wp-json\/wp\/v2\/posts\/19716\/revisions"}],"predecessor-version":[{"id":19870,"href":"https:\/\/www.vorarlberger-walservereinigung.at\/vwvwp\/wp-json\/wp\/v2\/posts\/19716\/revisions\/19870"}],"wp:attachment":[{"href":"https:\/\/www.vorarlberger-walservereinigung.at\/vwvwp\/wp-json\/wp\/v2\/media?parent=19716"}],"wp:term":[{"taxonomy":"category","embeddable":true,"href":"https:\/\/www.vorarlberger-walservereinigung.at\/vwvwp\/wp-json\/wp\/v2\/categories?post=19716"},{"taxonomy":"post_tag","embeddable":true,"href":"https:\/\/www.vorarlberger-walservereinigung.at\/vwvwp\/wp-json\/wp\/v2\/tags?post=19716"},{"taxonomy":"taetigkeiten","embeddable":true,"href":"https:\/\/www.vorarlberger-walservereinigung.at\/vwvwp\/wp-json\/wp\/v2\/taetigkeiten?post=19716"},{"taxonomy":"chronik-jahre","embeddable":true,"href":"https:\/\/www.vorarlberger-walservereinigung.at\/vwvwp\/wp-json\/wp\/v2\/chronik-jahre?post=19716"},{"taxonomy":"chronik-gemeinden","embeddable":true,"href":"https:\/\/www.vorarlberger-walservereinigung.at\/vwvwp\/wp-json\/wp\/v2\/chronik-gemeinden?post=19716"},{"taxonomy":"walserheimat","embeddable":true,"href":"https:\/\/www.vorarlberger-walservereinigung.at\/vwvwp\/wp-json\/wp\/v2\/walserheimat?post=19716"},{"taxonomy":"gebiete","embeddable":true,"href":"https:\/\/www.vorarlberger-walservereinigung.at\/vwvwp\/wp-json\/wp\/v2\/gebiete?post=19716"},{"taxonomy":"superkategorien","embeddable":true,"href":"https:\/\/www.vorarlberger-walservereinigung.at\/vwvwp\/wp-json\/wp\/v2\/superkategorien?post=19716"}],"curies":[{"name":"wp","href":"https:\/\/api.w.org\/{rel}","templated":true}]}}