{"id":19703,"date":"2026-03-02T14:48:17","date_gmt":"2026-03-02T13:48:17","guid":{"rendered":"https:\/\/www.vorarlberger-walservereinigung.at\/vwvwp\/?p=19703"},"modified":"2026-03-02T15:51:52","modified_gmt":"2026-03-02T14:51:52","slug":"chronik-2025-grosses-walsertal","status":"publish","type":"post","link":"https:\/\/www.vorarlberger-walservereinigung.at\/vwvwp\/chronik-2025-grosses-walsertal\/","title":{"rendered":"Chronik 2025 Grosses Walsertal"},"content":{"rendered":"\n<h2 class=\"wp-block-heading\"><img loading=\"lazy\" decoding=\"async\" width=\"50\" height=\"71\" class=\"wp-image-5314\" style=\"width: 50px;\" src=\"https:\/\/www.vorarlberger-walservereinigung.at\/vwvwp\/wp-content\/uploads\/2016\/11\/gwtkombi1.gif\" alt=\"\"> Das Jahr 2025 im Gro\u00dfen Walsertal<\/h2>\n\n\n\n<!--more-->\n\n\n\n<h3 class=\"wp-block-heading\">Biosph\u00e4renparkregion Gro\u00dfes Walsertal<\/h3>\n\n\n\n<p>Die Wertsch\u00e4tzung stand im Mittelpunkt des Jubil\u00e4umsjahres 25 Jahre UNESCO Biosph\u00e4renpark Gro\u00dfes Walsertal. Nach der Sammlung von rund 500 Stimmen und Gedanken aus der Bev\u00f6lkerung zur Frage \u201eWas sch\u00e4tzt du wert?\u201c folgte die k\u00fcnstlerische Aufbereitung in einer Ausstellung, die im biosph\u00e4renpark.haus zusehen ist.<\/p>\n\n\n\n<h3 class=\"wp-block-heading\">Regionalentwicklung<\/h3>\n\n\n\n<p>Im Regionalplan (Managementplan des UNESCO Biosph\u00e4renparks) wurden die Ziele der n\u00e4chsten zehn Jahre formuliert. Dieser vereint alle bisherigen Strategien und Pl\u00e4ne, deren Weiterentwicklung sowie das \u00fcbergeordnete Leitbild in einem Papier.<\/p>\n\n\n\n<p>Das Regionale Landschaftsentwicklungskonzept wurde beschlossen. Es unterst\u00fctzt als regionales Planungsinstrument die Bereiche \u201eLandschaft &amp; Freiraum\u201c.<\/p>\n\n\n\n<p>Im Prozess \u201e\u00dcberg\u00e4nge gestalten\u201c wurden die politischen und operativen Strukturen in der Region angepasst. Nach der Anpassung der REGIO-Statuten wurde das erste Regionalparlament mit allen politisch gew\u00e4hlten Vertreterinnen und Vertretern des Tales abgehalten.<\/p>\n\n\n\n<p>Um die Vielfalt an Perspektiven des Gro\u00dfen Walsertals abzubilden und die Arbeit der Regio zu unterst\u00fctzen, wurde der \u201eBeirats f\u00fcrs Tal\u201c mit 42 B\u00fcrgerinnen und B\u00fcrgern aus der Region eingerichtet.<\/p>\n\n\n\n<p>Mit den ersten Bauetappen in Marul und Th\u00fcringerberg startete der fl\u00e4chendeckende Ausbau des Glasfasernetzes im Gro\u00dfen Walsertal in Kooperation mit der illwerke vkw AG.<\/p>\n\n\n\n<p>Am 28. November feierte Bergholz, der Zusammenschluss von holzverarbeitenden Betrieben, Gemeinden, Architekten, Planern und weiteren Mitgliedern, sein 25-j\u00e4hriges Bestehen.<\/p>\n\n\n\n<h3 class=\"wp-block-heading\">Natur- und Landschaftsschutz und Forschung<\/h3>\n\n\n\n<p>Am Projekt \u201eAlpflug\u201c, gef\u00f6rdert vom Biodiversit\u00e4tsfonds des Bundesministeriums f\u00fcr Land- und Forstwirtschaft, waren 18 Alpen im Biosph\u00e4renpark beteiligt. Sie setzten Ma\u00dfnahmen zur Lebensraumverbesserung und -vernetzung f\u00fcr das Birkhuhn auf Alpgebieten.<\/p>\n\n\n\n<p>Knapp 100 Landwirtinnen und Landwirte nahmen an den Veranstaltungen im Rahmen des regionalen Naturschutzplans teil. Dar\u00fcber hinaus waren Biotopexkursionen in der Region und Fachvortr\u00e4ge gut besucht.<\/p>\n\n\n\n<p>An der Challenge beziehungsweise Aktion \u201eFerien f\u00fcr den Rasenm\u00e4her 2025\u201c im Rahmen des grenz\u00fcberschreitenden Projektes \u201eGe_Now\u201c beteiligten sich Gemeinden, Betriebe und Haushalte aus dem Gro\u00dfen Walsertal.<\/p>\n\n\n\n<p>Der Waldzustandsbericht Gro\u00dfes Walsertal 2025 wurde erstellt.<\/p>\n\n\n\n<p>Im Forschungsprojekt \u201eAlpanach\u201c wurden Zustand und Entwicklung der Alpen im Gro\u00dfen Walsertal untersucht.<\/p>\n\n\n\n<p>Das alpenweite Projekt \u201eTranStat\u201c, das die Folgen des Klimawandels f\u00fcr Wintersportregionen analysierte und Beispiele f\u00fcr erfolgreiche Anpassungsstrategien aufzeigte, wurde abgeschlossen.<\/p>\n\n\n\n<p>Das Biosph\u00e4renparkteam brachte sich im Projekt \u201eMultiBios\u201c ein, welches sich mit klimawandelbedingten und wasserbezogenen Risiken wie Hochwasser, Trockenheit, Lawinen und Muren besch\u00e4ftigte.<\/p>\n\n\n\n<h3 class=\"wp-block-heading\">Klimaschutz, Energie, Mobilit\u00e4t und Klimawandelanpassung<\/h3>\n\n\n\n<p>Die gegr\u00fcndete interkommunale Energiegemeinschaft Walserstrom vereint 49 Z\u00e4hlpunkte, darunter alle sechs Gemeinden im Gro\u00dfen Walsertal, der Mittelschulverband und die ARA Fontanella\/Sonntag.<\/p>\n\n\n\n<p>Die Reparaturcaf\u00e9s in St. Gerold, Sonntag und Raggal k\u00f6nnen auf eine Reparaturquote von \u00fcber 65 Prozent zur\u00fcckblicken.<\/p>\n\n\n\n<p>Die Weiterf\u00fchrung der Programme KEM (Klima- und Energiemodellregion) 2026-2029 sowie KLAR (Klimawandelanpassungsregion) 2025-2028 wurden beschlossen.<\/p>\n\n\n\n<p>Schwerpunktthema im KLAR-Programm war die Waldbrandpr\u00e4vention. Nach der Besichtigung des St\u00fctzpunktes S\u00fcd f\u00fcr Vegetationsbrandbek\u00e4mpfung mit allen Feuerwehren aus dem Tal wurde die Ausr\u00fcstung f\u00fcr den Ersteinsatz organisiert.<\/p>\n\n\n\n<p>Nach der Wasserknappheit Anfang Juli 2025 wurde ein Pilotprojekt f\u00fcr die Wasserversorgung auf den Alpen und der Ga\u00dfneralpe geplant.<\/p>\n\n\n\n<p>Mit der Ausrollung des Landbusfahrplanes zum Fahrplanwechsel am 14. Dezember 2025 steht der Bev\u00f6lkerung und den G\u00e4sten ein Fahrplan mit ausgeweiteten Fahrzeiten in der Fr\u00fch und am Abend sowie eine bessere Bahnanbindung zur Verf\u00fcgung. Durch die wechselnde Linienf\u00fchrung von Th\u00fcringen \u00fcber Raggal oder Blons nach Dam\u00fcls bzw. Fontanella ergibt sich zumeist ein Stundentakt.<\/p>\n\n\n\n<h3 class=\"wp-block-heading\">Soziales, Gesellschaft und Beteiligung<\/h3>\n\n\n\n<p>Soziales, Gesellschaft und Beteiligung Am 5. Mai wurde \u201eEssen auf R\u00e4dern\u201c gestartet. Pilotgemeinden sind Blons, Fontanella, Raggal und Sonntag. Im November waren es bereits 19 Klientinnen und Klienten, an welche die freiwilligen Fahrerinnen und Fahrer w\u00f6chentlich 59 warme Mittagessen auslieferten. F\u00fcr die Anschaffung der W\u00e4rmebeh\u00e4lter gab es zahlreiche Spenden, unter anderem vom Flohmarktl\u00e4dele, vom Suppentag in Sonntag und vom Neujahrstreff in Bad Rothenbrunnen.<\/p>\n\n\n\n<p>Mit der Einf\u00fchrung der Schulsozialarbeit an der Mittelschule und allen Volksschulen im Tal erhielten Kinder, Jugendliche und Eltern ein neues Unterst\u00fctzungsangebot.<\/p>\n\n\n\n<p>Bildung f\u00fcr nachhaltige Entwicklung Im Zuge des Volksschulprogramms Biosph\u00e4renparkschule wurden insgesamt 72 Exkursionen mit 194 Sch\u00fclerinnen und Sch\u00fclern in der Region veranstaltet.<\/p>\n\n\n\n<p>Im Konzept f\u00fcr die Biosph\u00e4renparkmittelschule wurden weiterf\u00fchrende Module mit den ersten drei Schulstufen durchgef\u00fchrt.<\/p>\n\n\n\n<p>Die Biosph\u00e4renparkkinderg\u00e4rten schlossen im Juni das Jahresthema \u201eKleiner Daumen \u2013 gro\u00dfe Wirkung\u201c ab und starteten mit dem Jahresthema \u201eKinder des Waldes\u201c, einem Kooperationsprojekt mit den Walserbibliotheken.<\/p>\n\n\n\n<p>Regionales Ehrenamt und Vereine Bei den Gebietswahlen der B\u00e4uerinnen am 14. J\u00e4nner wurde Claudia M\u00fcller aus Buchboden zur Gebietsb\u00e4uerin gew\u00e4hlt. Ihre Stellvertreterinnen sind Anja Nigsch aus Raggal und Simone Pfefferkorn aus Marul.<\/p>\n\n\n\n<p>Anfang Februar fand das Netzwerktreffen der Walserbibliotheken statt. 25 engagierte Frauen kamen zusammen, um sich auszutauschen und gemeinsame Projekte zu planen.<\/p>\n\n\n\n<p>Der Flohmarktladen im ehemaligen Gasthaus Gemsle in Garsella wurde um ein N\u00e4hzimmer erweitert und hatte von April bis November jeden Freitagnachmittag ge\u00f6ffnet. Dar\u00fcber hinaus entwickelt sich der Ort zu einem Treffpunkt, unter anderem f\u00fcr den Angeh\u00f6rigen- Stammtisch und das Begegnungs-Caf\u00e9 f\u00fcr die 24-Stunden-Betreuerinnen und Betreuer.<\/p>\n\n\n\n<p>Alois Burtscher aus Fontanella und Eugen T\u00fcrtscher wurden f\u00fcr ihre 50-j\u00e4hrige Mitgliedschaft im Bienenzuchtverein Blumenegg Gro\u00dfes Walsertal geehrt. F\u00fcr 15 Jahre Verdienste in der Bienenzucht wurden Otto Stuchly aus Th\u00fcringen, Josef Schneider aus Marul und Alfons Hartmann aus Sonntag ausgezeichnet.<\/p>\n\n\n\n<p>Der Skiverband Brandnertal Walgau Walsertal (SVBWW) ist seit 30 Jahren eine tragende S\u00e4ule des alpinen Skisports in Vorarlberg. Er setzt sich mit gro\u00dfem Engagement f\u00fcr die Nachwuchsf\u00f6rderung ein. Ein zentrales Element ist der Walgaucup, bestehend aus mehreren Rennen in Brand, Faschina und Sonntag-Stein. Jungen Menschen wird die Chance geboten, sich im sportlichen Wettkampf zu messen und wichtige Rennerfahrungen zu sammeln. Die feierliche Preisverteilung und das 30-j\u00e4hrige Jubil\u00e4um des SVBWW, an dem Gr\u00fcndungsobmann Bruno Hummer teilnahm, unterstrichen die Bedeutung des Cups, auch durch die Gru\u00dfworte von Landtagspr\u00e4sident Mag. Harald Sonderegger und VSV-Pr\u00e4sident Walter Hlebayna.<\/p>\n\n\n\n<p>Durch die Teilnahme von 81 Trachtentr\u00e4gerinnen und -tr\u00e4gern der Trachtenvereine aus dem Gro\u00dfen Walsertal am Festumzug des Internationalen Walsertreffens in Lech wurde die aktive Brauchtumspflege ein weiteres Mal sichtbar. Beim Trachtentag am 7. September wurde die von den Trachtenvereinen als Zeichen der Zusammengeh\u00f6rigkeit angeschaffte Statue der hl. Notburga gesegnet.<\/p>\n\n\n\n<p>Mit Bianca Konzett aus Fontanella erhielt der Krankenpflegeverein Gro\u00dfes Walsertal eine neue Obfrau. Georg T\u00fcrtscher hatte sich \u00fcber viele Jahre hinweg f\u00fcr den Krankenpflegeverein weit \u00fcber ein normales Ma\u00df hinaus eingesetzt und seine Nachfolgerin vorausschauend f\u00fcr das Amt gewinnen k\u00f6nnen.<\/p>\n\n\n\n<p>80 Teilnehmer konnten bei der gro\u00df angelegten Regions\u00fcbung der Bergrettungsortsstellen Sonntag, Raggal und Fontanella ihr K\u00f6nnen bei sechs verschiedenen Szenarien unter realistischen Bedingungen erproben. Besonders erfreulich war der Start der Jugendbergrettung im September, ein gemeinsames Projekt der Bergrettungsortsgruppen im Gro\u00dfen Walsertal. 24 Jugendliche konnten daf\u00fcr begeistert werden.<\/p>\n\n\n\n<h3 class=\"wp-block-heading\">Kulturfestival Walserherbst<\/h3>\n\n\n\n<p>Seit 2004 verkn\u00fcpft das Festival im Zweijahresrhythmus Tradition und Zeitkultur und spannt seinen Programmbogen drei Wochen lang \u00fcber das gesamte Tal und bis hin\u00fcber nach Dam\u00fcls. Das j\u00fcngste Walserherbst Festival fand vom 15. August bis 6. September statt und nahezu alle Veranstaltungen waren, teils fr\u00fchzeitig, ausgebucht.<\/p>\n\n\n\n<p>Im Laufe des Festivals standen neben sechs Ausstellungen \u00fcber 30 Veranstaltungen auf dem Programm. Musikalisch spannte der Walserherbst den Bogen von regional bis international. Die Reihe \u201eKlingende Kirche\u201c brachte mit dem Duo Campanula, dem Lofoten Cello Duo gemeinsam mit Clemens und Kilian Erhart aus Marul sowie dem Kokle- Jugendensemble aus Riga eindrucksvolle Konzertabende in die Kirchen des Tales. In der Reihe \u201eAufg\u2019spielt und Aufkocht\u201c luden die Orivesi All Stars aus Finnland und die Janusz Prusinowski Kompania aus Polen in eine Walser Scheune hoch \u00fcber Blons zum Tanzen, Essen und Feiern.<\/p>\n\n\n\n<p>Ein besonderes Kapitel schrieb die neunte Radix Musikwerkstatt: Unter der Leitung von Evelyn Fink- Mennel \u2013 zugleich Kuratorin des Walserherbst- Musikprogramms \u2013 konnte nicht nur ein neuer Teilnahmerekord verzeichnet werden, es gab auch ein Abschlussfest mit fast 100 spielenden, singenden und tanzenden Musikantinnen und Musikanten auf dem prall gef\u00fcllten Dorfplatz von Blons.<\/p>\n\n\n\n<p>An zwei Filmtagen tauchten die Kinobesucher in Dokumentar- und Spielfilme mit Tiefgang ein.<\/p>\n\n\n\n<p>Im Lutzschwefelbad konnte im Lehmschlickerbad gebadet und im Flohmarktladen im Gemsle gest\u00f6bert werden. Monika Fl\u00fctsch aus St. Ant\u00f6nien zeigte im Papierschnitt-Workshop, wie der kreative Weg vom Entwurf zum fertigen Werk aussehen kann. Martha Labil lud Gro\u00df und Klein zum Baumzirkus und zum Waldwandern und -wandeln f\u00fcr erwachsenes Publikum.<\/p>\n\n\n\n<p>Im Rahmen von Lesungen mit Musik trugen Teilnehmerinnen der Mundartschreibwerkstatt, welche unter der Leitung von Mundartautorin Erika H\u00f6ssli im Fr\u00fchjahr stattgefunden hatte, ihre Texte zu digitalen Fotomontagen der K\u00fcnstlerin Heidi Comploj vor.<\/p>\n\n\n\n<p><em>Monika Bischof<\/em><\/p>\n","protected":false},"excerpt":{"rendered":"<p>Das Jahr 2025 im Gro\u00dfen Walsertal (mehr\u00a0&hellip;)<\/p>\n","protected":false},"author":1,"featured_media":0,"comment_status":"closed","ping_status":"closed","sticky":false,"template":"","format":"standard","meta":{"ngg_post_thumbnail":0,"footnotes":""},"categories":[72],"tags":[],"taetigkeiten":[],"chronik-jahre":[803],"chronik-gemeinden":[521],"walserheimat":[804],"gebiete":[],"superkategorien":[],"class_list":["post-19703","post","type-post","status-publish","format-standard","hentry","category-chroniken","chronik-jahre-803","chronik-gemeinden-grosses-walsertal","walserheimat-wh-118"],"_links":{"self":[{"href":"https:\/\/www.vorarlberger-walservereinigung.at\/vwvwp\/wp-json\/wp\/v2\/posts\/19703","targetHints":{"allow":["GET"]}}],"collection":[{"href":"https:\/\/www.vorarlberger-walservereinigung.at\/vwvwp\/wp-json\/wp\/v2\/posts"}],"about":[{"href":"https:\/\/www.vorarlberger-walservereinigung.at\/vwvwp\/wp-json\/wp\/v2\/types\/post"}],"author":[{"embeddable":true,"href":"https:\/\/www.vorarlberger-walservereinigung.at\/vwvwp\/wp-json\/wp\/v2\/users\/1"}],"replies":[{"embeddable":true,"href":"https:\/\/www.vorarlberger-walservereinigung.at\/vwvwp\/wp-json\/wp\/v2\/comments?post=19703"}],"version-history":[{"count":8,"href":"https:\/\/www.vorarlberger-walservereinigung.at\/vwvwp\/wp-json\/wp\/v2\/posts\/19703\/revisions"}],"predecessor-version":[{"id":19845,"href":"https:\/\/www.vorarlberger-walservereinigung.at\/vwvwp\/wp-json\/wp\/v2\/posts\/19703\/revisions\/19845"}],"wp:attachment":[{"href":"https:\/\/www.vorarlberger-walservereinigung.at\/vwvwp\/wp-json\/wp\/v2\/media?parent=19703"}],"wp:term":[{"taxonomy":"category","embeddable":true,"href":"https:\/\/www.vorarlberger-walservereinigung.at\/vwvwp\/wp-json\/wp\/v2\/categories?post=19703"},{"taxonomy":"post_tag","embeddable":true,"href":"https:\/\/www.vorarlberger-walservereinigung.at\/vwvwp\/wp-json\/wp\/v2\/tags?post=19703"},{"taxonomy":"taetigkeiten","embeddable":true,"href":"https:\/\/www.vorarlberger-walservereinigung.at\/vwvwp\/wp-json\/wp\/v2\/taetigkeiten?post=19703"},{"taxonomy":"chronik-jahre","embeddable":true,"href":"https:\/\/www.vorarlberger-walservereinigung.at\/vwvwp\/wp-json\/wp\/v2\/chronik-jahre?post=19703"},{"taxonomy":"chronik-gemeinden","embeddable":true,"href":"https:\/\/www.vorarlberger-walservereinigung.at\/vwvwp\/wp-json\/wp\/v2\/chronik-gemeinden?post=19703"},{"taxonomy":"walserheimat","embeddable":true,"href":"https:\/\/www.vorarlberger-walservereinigung.at\/vwvwp\/wp-json\/wp\/v2\/walserheimat?post=19703"},{"taxonomy":"gebiete","embeddable":true,"href":"https:\/\/www.vorarlberger-walservereinigung.at\/vwvwp\/wp-json\/wp\/v2\/gebiete?post=19703"},{"taxonomy":"superkategorien","embeddable":true,"href":"https:\/\/www.vorarlberger-walservereinigung.at\/vwvwp\/wp-json\/wp\/v2\/superkategorien?post=19703"}],"curies":[{"name":"wp","href":"https:\/\/api.w.org\/{rel}","templated":true}]}}