{"id":19685,"date":"2026-03-02T14:29:32","date_gmt":"2026-03-02T13:29:32","guid":{"rendered":"https:\/\/www.vorarlberger-walservereinigung.at\/vwvwp\/?p=19685"},"modified":"2026-03-02T15:44:17","modified_gmt":"2026-03-02T14:44:17","slug":"chronik-2025-duenserberg","status":"publish","type":"post","link":"https:\/\/www.vorarlberger-walservereinigung.at\/vwvwp\/chronik-2025-duenserberg\/","title":{"rendered":"Chronik 2025 D\u00fcnserberg"},"content":{"rendered":"\n<h2 class=\"wp-block-heading\"><img loading=\"lazy\" decoding=\"async\" width=\"51\" height=\"69\" class=\"wp-image-1083\" style=\"width: 51px;\" src=\"https:\/\/www.vorarlberger-walservereinigung.at\/vwvwp\/wp-content\/uploads\/2015\/06\/duenserberg.gif\" alt=\"\"> Das Jahr 2025 in der Gemeinde <a href=\"https:\/\/www.vorarlberger-walservereinigung.at\/vwvwp\/?p=698\">D\u00fcnserberg<\/a><\/h2>\n\n\n\n<!--more-->\n\n\n\n<p>Nach zwei Jahren Leerstand konnte die Gemeinde D\u00fcnserberg mit Alexander Bader einen neuen P\u00e4chter f\u00fcr den Gemeindesaal gewinnen. Am 1. M\u00e4rz wurde das Panoramarestaurant Montanast neu er\u00f6ffnet.<\/p>\n\n\n<div class=\"wp-block-image\">\n<figure class=\"alignleft size-full\"><img loading=\"lazy\" decoding=\"async\" width=\"631\" height=\"441\" src=\"https:\/\/www.vorarlberger-walservereinigung.at\/vwvwp\/wp-content\/uploads\/2026\/02\/Duenserberg_2025-1.jpg\" alt=\"Die neu gew\u00e4hlte Gemeindevertretung von D\u00fcnserberg: Christian Lins, Gerhard Fruhauf, Marcel Rauch, Daniel Mally, B\u00fcrgermeister Walter Rauch, Christian Sohm, Fabian Zimmermann, Vizeb\u00fcrgermeister Markus Hartmann, Rene Amann (v. li.)\" class=\"wp-image-19688\" srcset=\"https:\/\/www.vorarlberger-walservereinigung.at\/vwvwp\/wp-content\/uploads\/2026\/02\/Duenserberg_2025-1.jpg 631w, https:\/\/www.vorarlberger-walservereinigung.at\/vwvwp\/wp-content\/uploads\/2026\/02\/Duenserberg_2025-1-300x210.jpg 300w\" sizes=\"auto, (max-width: 631px) 100vw, 631px\" \/><figcaption class=\"wp-element-caption\">Die neu gew\u00e4hlte Gemeindevertretung von D\u00fcnserberg: Christian Lins, Gerhard Fruhauf, Marcel Rauch, Daniel Mally, B\u00fcrgermeister Walter Rauch, Christian Sohm, Fabian Zimmermann, Vizeb\u00fcrgermeister Markus Hartmann, Rene Amann (v. li.)<br>Foto: Gemeinde D\u00fcnserberg<\/figcaption><\/figure>\n<\/div>\n\n\n<p>Die Gemeindewahlen am 16. M\u00e4rz wurden mit einer Wahlbeteiligung von 73,6 Prozent abgehalten. Walter Rauch wurde wieder als B\u00fcrgermeister best\u00e4tigt. Er ist bereits seit 40 Jahren B\u00fcrgermeister von D\u00fcnserberg und damit der am l\u00e4ngsten amtierende B\u00fcrgermeister Vorarlbergs. Markus Hartmann wurde als Vizeb\u00fcrgermeister wiedergew\u00e4hlt. Neu in den Gemeindevorstand wurden Christian Sohm und Gerhard Fruhauf berufen. Mit dem Abschluss der Gemeindewahlen schieden mehrere langj\u00e4hrige Mandatare aus ihren Funktionen aus. Die Gemeinde bedankt und verabschiedet sich von Johannes Lins (35 Jahre Gemeindevertreter), Gabriel Amann (30 Jahre Gemeindevertreter) und Walter Sohm (15 Jahre Gemeindevertreter und f\u00fcnf Jahre Ersatzvertreter).<\/p>\n\n\n\n<p>Die 46. Jahreshauptversammlung der Ortsfeuerwehr D\u00fcnserberg fand am 22. M\u00e4rz im Henslerst\u00fcble statt. Nach Berichten und Rechnungslegung wurde Martin Amann einstimmig zum neuen Kommandanten gew\u00e4hlt. Nach 20 Jahren legte Christian Hartmann sein Amt als Kassier nieder, welches Fabian Zimmermann \u00fcbernahm. Zudem wurden Simon Amann, Mika Lins und Maya Marte in die Jungfeuerwehr aufgenommen.<\/p>\n\n\n\n<p>Zum 1. Mai 2025 ist die Gemeinde D\u00fcnserberg mit neun weiteren Gemeinden der Gesellschaft Bodensee-Vorarlberg Tourismus GmbH beigetreten, die damit nun 30 Mitgliedsgemeinden umfasst. Die Gemeinde D\u00fcnserberg profitiert insbesondere von einer h\u00f6heren Sichtbarkeit, professionellem Gemeinschaftsmarketing sowie einer verbesserten Servicequalit\u00e4t f\u00fcr G\u00e4ste und Einheimische. Die naturnahe und kulturell vielf\u00e4ltige Region Walgau erg\u00e4nzt das bestehende touristische Angebot ideal und setzt ein weiteres Zeichen f\u00fcr nachhaltige Tourismusentwicklung. F\u00fcr D\u00fcnserberg er\u00f6ffnet der Beitritt neue M\u00f6glichkeiten, die Gemeinde gezielt zu pr\u00e4sentieren und den Tourismus weiterzuentwickeln.<\/p>\n\n\n\n<p>Zus\u00e4tzlich startete das Projekt \u201eLandesweite \u00d6PNV-Mobilit\u00e4t f\u00fcr \u00dcbernachtungsg\u00e4ste\u201c. Mit der Bezahlung der G\u00e4stetaxe erhalten G\u00e4ste ein Mobilit\u00e4tsticket, das ihnen w\u00e4hrend ihres gesamten Aufenthalts die Nutzung aller \u00f6ffentlichen Verkehrsmittel in ganz Vorarlberg erm\u00f6glicht.<\/p>\n\n\n\n<p>Im Sommer wurde der Abschlussbericht zum historischen Gemeindearchiv D\u00fcnserberg fertiggestellt. Dabei wurden wertvolle Dokumente aus den Jahren 1668 bis 1945 fachgerecht gesichert und wissenschaftlich aufgearbeitet. Die Unterlagen geben wichtige Einblicke in die Geschichte der Gemeinde, etwa in Verwaltung, Schul-und Vereinswesen sowie in pr\u00e4gende Ereignisse der Dorfentwicklung. Dank der Unterst\u00fctzung des Walgau-Archivs und des Gemeindeteams bleiben diese Zeitzeugnisse f\u00fcr kommende Generationen erhalten und stehen Interessierten f\u00fcr die Forschung zur Verf\u00fcgung.<\/p>\n\n\n<div class=\"wp-block-image\">\n<figure class=\"alignright size-full\"><img loading=\"lazy\" decoding=\"async\" width=\"632\" height=\"391\" src=\"https:\/\/www.vorarlberger-walservereinigung.at\/vwvwp\/wp-content\/uploads\/2026\/02\/Duenserberg_2025-2.jpg\" alt=\"Pr\u00e4sentation des R\u00e4umlichen Entwicklungskonzepts (REP) im Gemeindeamt D\u00fcnserberg, an der rund 40 B\u00fcrgerinnen und B\u00fcrger teilnahmen.\" class=\"wp-image-19689\" srcset=\"https:\/\/www.vorarlberger-walservereinigung.at\/vwvwp\/wp-content\/uploads\/2026\/02\/Duenserberg_2025-2.jpg 632w, https:\/\/www.vorarlberger-walservereinigung.at\/vwvwp\/wp-content\/uploads\/2026\/02\/Duenserberg_2025-2-300x186.jpg 300w\" sizes=\"auto, (max-width: 632px) 100vw, 632px\" \/><figcaption class=\"wp-element-caption\">Pr\u00e4sentation des R\u00e4umlichen Entwicklungskonzepts (REP) im Gemeindeamt D\u00fcnserberg, an der rund 40 B\u00fcrgerinnen und B\u00fcrger teilnahmen.<br>Foto: Gemeinde D\u00fcnserberg<\/figcaption><\/figure>\n<\/div>\n\n\n<p>Gro\u00dfes Interesse zeigte sich bei der Pr\u00e4sentation des R\u00e4umlichen Entwicklungskonzepts (REP) D\u00fcnserberg am 27. Oktober 2025, an der rund 40 B\u00fcrgerinnen und B\u00fcrger teilnahmen. Im Mittelpunkt standen die zuk\u00fcnftige Entwicklung der Gemeinde, regionale Zusammenarbeit, Tourismus, \u00f6ffentlicher Verkehr und Ma\u00dfnahmen f\u00fcr einen klimafitten Wald. Das Konzept setzt auf eine behutsame, nachhaltige Entwicklung, den Erhalt der landwirtschaftlich gepr\u00e4gten Kulturlandschaft sowie eine St\u00e4rkung des sanften Tourismus und der lokalen Gastronomie. Positiv hervorgehoben wurde zudem die gute Nutzung der Landbuslinie 550 und die Bedeutung des \u201eSchnifner B\u00e4hnle\u201c f\u00fcr den Naherholungsraum. Das REP wurde seit 2022 mit Beteiligung der B\u00fcrger erarbeitet und gilt bis 2035.<\/p>\n\n\n\n<p>Ab dem 4. Oktober brachte die Theatergruppe D\u00fcnserberg mit dem Lustspiel \u201eDie Residenz \u2013 Schloss &amp; Riegel\u201c beste Unterhaltung auf die B\u00fchne. Unter der Regie von Marcel Rauch wurde das St\u00fcck an sechs Abenden aufgef\u00fchrt und sorgte mit viel Humor f\u00fcr zahlreiche Lachtr\u00e4nen im Publikum. Wie schon in den Jahren zuvor, zeigte die Theatergruppe auch soziales Engagement. Dank der Unterst\u00fctzung von Besuchern, Spendern und Sponsoren konnte eine Spendensumme von 3.700 Euro f\u00fcr die schwerstbehinderte Anna gesammelt werden.<\/p>\n\n\n\n<h3 class=\"wp-block-heading\">Geburten<\/h3>\n\n\n\n<p>Charlotte Marie Schnetzer, Eltern Elisabeth Schnetzer und Christian Sohm;<br>Rosa Watzenegger, Eltern Isabella und Stefan Watzenegger;<br>Diego Gabriel Calvo Silva, Eltern Anna M\u00fcller und Sandro Miguel Calvo Silva.<\/p>\n\n\n\n<h3 class=\"wp-block-heading\">Jubil\u00e4en<\/h3>\n\n\n\n<p>Paulina Rauch, 95 Jahre<br>Irena H\u00f6lzlsauer, 85 Jahre<\/p>\n\n\n\n<p><em>Angela Schnetzer<\/em><\/p>\n","protected":false},"excerpt":{"rendered":"<p>Das Jahr 2025 in der Gemeinde D\u00fcnserberg (mehr\u00a0&hellip;)<\/p>\n","protected":false},"author":1,"featured_media":0,"comment_status":"closed","ping_status":"closed","sticky":false,"template":"","format":"standard","meta":{"ngg_post_thumbnail":0,"footnotes":""},"categories":[72],"tags":[],"taetigkeiten":[],"chronik-jahre":[803],"chronik-gemeinden":[398],"walserheimat":[804],"gebiete":[],"superkategorien":[],"class_list":["post-19685","post","type-post","status-publish","format-standard","hentry","category-chroniken","chronik-jahre-803","chronik-gemeinden-duenserberg","walserheimat-wh-118"],"_links":{"self":[{"href":"https:\/\/www.vorarlberger-walservereinigung.at\/vwvwp\/wp-json\/wp\/v2\/posts\/19685","targetHints":{"allow":["GET"]}}],"collection":[{"href":"https:\/\/www.vorarlberger-walservereinigung.at\/vwvwp\/wp-json\/wp\/v2\/posts"}],"about":[{"href":"https:\/\/www.vorarlberger-walservereinigung.at\/vwvwp\/wp-json\/wp\/v2\/types\/post"}],"author":[{"embeddable":true,"href":"https:\/\/www.vorarlberger-walservereinigung.at\/vwvwp\/wp-json\/wp\/v2\/users\/1"}],"replies":[{"embeddable":true,"href":"https:\/\/www.vorarlberger-walservereinigung.at\/vwvwp\/wp-json\/wp\/v2\/comments?post=19685"}],"version-history":[{"count":8,"href":"https:\/\/www.vorarlberger-walservereinigung.at\/vwvwp\/wp-json\/wp\/v2\/posts\/19685\/revisions"}],"predecessor-version":[{"id":19839,"href":"https:\/\/www.vorarlberger-walservereinigung.at\/vwvwp\/wp-json\/wp\/v2\/posts\/19685\/revisions\/19839"}],"wp:attachment":[{"href":"https:\/\/www.vorarlberger-walservereinigung.at\/vwvwp\/wp-json\/wp\/v2\/media?parent=19685"}],"wp:term":[{"taxonomy":"category","embeddable":true,"href":"https:\/\/www.vorarlberger-walservereinigung.at\/vwvwp\/wp-json\/wp\/v2\/categories?post=19685"},{"taxonomy":"post_tag","embeddable":true,"href":"https:\/\/www.vorarlberger-walservereinigung.at\/vwvwp\/wp-json\/wp\/v2\/tags?post=19685"},{"taxonomy":"taetigkeiten","embeddable":true,"href":"https:\/\/www.vorarlberger-walservereinigung.at\/vwvwp\/wp-json\/wp\/v2\/taetigkeiten?post=19685"},{"taxonomy":"chronik-jahre","embeddable":true,"href":"https:\/\/www.vorarlberger-walservereinigung.at\/vwvwp\/wp-json\/wp\/v2\/chronik-jahre?post=19685"},{"taxonomy":"chronik-gemeinden","embeddable":true,"href":"https:\/\/www.vorarlberger-walservereinigung.at\/vwvwp\/wp-json\/wp\/v2\/chronik-gemeinden?post=19685"},{"taxonomy":"walserheimat","embeddable":true,"href":"https:\/\/www.vorarlberger-walservereinigung.at\/vwvwp\/wp-json\/wp\/v2\/walserheimat?post=19685"},{"taxonomy":"gebiete","embeddable":true,"href":"https:\/\/www.vorarlberger-walservereinigung.at\/vwvwp\/wp-json\/wp\/v2\/gebiete?post=19685"},{"taxonomy":"superkategorien","embeddable":true,"href":"https:\/\/www.vorarlberger-walservereinigung.at\/vwvwp\/wp-json\/wp\/v2\/superkategorien?post=19685"}],"curies":[{"name":"wp","href":"https:\/\/api.w.org\/{rel}","templated":true}]}}