{"id":19674,"date":"2026-03-02T14:21:57","date_gmt":"2026-03-02T13:21:57","guid":{"rendered":"https:\/\/www.vorarlberger-walservereinigung.at\/vwvwp\/?p=19674"},"modified":"2026-03-02T15:42:08","modified_gmt":"2026-03-02T14:42:08","slug":"chronik-2025-buerserberg","status":"publish","type":"post","link":"https:\/\/www.vorarlberger-walservereinigung.at\/vwvwp\/chronik-2025-buerserberg\/","title":{"rendered":"Chronik 2025 B\u00fcrserberg"},"content":{"rendered":"\n<h2 class=\"wp-block-heading\"><img loading=\"lazy\" decoding=\"async\" width=\"50\" height=\"57\" class=\"wp-image-1081\" style=\"width: 50px;\" src=\"https:\/\/www.vorarlberger-walservereinigung.at\/vwvwp\/wp-content\/uploads\/2015\/06\/buerserberg.gif\" alt=\"\"> Das Jahr 2025 in der Gemeinde <a href=\"https:\/\/www.vorarlberger-walservereinigung.at\/vwvwp\/?p=694\">B\u00fcrserberg<\/a><\/h2>\n\n\n\n<!--more-->\n\n\n\n<p>Das vergangene Jahr 2025 war gepr\u00e4gt von gutem Wetter f\u00fcr den Normalb\u00fcrger,f\u00fcr Natur und Landschaft. Doch die Unberechenbarkeit f\u00fcr den Wintertourismus ist inzwischen sehr gravierend geworden.<\/p>\n\n\n\n<p>Schon der Winter 2024\/25 brachte sehr wenig Schnee, aber wenigstens war es kalt genug, um die Pisten zur Weihnachtszeit zu beschneien. Der Winterbeginn 2025\/26 brachte nur wenige kalte Tage im November und dann den ganzen Dezember \u00fcber mildes Wetter. Wolkenlos und mild \u00fcber 700 m, aber viel Nebel und K\u00e4lte im Talgrund. Erst die letzten Tage das Jahres waren so kalt, dass ein durchgehendes Beschneien der Pisten m\u00f6glich war. So war es erst am Neujahrstag 2026 m\u00f6glich, eine entsprechende Skipiste f\u00fcr die neue Loischkopfbahn in Betrieb zu nehmen. Seit Jahrzehnten prognostiziert die Wissenschaft solche Szenarien, doch der Optimismus unserer Zeit versucht diese Entwicklung mit immer mehr Technik und Einsatz von Kapital zu \u00fcberbr\u00fccken.<\/p>\n\n\n\n<p>Wenngleich doch viele gr\u00f6\u00dfere und kleinere Bauprojekte im Gemeindegebiet begonnen oder fertig gestellt wurden, so war der Neubau der Loischkopfbahn und die Neugestaltung des Biker-Parkes doch das dominante Baugeschehen im Dorf, das viel an Aufmerksamkeit, aber auch Kritik nach sich zog.<\/p>\n\n\n<div class=\"wp-block-image\">\n<figure class=\"alignleft size-full\"><img loading=\"lazy\" decoding=\"async\" width=\"632\" height=\"378\" src=\"https:\/\/www.vorarlberger-walservereinigung.at\/vwvwp\/wp-content\/uploads\/2026\/02\/Buerserberg_2025-1-1.jpg\" alt=\"\" class=\"wp-image-19678\" srcset=\"https:\/\/www.vorarlberger-walservereinigung.at\/vwvwp\/wp-content\/uploads\/2026\/02\/Buerserberg_2025-1-1.jpg 632w, https:\/\/www.vorarlberger-walservereinigung.at\/vwvwp\/wp-content\/uploads\/2026\/02\/Buerserberg_2025-1-1-300x179.jpg 300w\" sizes=\"auto, (max-width: 632px) 100vw, 632px\" \/><figcaption class=\"wp-element-caption\">Die neue Loischkopfbahn in B\u00fcrserberg. Foto: Karl Fritsche<\/figcaption><\/figure>\n<\/div>\n\n\n<p>Die nun am 12. Dezember in Betrieb gegangene neue Loischkopfbahn konnte bis zum Jahresende aufgrund des Schneemangels nur Wanderern ihr neues Flair pr\u00e4sentieren, das allerdings sehr beeindruckend ist. Denn die Bahn ist nicht nur f\u00fcr Skifahrer ausgelegt, sondern auch Radfahrer, Wanderer und Familien mit Kindern und Kinderwagen k\u00f6nnen die Bahn benutzen. Die Bahn wurde eigens daf\u00fcr konzipiert, dass ein m\u00f6glichst breites Publikum angesprochen wird. Sie \u00fcberwindet in acht Minuten den H\u00f6henunterschied von 617 Metern und bringt die G\u00e4ste in bequemen Zehnergondeln \u00fcber eine Mittelstation auf den Loischkopf.<\/p>\n\n\n\n<p>Allgemein bem\u00e4ngelt wird, dass es bei der Bergstation keine Einkehrm\u00f6glichkeit gibt. Aber aus nicht nachvollziehbaren beh\u00f6rdlichen Gr\u00fcnden war es nicht m\u00f6glich, dort auch eine entsprechende Gastronomie zu schaffen. Vor allem bei Schneemangel sowie bei Nebel und K\u00e4lte im Tal, aber milder Sonne in der H\u00f6he, w\u00e4re das doch f\u00fcr viele Menschen ein angenehmes und erholsames Erlebnis, in frischer Bergluft mit einem gewaltigen Panorama. Eine Bahn, die das ganze Jahr laufen soll, verliert damit eine entscheidend wichtige Einrichtung und viel an Attraktivit\u00e4t.<\/p>\n\n\n\n<p>Das beschr\u00e4nkte Platzangbot f\u00fcr B\u00fcrserberg erlaubt es leider nicht, dass umfassend berichtet werden kann. Besondere Aufmerksamkeit verdient aber auf alle F\u00e4lle der Bereich Kindergarten, Schule und Jugend. Im Kindergarten \u201eKinderhaus\u201c wird nun ab dem Schuljahr 2025\/26 die Betreuung in drei Gruppenformen angeboten: Kleinkindbetreuung ab zwei Jahren, Kindergarten und Sch\u00fclerbetreuung. Auch das Programm \u201efamilieplus\u201c der Vorarlberger Landesregierung und der Wintersportverein bieten ein reichhaltiges Programm bis ins Jugendalter.<\/p>\n\n\n\n<p>Die Gemeinde B\u00fcrserberg hatte Ende 2025 603 Einwohner. Davon haben zirka 17 Prozent eine ausl\u00e4ndische Staatsb\u00fcrgerschaft. Die Volksschule besuchen im laufenden Schuljahr 23 Kinder.<\/p>\n\n\n\n<h3 class=\"wp-block-heading\">Geburten<\/h3>\n\n\n\n<p>Laura Tantscher, Eltern Leonie Pfeiffer und Andreas Tantscher;<br>Henry Baumgartner, Eltern Yvonne und Dominik Baumgartner;<br>Adam Samuel Marte, Mutter Vicky Marte;<br>Ida Wehinger, Eltern Sarah und Alexander Wehinger.<\/p>\n\n\n\n<h3 class=\"wp-block-heading\">Sterbef\u00e4lle<\/h3>\n\n\n\n<p>Karl Heinz Beck , Jg. 1954<br>Josefina Fritsche, Jg. 1928<br>Adolf Haselwanter, Jg. 1937<br>Dr. Andreas Schwald, Jg.1939<br>Maria Anna Fritsche, Jg. 2024<\/p>\n\n\n\n<p><em>Karl Fritsche<\/em><\/p>\n","protected":false},"excerpt":{"rendered":"<p>Das Jahr 2025 in der Gemeinde B\u00fcrserberg (mehr\u00a0&hellip;)<\/p>\n","protected":false},"author":1,"featured_media":0,"comment_status":"closed","ping_status":"closed","sticky":false,"template":"","format":"standard","meta":{"ngg_post_thumbnail":0,"footnotes":""},"categories":[72],"tags":[],"taetigkeiten":[],"chronik-jahre":[803],"chronik-gemeinden":[385],"walserheimat":[804],"gebiete":[],"superkategorien":[],"class_list":["post-19674","post","type-post","status-publish","format-standard","hentry","category-chroniken","chronik-jahre-803","chronik-gemeinden-buerserberg","walserheimat-wh-118"],"_links":{"self":[{"href":"https:\/\/www.vorarlberger-walservereinigung.at\/vwvwp\/wp-json\/wp\/v2\/posts\/19674","targetHints":{"allow":["GET"]}}],"collection":[{"href":"https:\/\/www.vorarlberger-walservereinigung.at\/vwvwp\/wp-json\/wp\/v2\/posts"}],"about":[{"href":"https:\/\/www.vorarlberger-walservereinigung.at\/vwvwp\/wp-json\/wp\/v2\/types\/post"}],"author":[{"embeddable":true,"href":"https:\/\/www.vorarlberger-walservereinigung.at\/vwvwp\/wp-json\/wp\/v2\/users\/1"}],"replies":[{"embeddable":true,"href":"https:\/\/www.vorarlberger-walservereinigung.at\/vwvwp\/wp-json\/wp\/v2\/comments?post=19674"}],"version-history":[{"count":8,"href":"https:\/\/www.vorarlberger-walservereinigung.at\/vwvwp\/wp-json\/wp\/v2\/posts\/19674\/revisions"}],"predecessor-version":[{"id":19835,"href":"https:\/\/www.vorarlberger-walservereinigung.at\/vwvwp\/wp-json\/wp\/v2\/posts\/19674\/revisions\/19835"}],"wp:attachment":[{"href":"https:\/\/www.vorarlberger-walservereinigung.at\/vwvwp\/wp-json\/wp\/v2\/media?parent=19674"}],"wp:term":[{"taxonomy":"category","embeddable":true,"href":"https:\/\/www.vorarlberger-walservereinigung.at\/vwvwp\/wp-json\/wp\/v2\/categories?post=19674"},{"taxonomy":"post_tag","embeddable":true,"href":"https:\/\/www.vorarlberger-walservereinigung.at\/vwvwp\/wp-json\/wp\/v2\/tags?post=19674"},{"taxonomy":"taetigkeiten","embeddable":true,"href":"https:\/\/www.vorarlberger-walservereinigung.at\/vwvwp\/wp-json\/wp\/v2\/taetigkeiten?post=19674"},{"taxonomy":"chronik-jahre","embeddable":true,"href":"https:\/\/www.vorarlberger-walservereinigung.at\/vwvwp\/wp-json\/wp\/v2\/chronik-jahre?post=19674"},{"taxonomy":"chronik-gemeinden","embeddable":true,"href":"https:\/\/www.vorarlberger-walservereinigung.at\/vwvwp\/wp-json\/wp\/v2\/chronik-gemeinden?post=19674"},{"taxonomy":"walserheimat","embeddable":true,"href":"https:\/\/www.vorarlberger-walservereinigung.at\/vwvwp\/wp-json\/wp\/v2\/walserheimat?post=19674"},{"taxonomy":"gebiete","embeddable":true,"href":"https:\/\/www.vorarlberger-walservereinigung.at\/vwvwp\/wp-json\/wp\/v2\/gebiete?post=19674"},{"taxonomy":"superkategorien","embeddable":true,"href":"https:\/\/www.vorarlberger-walservereinigung.at\/vwvwp\/wp-json\/wp\/v2\/superkategorien?post=19674"}],"curies":[{"name":"wp","href":"https:\/\/api.w.org\/{rel}","templated":true}]}}