{"id":19665,"date":"2026-03-02T14:17:36","date_gmt":"2026-03-02T13:17:36","guid":{"rendered":"https:\/\/www.vorarlberger-walservereinigung.at\/vwvwp\/?p=19665"},"modified":"2026-03-02T15:40:30","modified_gmt":"2026-03-02T14:40:30","slug":"chronik-2025-brand","status":"publish","type":"post","link":"https:\/\/www.vorarlberger-walservereinigung.at\/vwvwp\/chronik-2025-brand\/","title":{"rendered":"Chronik 2025 Brand"},"content":{"rendered":"\n<h2 class=\"wp-block-heading\"><img loading=\"lazy\" decoding=\"async\" width=\"50\" height=\"70\" class=\"wp-image-1080\" style=\"width: 50px;\" src=\"https:\/\/www.vorarlberger-walservereinigung.at\/vwvwp\/wp-content\/uploads\/2015\/06\/brand.gif\" alt=\"\"> Das Jahr 2025 in der Gemeinde <a href=\"https:\/\/www.vorarlberger-walservereinigung.at\/vwvwp\/?p=692\">Brand<\/a><\/h2>\n\n\n\n<!--more-->\n\n\n\n<p>Das Jahr 2025 war f\u00fcr Brand und das Brandnertal ein Jahr der Kontinuit\u00e4t und gleichzeitig eines der Weichenstellungen. Viele Entwicklungen haben sich fortgesetzt, manches wurde neu angesto\u00dfen, und  einiges hat uns auch gefordert. R\u00fcckblickend l\u00e4sst sich sagen: Es war ein Jahr, das weniger durch einzelne<br>spektakul\u00e4re Ereignisse gepr\u00e4gt war, sondern vielmehr durch solide Arbeit, gro\u00dfe Investitionen in die Zukunft und ein starkes Miteinander im Tal.<\/p>\n\n\n\n<h3 class=\"wp-block-heading\">Politik und Infrastruktur<\/h3>\n\n\n\n<p>Im M\u00e4rz 2025 fanden die Gemeindevertretungs- und B\u00fcrgermeisterwahlen statt. Es traten zwei Listen und zwei B\u00fcrgermeisterkandidaten an. Die Liste \u201eFreie W\u00e4hlerliste Brand\u201c erreichte neun Mandate in der Gemeindevertretung, die Liste \u201eEinfach Brandner\u201c erzielte drei Mandate. Das entspricht genau der Sitzverteilung der vergangenen Wahlen im Jahr 2020, sodass stabile politische Verh\u00e4ltnisse weiterhin gegeben sind. Als B\u00fcrgermeister wurde Klaus Bitschi mit 71,32 Prozent der Stimmen wiedergew\u00e4hlt. Er geht in seine zweite Amtsperiode.<\/p>\n\n\n<div class=\"wp-block-image is-style-default\">\n<figure class=\"alignleft size-full\"><img loading=\"lazy\" decoding=\"async\" width=\"631\" height=\"352\" src=\"https:\/\/www.vorarlberger-walservereinigung.at\/vwvwp\/wp-content\/uploads\/2026\/02\/Brand_2025-2.jpg\" alt=\"Der neue Dorfladen in Brand. Foto: Gemeinde Brand\" class=\"wp-image-19671\" style=\"aspect-ratio:16\/9;object-fit:cover\" srcset=\"https:\/\/www.vorarlberger-walservereinigung.at\/vwvwp\/wp-content\/uploads\/2026\/02\/Brand_2025-2.jpg 631w, https:\/\/www.vorarlberger-walservereinigung.at\/vwvwp\/wp-content\/uploads\/2026\/02\/Brand_2025-2-300x167.jpg 300w\" sizes=\"auto, (max-width: 631px) 100vw, 631px\" \/><figcaption class=\"wp-element-caption\">Der neue Dorfladen in Brand. Foto: Gemeinde Brand<\/figcaption><\/figure>\n<\/div>\n\n\n<p>Am 12. Juni 2025 wurde der neue Dorfladen mit dem Lebensmittelh\u00e4ndler SPAR als Einkaufspartner am Standort der ehemaligen Raiffeisenbank er\u00f6ffnet. Das neue Gesch\u00e4ft wird sowohl von Einheimischen als auch G\u00e4sten sehr gut angenommen und dient auch als sozialer Treffpunkt. Mit der Er\u00f6ffnung des Dorfladens als hundertprozentige Tochter der Gemeinde wurde die Nahversorgung im Ort nachhaltig gesichert und der Ortskern gest\u00e4rkt.<\/p>\n\n\n\n<h3 class=\"wp-block-heading\">Tourismus \u2013 Stabilit\u00e4t mit leichten Zuw\u00e4chsen<\/h3>\n\n\n\n<p>Touristisch bewegte sich das Jahr insgesamt auf dem Niveau des Vorjahres. Trotz eines verregneten Julis konnten die sehr starken Monate Juni und August diesen Effekt weitgehend ausgleichen. Auf das Tourismusjahr gesehen verzeichneten wir zirka zwei Prozent mehr Ank\u00fcnfte und in Summe rund 303.000 N\u00e4chtigungen.<\/p>\n\n\n\n<p>Mit dem neuen Logo und der Leitkampagne \u201eLieber sch\u00f6n ins Brandnertal\u201c wurde ein klares Bekenntnis zu Qualit\u00e4t, Authentizit\u00e4t und nachhaltigem Tourismus abgegeben. Mit der Gr\u00fcndung der Brandnertal Tourismus GmbH, welche gesamtheitlich zuk\u00fcnftig die Gemeinden B\u00fcrs, B\u00fcrserberg und Brand sowie die Bergbahnen unter einem Dach vermarktet, haben wir 2025 die strukturellen Voraussetzungen geschaffen und Kernkompetenzen zur\u00fcck ins Tal geholt, sodass wir schnell auf die zuk\u00fcnftigen Herausforderungen reagieren k\u00f6nnen.<\/p>\n\n\n\n<h3 class=\"wp-block-heading\">Bergbahnen \u2013 Investition in die Zukunft<\/h3>\n\n\n<div class=\"wp-block-image\">\n<figure class=\"alignright size-full\"><img loading=\"lazy\" decoding=\"async\" width=\"368\" height=\"494\" src=\"https:\/\/www.vorarlberger-walservereinigung.at\/vwvwp\/wp-content\/uploads\/2026\/02\/Brand_2025-1.jpg\" alt=\"Eine Gondel der neuen Loischkopfbahn\" class=\"wp-image-19669\" srcset=\"https:\/\/www.vorarlberger-walservereinigung.at\/vwvwp\/wp-content\/uploads\/2026\/02\/Brand_2025-1.jpg 368w, https:\/\/www.vorarlberger-walservereinigung.at\/vwvwp\/wp-content\/uploads\/2026\/02\/Brand_2025-1-223x300.jpg 223w\" sizes=\"auto, (max-width: 368px) 100vw, 368px\" \/><figcaption class=\"wp-element-caption\">Eine Gondel der neuen Loischkopfbahn Foto: Gemeinde Brand<\/figcaption><\/figure>\n<\/div>\n\n\n<p>Im April fiel der Startschuss f\u00fcr den Bau der neuen Loischkopfbahn auf der Tschengla. Mit einem Investitionsvolumen von rund 28 Millionen Euro handelt es sich um die gr\u00f6\u00dfte Investition in der Geschichte der Bergbahnen Brandnertal. Auch f\u00fcr die Gemeinden B\u00fcrserberg und Brand als gr\u00f6\u00dfte  Gesellschafter war das ein finanzieller Kraftakt, in dem sie jeweils 5,5 Millionen Euro in die Gesellschaft an Kapital einbrachten, um das Vorhaben zu stemmen. Die neue Bahn ersetzt die Einhornbahn II sowie die bisherige Loischkopfbahn. Am 12. Dezember 2025 wurde die Betriebsanlagenbewilligung erteilt. Der Start in die Wintersaison war witterungsbedingt herausfordernd. Die warmen Temperaturen verhinderten die technische Beschneiung, letztlich gab es lediglich drei Frostn\u00e4chte im November, um die Pisten herzurichten. Dennoch zeigte sich die Buchungslage zu Weihnachten und Silvester sehr erfreulich.<\/p>\n\n\n\n<h3 class=\"wp-block-heading\">Energie \u2013 Gemeinsam handeln<\/h3>\n\n\n\n<p>Im Juni nahm die Energiegemeinschaft Brandnertal ihren Betrieb auf. Bereits rund 60 Mitglieder mit \u00fcber 150 Z\u00e4hlpunkten beteiligen sich, darunter nahezu alle gro\u00dfen Beherbergungsbetriebe im Tal sowie die Gemeinden Brand und B\u00fcrserberg. Ziel ist es, den im Tal erzeugten Strom regional und zu g\u00fcnstigeren Tarifen zu nutzen. Die Energiegemeinschaft steht exemplarisch f\u00fcr den Weg hin zu mehr regionaler Wertsch\u00f6pfung, Kreislaufwirtschaft und Eigenverantwortung.<\/p>\n\n\n\n<p>Das Gro\u00dfprojekt L\u00fcnerseewerk II wurde auch 2025 in enger Kooperation mit der illwerke vkw AG weiterverfolgt. Im Fr\u00fchjahr 2025 wurde das UVP-Vorverfahren (Umweltvertr\u00e4glichkeitspr\u00fcfung) eingeleitet, die Begutachtung der Unterlagen fiel mehrheitlich positiv aus.<\/p>\n\n\n\n<h3 class=\"wp-block-heading\">Veranstaltungen<\/h3>\n\n\n\n<p>Zu den H\u00f6hepunkten im Jahr 2025 z\u00e4hlten der 23. Kirchentag mit der 57. Generalversammlung der Vorarlberger Walservereinigung, das Bundestreffen der Zimmerer, das ALPIN8 Everesting, das Bezirksfeuerwehrfest, die Station des Transalpin Runs mit rund 900 Teilnehmenden in Brand sowie das \u201eKunterbunt-Festival\u201c im Oktober. Insbesondere das dreit\u00e4gige Bezirksfeuerwehrfest hat das ganze Dorf<br>gefordert und war nur durch unz\u00e4hlige ehrenamtliche Helferinnen und Helfer gemeinsam zu stemmen.<\/p>\n\n\n\n<h3 class=\"wp-block-heading\">Katastrophen und Ereignisse<\/h3>\n\n\n\n<p>Abgesehen von einer kleinr\u00e4umigen Vermurung im Rothorntobel im August blieb Brand von gr\u00f6\u00dferen Naturereignissen zum Gl\u00fcck verschont, ganz im Gegensatz zum Walserdorf Blatten in der Schweiz, welches durch einen gewaltigen Gletscherabbruch und Bergsturz schwer getroffen wurde. Die Katastrophe hat gro\u00dfe Betroffenheit in der Bev\u00f6lkerung ausgel\u00f6st und auch aufgezeigt, dass die vermehrt auftretenden Felsst\u00fcrze im Tal mit Bedacht beobachtet werden m\u00fcssen.<\/p>\n\n\n\n<h3 class=\"wp-block-heading\">Statistik<\/h3>\n\n\n\n<p>Der \u00e4lteste Brandner wurde 99 Jahre alt, die \u00e4lteste Brandnerin 98. Insgesamt leben sieben Personen \u00fcber 90 Jahre in der Gemeinde. Es gab sieben Geburten und acht Todesf\u00e4lle sowie mehrere runde Geburtstage und Jubelhochzeiten.<\/p>\n\n\n\n<p><em>Klaus Bitschi<\/em><\/p>\n","protected":false},"excerpt":{"rendered":"<p>Das Jahr 2025 in der Gemeinde Brand (mehr\u00a0&hellip;)<\/p>\n","protected":false},"author":1,"featured_media":0,"comment_status":"closed","ping_status":"closed","sticky":false,"template":"","format":"standard","meta":{"ngg_post_thumbnail":0,"footnotes":""},"categories":[72],"tags":[],"taetigkeiten":[],"chronik-jahre":[803],"chronik-gemeinden":[384],"walserheimat":[804],"gebiete":[],"superkategorien":[],"class_list":["post-19665","post","type-post","status-publish","format-standard","hentry","category-chroniken","chronik-jahre-803","chronik-gemeinden-brand","walserheimat-wh-118"],"_links":{"self":[{"href":"https:\/\/www.vorarlberger-walservereinigung.at\/vwvwp\/wp-json\/wp\/v2\/posts\/19665","targetHints":{"allow":["GET"]}}],"collection":[{"href":"https:\/\/www.vorarlberger-walservereinigung.at\/vwvwp\/wp-json\/wp\/v2\/posts"}],"about":[{"href":"https:\/\/www.vorarlberger-walservereinigung.at\/vwvwp\/wp-json\/wp\/v2\/types\/post"}],"author":[{"embeddable":true,"href":"https:\/\/www.vorarlberger-walservereinigung.at\/vwvwp\/wp-json\/wp\/v2\/users\/1"}],"replies":[{"embeddable":true,"href":"https:\/\/www.vorarlberger-walservereinigung.at\/vwvwp\/wp-json\/wp\/v2\/comments?post=19665"}],"version-history":[{"count":10,"href":"https:\/\/www.vorarlberger-walservereinigung.at\/vwvwp\/wp-json\/wp\/v2\/posts\/19665\/revisions"}],"predecessor-version":[{"id":19833,"href":"https:\/\/www.vorarlberger-walservereinigung.at\/vwvwp\/wp-json\/wp\/v2\/posts\/19665\/revisions\/19833"}],"wp:attachment":[{"href":"https:\/\/www.vorarlberger-walservereinigung.at\/vwvwp\/wp-json\/wp\/v2\/media?parent=19665"}],"wp:term":[{"taxonomy":"category","embeddable":true,"href":"https:\/\/www.vorarlberger-walservereinigung.at\/vwvwp\/wp-json\/wp\/v2\/categories?post=19665"},{"taxonomy":"post_tag","embeddable":true,"href":"https:\/\/www.vorarlberger-walservereinigung.at\/vwvwp\/wp-json\/wp\/v2\/tags?post=19665"},{"taxonomy":"taetigkeiten","embeddable":true,"href":"https:\/\/www.vorarlberger-walservereinigung.at\/vwvwp\/wp-json\/wp\/v2\/taetigkeiten?post=19665"},{"taxonomy":"chronik-jahre","embeddable":true,"href":"https:\/\/www.vorarlberger-walservereinigung.at\/vwvwp\/wp-json\/wp\/v2\/chronik-jahre?post=19665"},{"taxonomy":"chronik-gemeinden","embeddable":true,"href":"https:\/\/www.vorarlberger-walservereinigung.at\/vwvwp\/wp-json\/wp\/v2\/chronik-gemeinden?post=19665"},{"taxonomy":"walserheimat","embeddable":true,"href":"https:\/\/www.vorarlberger-walservereinigung.at\/vwvwp\/wp-json\/wp\/v2\/walserheimat?post=19665"},{"taxonomy":"gebiete","embeddable":true,"href":"https:\/\/www.vorarlberger-walservereinigung.at\/vwvwp\/wp-json\/wp\/v2\/gebiete?post=19665"},{"taxonomy":"superkategorien","embeddable":true,"href":"https:\/\/www.vorarlberger-walservereinigung.at\/vwvwp\/wp-json\/wp\/v2\/superkategorien?post=19665"}],"curies":[{"name":"wp","href":"https:\/\/api.w.org\/{rel}","templated":true}]}}