{"id":19513,"date":"2025-02-20T17:08:23","date_gmt":"2025-02-20T16:08:23","guid":{"rendered":"https:\/\/www.vorarlberger-walservereinigung.at\/vwvwp\/?p=19513"},"modified":"2025-02-20T17:08:23","modified_gmt":"2025-02-20T16:08:23","slug":"chronik-2024-warth","status":"publish","type":"post","link":"https:\/\/www.vorarlberger-walservereinigung.at\/vwvwp\/chronik-2024-warth\/","title":{"rendered":"Chronik 2024 Warth"},"content":{"rendered":"\n<h2 class=\"wp-block-heading\"><img loading=\"lazy\" decoding=\"async\" width=\"150\" height=\"197\" class=\"wp-image-1099\" style=\"width: 150px;\" src=\"https:\/\/www.vorarlberger-walservereinigung.at\/vwvwp\/wp-content\/uploads\/2015\/06\/warth.gif\" alt=\"\">Das Jahr 2024 in der Gemeinde <a href=\"https:\/\/www.vorarlberger-walservereinigung.at\/vwvwp\/?p=726\">Warth<\/a><\/h2>\n\n\n\n<!--more-->\n\n\n\n<p>Durch die recht fr\u00fchen und intensiven Schneef\u00e4lle Ende November 2023 konnte der Skibetrieb rechtzeitig am 8. Dezember starten. Eine zirka zwei Meter dicke Schneedecke Mitte Dezember im Dorf sorgte daf\u00fcr, dass zu Weihnachten ein intensiver dreit\u00e4giger Regen bis auf eine H\u00f6he von 2.000 Meter kein Problem war. Den gesamten Winter \u00fcber herrschten auf 1.500 m Seeh\u00f6he Temperaturen um die null Grad. Die Bergbahnen, Skischulen und die Hotellerie verzeichneten eine ausgezeichnete Wintersaison, die am 15. April 2024 endete.<\/p>\n\n\n\n<p>Einen ungew\u00f6hnlichen Bergrettungseinsatz gab es auf der gesperrten Stra\u00dfe zwischen Lech und Warth. Eine Familie aus Kasachstan, Vater mit zwei Kindern, 14 und 10 Jahre, kam nach dem Skitag in Lech-Z\u00fcrs zu sp\u00e4t zur Verbindungsbahn, um nach Warth zur\u00fcckzukommen. Ein Taxi war dem Mann zu teuer. Er entschied sich, die sechs Kilometer lange Strecke auf der von Lawinen versch\u00fctteten Stra\u00dfe zu Fu\u00df nach Warth zu laufen. Nach Einbruch der Dunkelheit und einem dreist\u00fcndigen Marsch waren sie mit den Kr\u00e4ften am Ende. Die Bergrettung Warth konnte den Vater mit den Kindern in v\u00f6llig entkr\u00e4ftetem Zustand beim sogenannten Aprillentobel auffinden und angeseilt nach Warth bringen.<\/p>\n\n\n\n<p>In einer etwas anderen Art wurde am 7. April die Vereinsmeisterschaft des SC Warth mit anschlie\u00dfendem Gaudigruppen- Skirennen durchgef\u00fchrt. Skilehrer und freiwillige Helfer sorgten f\u00fcr ein tolles Event. Allein aus dem Kindergarten Warth waren zw\u00f6lf Spr\u00f6sslinge am Start. Vereinsmeister wurden Valentina Moll, Jg. 2016, und Samuel Huber, Jg. 2008.<\/p>\n\n\n\n<p>Die Sport-Skischule Warth errichtete ein Mitarbeitergeb\u00e4ude mit rund 30 Einheiten und einem Restaurant im Erdgeschoss. Der Bau einer Teamunterkunft wurde durch die Zunahme an Mitarbeitern, die gro\u00dfteils von ausw\u00e4rts kommen und eine Unterkunft ben\u00f6tigen, unumg\u00e4nglich, so Skischulleiter Mathias Fritz. Der Restaurationsbereich soll die Verpflegungsm\u00f6glichkeiten zu Mittag, vor allem f\u00fcr die Skikurs-Kindergruppen, verbessern.<\/p>\n\n\n\n<p>In Gehren wurden beim Gehrner Hof von Marko Fritz eine Stallerweiterung (Freilaufstallung) f\u00fcr zirka 30 St\u00fcck Vieh und zus\u00e4tzliche Garagenpl\u00e4tze errichtet.<\/p>\n\n\n\n<p>Pfarrer Johannes Kolasa zelebrierte die Erstkommunionfeier am 28. April mit musikalischer Begleitung der Musikkapelle Schr\u00f6cken. Auch die Alphorngruppe Wartherhorn leistete ihren Beitrag vor und nach der hl. Messe. Valentina Moll und Sophia Roiderer waren die Warther Erstkommunikanten.<\/p>\n\n\n\n<p>Auch die Sternsinger waren mit zwei Gruppen wieder eifrig in Warth, Gehren und Lechleiten unterwegs und sammelten den beeindruckenden Betrag von beinahe 3.000 Euro f\u00fcr Kinder in \u00e4rmeren L\u00e4ndern.<\/p>\n\n\n\n<p>Der Trachtenverein Warth mit seinen stolzen 50 Mitgliedern hielt seine alle vier Jahre stattfindende Generalversammlung ab. In Warth, Lech und Schr\u00f6cken gibt es die Tannbergtracht, die bei allen \u00f6ffentlichen und gr\u00f6\u00dferen kirchlichen Anl\u00e4ssen getragen wird.<\/p>\n\n\n\n<p>30 junggebliebene Pensionistinnen und Pensionisten kamen zum Seniorennachmittag, der diesmal auf der Tiroler Seite im Holzgauerhaus in Lechleiten stattfand. Die alte, mit Holz get\u00e4ferte Gaststube mit einem traditionellen Herrgottswinkel und einem alten Kachelofen ist ein beliebter Treffpunkt.<\/p>\n\n\n\n<p>Im Schulsaal wurde zusammen mit der Gemeinde ein Advent-Seniorennachmittag veranstaltet. Die Musikschule Bregenzerwald, verst\u00e4rkt mit einigen Musikanten aus dem Dorf, sowie die Alphorngruppe Warth sorgten f\u00fcr eine adventliche Unterhaltung. Die Frauen vom Pfarrgemeinderat boten ein tolles  Kuchenbuffet mit Kaffee und einem perfekten Service. Die Einnahmen wurden f\u00fcr einen Stiegenlift f\u00fcr einen jungen Buben namens Lukas, der einen Schlaganfall hatte, gespendet.<\/p>\n\n\n\n<p>Ein intensiver Wintereinbruch am 13. September, bei dem innerhalb von zwei Tagen 60 cm Neuschnee im Ort vielen, zwang die Bauern zum raschen Alpabtrieb. Ausreichende Schneef\u00e4lle gab es Ende November, sodass die Wintersaison am 6. November 2024 voll starten konnte.<\/p>\n\n\n\n<figure class=\"wp-block-image size-full\"><img loading=\"lazy\" decoding=\"async\" width=\"313\" height=\"549\" src=\"https:\/\/www.vorarlberger-walservereinigung.at\/vwvwp\/wp-content\/uploads\/2025\/02\/warth_2024-1.jpg\" alt=\"Vergoldete Kuppel der Pfarrkirche Warth\" class=\"wp-image-19516\" srcset=\"https:\/\/www.vorarlberger-walservereinigung.at\/vwvwp\/wp-content\/uploads\/2025\/02\/warth_2024-1.jpg 313w, https:\/\/www.vorarlberger-walservereinigung.at\/vwvwp\/wp-content\/uploads\/2025\/02\/warth_2024-1-171x300.jpg 171w\" sizes=\"auto, (max-width: 313px) 100vw, 313px\" \/><figcaption class=\"wp-element-caption\">Aufgrund von Witterungseinfl\u00fcssen wurde eine Sanierung des Kirchturms der Pfarrkirche Warth unumg\u00e4nglich. Der Pfarrgemeinde- und der Pfarrkirchenrat haben zusammen mit der Di\u00f6zese eine Sanierung beschlossen. Mit einem Budget von 160.000 Euro wurden Verputz- und Malerarbeiten sowie eine neue Beschindelung, eine neue Vergoldung der Kuppel, Spenglerarbeiten und einige andere Arbeiten beauftragt. Jetzt zeigt sich der Turm in neuem Glanz.<br>Mit einem Spendenaufruf konnten einige Geldmittel aufgebracht werden. F\u00fcr eine Spende von mindestens 1.000 Euro erhielt man eine Metallkapsel, in die man ein pers\u00f6nliches Schriftst\u00fcck zur Aufbewahrung einlegen konnte. Alle Kapseln wurden verschwei\u00dft und werden im oberen Bereich des Turmes in einer Truhe aufbewahrt. Bei der n\u00e4chsten Turmsanierung wird dann die n\u00e4chste Generation diese Kapseln \u00f6ffnen und lesen, was damals alles geschah.<br>Auch beim Kirchlein in Gehren wurde auf Initiative der Gehrner das sich in sehr schlechtem Zustand befindende Schindeldach erneuert. Das Kirchlein in Gehren wurde zirka 1550 erbaut und dem hl. Nikolaus geweiht, bevor es 1741 den Kreuzweg und 1871 das Georgsgl\u00f6cklein erhielt. Viele der vorbeiziehenden Wanderer auf dem Lechweg werfen so manchen Euro in den Opferstock f\u00fcr die Erhaltung dieses Kulturgutes.<br>Foto: Gebhard Fritz<\/figcaption><\/figure>\n\n\n\n<h3 class=\"wp-block-heading\">Geburt<\/h3>\n\n\n\n<p>Magnus Pfefferkorn<\/p>\n\n\n\n<h3 class=\"wp-block-heading\">Hochzeiten<\/h3>\n\n\n\n<p>Martina und Harald Bickel vom Bauernhof Aruth<br>Michele und Simon Walch vom Hotel Walserberg<\/p>\n\n\n\n<h3 class=\"wp-block-heading\">Sterbef\u00e4lle<\/h3>\n\n\n\n<p>Hendrikje Stolz, 64<br>Helmut Heinzer, 85<\/p>\n\n\n\n<hr class=\"wp-block-separator has-alpha-channel-opacity\"\/>\n\n\n\n<p>Gebhard Fritz<\/p>\n","protected":false},"excerpt":{"rendered":"<p>Das Jahr 2024 in der Gemeinde Warth (mehr\u00a0&hellip;)<\/p>\n","protected":false},"author":1,"featured_media":0,"comment_status":"closed","ping_status":"closed","sticky":false,"template":"","format":"image","meta":{"ngg_post_thumbnail":0,"footnotes":""},"categories":[72],"tags":[791,792],"taetigkeiten":[],"chronik-jahre":[789],"chronik-gemeinden":[401],"walserheimat":[790],"gebiete":[],"superkategorien":[],"class_list":["post-19513","post","type-post","status-publish","format-image","hentry","category-chroniken","tag-791","tag-wh-116","post_format-post-format-image","chronik-jahre-789","chronik-gemeinden-warth","walserheimat-wh116"],"_links":{"self":[{"href":"https:\/\/www.vorarlberger-walservereinigung.at\/vwvwp\/wp-json\/wp\/v2\/posts\/19513","targetHints":{"allow":["GET"]}}],"collection":[{"href":"https:\/\/www.vorarlberger-walservereinigung.at\/vwvwp\/wp-json\/wp\/v2\/posts"}],"about":[{"href":"https:\/\/www.vorarlberger-walservereinigung.at\/vwvwp\/wp-json\/wp\/v2\/types\/post"}],"author":[{"embeddable":true,"href":"https:\/\/www.vorarlberger-walservereinigung.at\/vwvwp\/wp-json\/wp\/v2\/users\/1"}],"replies":[{"embeddable":true,"href":"https:\/\/www.vorarlberger-walservereinigung.at\/vwvwp\/wp-json\/wp\/v2\/comments?post=19513"}],"version-history":[{"count":3,"href":"https:\/\/www.vorarlberger-walservereinigung.at\/vwvwp\/wp-json\/wp\/v2\/posts\/19513\/revisions"}],"predecessor-version":[{"id":19517,"href":"https:\/\/www.vorarlberger-walservereinigung.at\/vwvwp\/wp-json\/wp\/v2\/posts\/19513\/revisions\/19517"}],"wp:attachment":[{"href":"https:\/\/www.vorarlberger-walservereinigung.at\/vwvwp\/wp-json\/wp\/v2\/media?parent=19513"}],"wp:term":[{"taxonomy":"category","embeddable":true,"href":"https:\/\/www.vorarlberger-walservereinigung.at\/vwvwp\/wp-json\/wp\/v2\/categories?post=19513"},{"taxonomy":"post_tag","embeddable":true,"href":"https:\/\/www.vorarlberger-walservereinigung.at\/vwvwp\/wp-json\/wp\/v2\/tags?post=19513"},{"taxonomy":"taetigkeiten","embeddable":true,"href":"https:\/\/www.vorarlberger-walservereinigung.at\/vwvwp\/wp-json\/wp\/v2\/taetigkeiten?post=19513"},{"taxonomy":"chronik-jahre","embeddable":true,"href":"https:\/\/www.vorarlberger-walservereinigung.at\/vwvwp\/wp-json\/wp\/v2\/chronik-jahre?post=19513"},{"taxonomy":"chronik-gemeinden","embeddable":true,"href":"https:\/\/www.vorarlberger-walservereinigung.at\/vwvwp\/wp-json\/wp\/v2\/chronik-gemeinden?post=19513"},{"taxonomy":"walserheimat","embeddable":true,"href":"https:\/\/www.vorarlberger-walservereinigung.at\/vwvwp\/wp-json\/wp\/v2\/walserheimat?post=19513"},{"taxonomy":"gebiete","embeddable":true,"href":"https:\/\/www.vorarlberger-walservereinigung.at\/vwvwp\/wp-json\/wp\/v2\/gebiete?post=19513"},{"taxonomy":"superkategorien","embeddable":true,"href":"https:\/\/www.vorarlberger-walservereinigung.at\/vwvwp\/wp-json\/wp\/v2\/superkategorien?post=19513"}],"curies":[{"name":"wp","href":"https:\/\/api.w.org\/{rel}","templated":true}]}}