{"id":19498,"date":"2025-02-20T17:10:23","date_gmt":"2025-02-20T16:10:23","guid":{"rendered":"https:\/\/www.vorarlberger-walservereinigung.at\/vwvwp\/?p=19498"},"modified":"2026-02-10T15:22:47","modified_gmt":"2026-02-10T14:22:47","slug":"chronik-2024-schroecken","status":"publish","type":"post","link":"https:\/\/www.vorarlberger-walservereinigung.at\/vwvwp\/chronik-2024-schroecken\/","title":{"rendered":"Chronik 2024 Schr\u00f6cken"},"content":{"rendered":"\n<h2 class=\"wp-block-heading\"><figure><img loading=\"lazy\" decoding=\"async\" width=\"150\" height=\"184\" class=\"alignleft wp-image-1092\" src=\"https:\/\/www.vorarlberger-walservereinigung.at\/vwvwp\/wp-content\/uploads\/2015\/06\/schroecken.gif\" alt=\"\"><\/figure>Das Jahr 2024 in der Gemeinde <a href=\"https:\/\/www.vorarlberger-walservereinigung.at\/vwvwp\/?p=714\">Schr\u00f6cken<\/a><\/h2>\n\n\n\n<!--more-->\n\n\n\n<p>Die Wintersaison 2023\/2024 konnte nicht besser starten. Bereits Mitte November gab es intensive Schneef\u00e4lle. Am 29. November 2023 meldete die Messstelle K\u00f6rbersee eine Schneeh\u00f6he von 142 cm. Das gesamte Skigebiet inklusive Dorfabfahrten nach Schr\u00f6cken konnte Anfang Dezember planm\u00e4\u00dfig in Betrieb gehen. Die Messstelle K\u00f6rbersee verzeichnete 9,64 Meter gesamt gefallene Schneemenge, wobei die h\u00f6chste Schneelage am 25. M\u00e4rz 2024 mit 2,25 Meter gemessen wurde.<\/p>\n\n\n\n<p>Mit knapp 130.000 G\u00e4sten\u00e4chtigungen im Jahr 2024 konnte das bislang beste touristische Ergebnis in Schr\u00f6cken erzielt werden.<\/p>\n\n\n\n<p>An der H\u00f6ferspitze im Bereich \u201eH\u00f6reli\u201c wurde im Juni \u00f6stlich der bestehenden Lawinenverbauung mit der Erweiterung begonnen. Im Rahmen des fl\u00e4chenwirtschaftlichen Projektes Hochtannberg werden hier in den n\u00e4chsten Jahren knapp zehn Millionen Euro in die Lawinensicherheit f\u00fcr das Dorf investiert.<\/p>\n\n\n\n<figure class=\"wp-block-image size-full\"><img loading=\"lazy\" decoding=\"async\" width=\"632\" height=\"365\" src=\"https:\/\/www.vorarlberger-walservereinigung.at\/vwvwp\/wp-content\/uploads\/2025\/02\/schroecken_2024-1.jpg\" alt=\"Lawinenverbauung H\u00f6ferspitze\" class=\"wp-image-19499\" srcset=\"https:\/\/www.vorarlberger-walservereinigung.at\/vwvwp\/wp-content\/uploads\/2025\/02\/schroecken_2024-1.jpg 632w, https:\/\/www.vorarlberger-walservereinigung.at\/vwvwp\/wp-content\/uploads\/2025\/02\/schroecken_2024-1-300x173.jpg 300w\" sizes=\"auto, (max-width: 632px) 100vw, 632px\" \/><figcaption class=\"wp-element-caption\">H\u00f6ferspitze, links die bestehende Verbauung, mittig Beginn der Erweiterung (eingekreist) Foto: Stephan Schwarzmann <\/figcaption><\/figure>\n\n\n\n<p>In Heimboden haben Silke und Mario Lang ihr Einfamilienhaus fertiggestellt und konnten dieses im Sommer beziehen. Die Alpe K\u00f6rb hat die \u201eStierk\u00f6rbh\u00fctte\u201c abgebrochen und durch ein neues Geb\u00e4ude ersetzt.<\/p>\n\n\n\n<p>Im Jahr 2024 war im Vereinsleben von Schr\u00f6cken wieder viel geboten. Nach vielen Jahren veranstaltete der Musikverein am 15. August wieder den \u201eTag der Blasmusik\u201c und marschierte durch das Dorf. Dieses Ereignis fand in Verbindung mit dem Patrozinium der Kirche Mari\u00e4 Himmelfahrt statt und sorgte f\u00fcr ein stimmungsvolles Fest. Ein ganz besonderes Fest konnte die Bergrettung Schr\u00f6cken am 19. Oktober 2024 feiern. An diesem Tag wurde mit einem gro\u00dfen Fest im Gemeindesaal das neue Einsatzfahrzeug vorgestellt und eingeweiht. Die Hundestaffel Vorarlberg feierte in diesem Rahmen auch ihr 70-j\u00e4hriges Bestandsjubil\u00e4um.<\/p>\n\n\n\n<figure class=\"wp-block-image size-full\"><img loading=\"lazy\" decoding=\"async\" width=\"633\" height=\"351\" src=\"https:\/\/www.vorarlberger-walservereinigung.at\/vwvwp\/wp-content\/uploads\/2025\/02\/schroecken_2024-2.jpg\" alt=\"Mitglieder Bergrettung Schr\u00f6cken mit Einsatzfahrzeug\" class=\"wp-image-19500\" srcset=\"https:\/\/www.vorarlberger-walservereinigung.at\/vwvwp\/wp-content\/uploads\/2025\/02\/schroecken_2024-2.jpg 633w, https:\/\/www.vorarlberger-walservereinigung.at\/vwvwp\/wp-content\/uploads\/2025\/02\/schroecken_2024-2-300x166.jpg 300w\" sizes=\"auto, (max-width: 633px) 100vw, 633px\" \/><figcaption class=\"wp-element-caption\">Bergrettung Schr\u00f6cken mit dem neuen Einsatzfahrzeug. Foto: Bergrettung Schr\u00f6cken<\/figcaption><\/figure>\n\n\n\n<h3 class=\"wp-block-heading\">Geburten<\/h3>\n\n\n\n<p>Leo, Eltern Sarah und Cornelius Jochum<br>Benedikt Ewoud Napiany, Eltern Julia Napiany und Ewoud Samuel<br>Augustinus Versteegh<\/p>\n\n\n\n<h3 class=\"wp-block-heading\">Jubilare<\/h3>\n\n\n\n<p>Melitta Schwarzmann, 90 Jahre<br>Hedwig Moosmann, 85 Jahre<br>Elmar Moosmann, 80 Jahre<\/p>\n\n\n\n<hr class=\"wp-block-separator has-alpha-channel-opacity\"\/>\n\n\n\n<p><em>Stephan Schwarzmann<\/em><\/p>\n","protected":false},"excerpt":{"rendered":"<p>Das Jahr 2024 in der Gemeinde Schr\u00f6cken (mehr\u00a0&hellip;)<\/p>\n","protected":false},"author":1,"featured_media":0,"comment_status":"closed","ping_status":"closed","sticky":false,"template":"","format":"image","meta":{"ngg_post_thumbnail":0,"footnotes":""},"categories":[72],"tags":[791,792],"taetigkeiten":[],"chronik-jahre":[789],"chronik-gemeinden":[395],"walserheimat":[790],"gebiete":[],"superkategorien":[],"class_list":["post-19498","post","type-post","status-publish","format-image","hentry","category-chroniken","tag-791","tag-wh-116","post_format-post-format-image","chronik-jahre-789","chronik-gemeinden-schroecken","walserheimat-wh116"],"_links":{"self":[{"href":"https:\/\/www.vorarlberger-walservereinigung.at\/vwvwp\/wp-json\/wp\/v2\/posts\/19498","targetHints":{"allow":["GET"]}}],"collection":[{"href":"https:\/\/www.vorarlberger-walservereinigung.at\/vwvwp\/wp-json\/wp\/v2\/posts"}],"about":[{"href":"https:\/\/www.vorarlberger-walservereinigung.at\/vwvwp\/wp-json\/wp\/v2\/types\/post"}],"author":[{"embeddable":true,"href":"https:\/\/www.vorarlberger-walservereinigung.at\/vwvwp\/wp-json\/wp\/v2\/users\/1"}],"replies":[{"embeddable":true,"href":"https:\/\/www.vorarlberger-walservereinigung.at\/vwvwp\/wp-json\/wp\/v2\/comments?post=19498"}],"version-history":[{"count":3,"href":"https:\/\/www.vorarlberger-walservereinigung.at\/vwvwp\/wp-json\/wp\/v2\/posts\/19498\/revisions"}],"predecessor-version":[{"id":19777,"href":"https:\/\/www.vorarlberger-walservereinigung.at\/vwvwp\/wp-json\/wp\/v2\/posts\/19498\/revisions\/19777"}],"wp:attachment":[{"href":"https:\/\/www.vorarlberger-walservereinigung.at\/vwvwp\/wp-json\/wp\/v2\/media?parent=19498"}],"wp:term":[{"taxonomy":"category","embeddable":true,"href":"https:\/\/www.vorarlberger-walservereinigung.at\/vwvwp\/wp-json\/wp\/v2\/categories?post=19498"},{"taxonomy":"post_tag","embeddable":true,"href":"https:\/\/www.vorarlberger-walservereinigung.at\/vwvwp\/wp-json\/wp\/v2\/tags?post=19498"},{"taxonomy":"taetigkeiten","embeddable":true,"href":"https:\/\/www.vorarlberger-walservereinigung.at\/vwvwp\/wp-json\/wp\/v2\/taetigkeiten?post=19498"},{"taxonomy":"chronik-jahre","embeddable":true,"href":"https:\/\/www.vorarlberger-walservereinigung.at\/vwvwp\/wp-json\/wp\/v2\/chronik-jahre?post=19498"},{"taxonomy":"chronik-gemeinden","embeddable":true,"href":"https:\/\/www.vorarlberger-walservereinigung.at\/vwvwp\/wp-json\/wp\/v2\/chronik-gemeinden?post=19498"},{"taxonomy":"walserheimat","embeddable":true,"href":"https:\/\/www.vorarlberger-walservereinigung.at\/vwvwp\/wp-json\/wp\/v2\/walserheimat?post=19498"},{"taxonomy":"gebiete","embeddable":true,"href":"https:\/\/www.vorarlberger-walservereinigung.at\/vwvwp\/wp-json\/wp\/v2\/gebiete?post=19498"},{"taxonomy":"superkategorien","embeddable":true,"href":"https:\/\/www.vorarlberger-walservereinigung.at\/vwvwp\/wp-json\/wp\/v2\/superkategorien?post=19498"}],"curies":[{"name":"wp","href":"https:\/\/api.w.org\/{rel}","templated":true}]}}