{"id":19491,"date":"2025-02-20T17:10:38","date_gmt":"2025-02-20T16:10:38","guid":{"rendered":"https:\/\/www.vorarlberger-walservereinigung.at\/vwvwp\/?p=19491"},"modified":"2025-02-20T17:10:38","modified_gmt":"2025-02-20T16:10:38","slug":"chronik-2024-lech","status":"publish","type":"post","link":"https:\/\/www.vorarlberger-walservereinigung.at\/vwvwp\/chronik-2024-lech\/","title":{"rendered":"Chronik 2024 Lech"},"content":{"rendered":"\n<h2 class=\"wp-block-heading\"><figure><img loading=\"lazy\" decoding=\"async\" width=\"150\" height=\"172\" class=\"alignleft wp-image-1089\" src=\"https:\/\/www.vorarlberger-walservereinigung.at\/vwvwp\/wp-content\/uploads\/2015\/06\/lech.gif\" alt=\"\"><\/figure>Das Jahr 2024 in der Gemeinde <a href=\"https:\/\/www.vorarlberger-walservereinigung.at\/vwvwp\/?p=708\">Lech<\/a><\/h2>\n\n\n\n<!--more-->\n\n\n\n<p>Nach vielen Jahren der Planungen und rund f\u00fcnfj\u00e4hriger Bauzeit war es am 12. April 2024 soweit und die beiden neuen Geb\u00e4ude \u201eDorfhus\u201c und \u201eLechwelten\u201c wurden feierlich er\u00f6ffnet und ihrer Bestimmung \u00fcbergeben. Bereits mit Jahresbeginn starteten die Planungen f\u00fcr den Umzug in die neuen R\u00e4umlichkeiten und so \u00fcbersiedelten noch w\u00e4hrend der laufenden Wintersaison im M\u00e4rz des Jahres die B\u00fccherei Lech in die Dorfrezeption sowie Mitarbeitende der Lech Z\u00fcrs Tourismus GmbH und der Gemeinde Lech in ihre neuen B\u00fcror\u00e4umlichkeiten im Dorfhus. In den Lechwelten finden die Trachtenkapelle Lech und die Musikschule Lech ein neues Zuhause. Immer noch leer stehen die im Erdgeschoss vorgesehenen Fl\u00e4chen f\u00fcr Handelsbetriebe.<\/p>\n\n\n\n<figure class=\"wp-block-image size-full\"><img loading=\"lazy\" decoding=\"async\" width=\"633\" height=\"556\" src=\"https:\/\/www.vorarlberger-walservereinigung.at\/vwvwp\/wp-content\/uploads\/2025\/02\/lech_2024-4.jpg\" alt=\"ER\u00f6ffnungsfeierlichkeiten Lechwelten\" class=\"wp-image-19496\" srcset=\"https:\/\/www.vorarlberger-walservereinigung.at\/vwvwp\/wp-content\/uploads\/2025\/02\/lech_2024-4.jpg 633w, https:\/\/www.vorarlberger-walservereinigung.at\/vwvwp\/wp-content\/uploads\/2025\/02\/lech_2024-4-300x264.jpg 300w\" sizes=\"auto, (max-width: 633px) 100vw, 633px\" \/><figcaption class=\"wp-element-caption\">Feierliche Er\u00f6ffnung der Lechwelten. Foto: Dietmar Hurnaus, Lech Z\u00fcrs Tourismus<\/figcaption><\/figure>\n\n\n\n<p>Die Namen f\u00fcr die beiden vom Architekturb\u00fcro Dorner Matt aus Bregenz gestalteten Geb\u00e4ude \u201eDorfhus\u201c und \u201eLechwelten\u201c wurden in einem Wettbewerb unter Lecher Kindern ermittelt. Die Ideen von Tessa Huber, Viktoria Bischof, Lea Panayotova und Flora Jochum konnten am meisten \u00fcberzeugen.<\/p>\n\n\n\n<p>H\u00f6hepunkt der Er\u00f6ffnungsfeierlichkeiten war die Auff\u00fchrung von Teilen der Zauberfl\u00f6te. Unter der Federf\u00fchrung von Marlies Wagner vom Lech Classic Festival wirkten neben renommierten Gesangssolistinnen und -solisten alle 80 Kinder der Volks- und Mittelschule Lech mit. Sie spielten, sangen und tanzten durch das St\u00fcck, unterst\u00fctzt von einem Chor mit 40 Lecherinnen und Lechern. Diese Initiative von Lech Z\u00fcrs Tourismus in Zusammenarbeit mit der Volks- und Mittelschule Lech, der Musikschule Lech und dem Lech Classic Festival fand beim Publikum gro\u00dfen Anklang. Die Premiere dieser ganz besonderen Kinderzauberfl\u00f6te fand schlie\u00dflich am 23. Juni 2024 vor dem vollen Saal der Lechwelten statt.<\/p>\n\n\n\n<figure class=\"wp-block-image size-full\"><img loading=\"lazy\" decoding=\"async\" width=\"632\" height=\"351\" src=\"https:\/\/www.vorarlberger-walservereinigung.at\/vwvwp\/wp-content\/uploads\/2025\/02\/lech_2024-1.jpg\" alt=\"Premiere Kinderzauberfl\u00f6te\" class=\"wp-image-19493\" srcset=\"https:\/\/www.vorarlberger-walservereinigung.at\/vwvwp\/wp-content\/uploads\/2025\/02\/lech_2024-1.jpg 632w, https:\/\/www.vorarlberger-walservereinigung.at\/vwvwp\/wp-content\/uploads\/2025\/02\/lech_2024-1-300x167.jpg 300w\" sizes=\"auto, (max-width: 632px) 100vw, 632px\" \/><figcaption class=\"wp-element-caption\">Premiere der Kinderzauberfl\u00f6te in den Lechwelten. Foto: Dietmar Hurnaus, Lech Z\u00fcrs Tourismus<\/figcaption><\/figure>\n\n\n\n<p>Die beiden nach dem Auszug der B\u00fcros freigewordenen Geb\u00e4ude, das Gemeindeamt Lech (Dorf 329) und das Haus der Lech Z\u00fcrs Tourismus GmbH (Dorf 2), ehemals Verkehrsamt, wurden neuen Bestimmungen \u00fcbergeben.<\/p>\n\n\n\n<figure class=\"wp-block-image size-full\"><img loading=\"lazy\" decoding=\"async\" width=\"632\" height=\"351\" src=\"https:\/\/www.vorarlberger-walservereinigung.at\/vwvwp\/wp-content\/uploads\/2025\/02\/lech_2024-2.jpg\" alt=\"Abbruc altes Gemeindehaus Lech\" class=\"wp-image-19494\" srcset=\"https:\/\/www.vorarlberger-walservereinigung.at\/vwvwp\/wp-content\/uploads\/2025\/02\/lech_2024-2.jpg 632w, https:\/\/www.vorarlberger-walservereinigung.at\/vwvwp\/wp-content\/uploads\/2025\/02\/lech_2024-2-300x167.jpg 300w\" sizes=\"auto, (max-width: 632px) 100vw, 632px\" \/><figcaption class=\"wp-element-caption\">Abbruch des alten Gemeindehauses. Foto: Birgit Heinrich<\/figcaption><\/figure>\n\n\n\n<p>Das alte Verkehrsamt wurde umfassend umgebaut und renoviert und von Benjamin Schneider und Patrick Krummenacher, Hotel Arlberg, zum \u201eArlberg Club House\u201c umgebaut \u2013 einem Ort, wo man sich zum Essen, Feiern und Einkaufen treffen soll. Das alte Gemeindeamt, in dem bis zuletzt auch noch die Kinderboutique Peppino eingemietet war, wurde im November komplett abgerissen. An dessen Stelle soll im kommenden Jahr ein Projekt des Hotel Sandhofs entstehen.<\/p>\n\n\n<div class=\"wp-block-image\">\n<figure class=\"alignright size-full\"><img loading=\"lazy\" decoding=\"async\" width=\"301\" height=\"556\" src=\"https:\/\/www.vorarlberger-walservereinigung.at\/vwvwp\/wp-content\/uploads\/2025\/02\/lech_2024-3.jpg\" alt=\"Innenraum Lechwelten\" class=\"wp-image-19495\" srcset=\"https:\/\/www.vorarlberger-walservereinigung.at\/vwvwp\/wp-content\/uploads\/2025\/02\/lech_2024-3.jpg 301w, https:\/\/www.vorarlberger-walservereinigung.at\/vwvwp\/wp-content\/uploads\/2025\/02\/lech_2024-3-162x300.jpg 162w\" sizes=\"auto, (max-width: 301px) 100vw, 301px\" \/><figcaption class=\"wp-element-caption\">Feierliche Er\u00f6ffnung der Lechwelten. Foto: Dietmar Hurnaus, Lech Z\u00fcrs Tourismus<\/figcaption><\/figure>\n<\/div>\n\n\n<p>Umfangreiche Bauarbeiten fanden auch am zentralen Platz zwischen Kirche, Schule und Pfarramt statt. Hier entsteht ein neuer \u201ePlatz f\u00fcr alle\u201c, welcher im Fr\u00fchjahr 2025 fertiggestellt werden soll.<\/p>\n\n\n\n<p>2024 kam es in Lech auch zu etlichen personellen Ver\u00e4nderungen im Dorf. So leitet seit 1. J\u00e4nner die Bregenzerw\u00e4lderin Susanne Moll die Polizeiinspektion Lech. Die ehemalige Spitzensportlerin beendete 2015 ihre Profikarriere im Snowboardcross und ist die erste weibliche Kommandantin der Lecher Polizei \u2013 eine von zwei in ganz Vorarlberg.<\/p>\n\n\n\n<p>In den Ruhestand trat der langj\u00e4hrige Gemeindearzt Elmar Beiser, welcher 1994 die Nachfolge von Dr. Gerhard Pakosta angetreten hatte. Er \u00fcbergab im Juni seine Praxis an den Frastanzer Dr. Christian Buerkle, Arzt f\u00fcr Allgemein- und Notfallmedizin sowie Facharzt f\u00fcr An\u00e4sthesie. Mit Dr. Elena Walch wird auch in der Praxis von Dr. Reinhard Muxel die \u00dcbernahme bereits schrittweise vorbereitet und soll 2025 endg\u00fcltig erfolgen. Dr. Elena Walch stammt aus Deutschland und ist in Lech verheiratet.<\/p>\n\n\n\n<p>Die B\u00fccherei Lech verlor ihre langj\u00e4hrige Leiterin Sabine Magh\u00f6rndl. Sabine Magh\u00f6rndl hat noch im M\u00e4rz die neue B\u00fccherei in die neue Dorfrezeption im Dorfhus \u00fcbersiedelt, liebevoll eingerichtet und den Betrieb am neuen Standort etabliert. In der Dorfrezeption hat die B\u00fccherei Lech nun nach vier \u00dcbersiedlungen in den letzten Jahren einen zentralen Standort gefunden.<\/p>\n\n\n\n<p>Beschlossen wurde die Abl\u00f6se des seit 2011 in Lech wirkenden Tourismusdirektors Hermann Fercher. Hohe Schulden der Lech Z\u00fcrs Tourismus GmbH, die fehlende Vermarktung des neuen Saals und die anhaltende Personalfluktuation im Betrieb h\u00e4tten zu dieser Entscheidung gef\u00fchrt. Nun geht es darum, einen neuen Tourismusdirektor f\u00fcr Lech zu finden.<\/p>\n\n\n\n<p>Mit einem neuen, eigenen Modelabel selbstst\u00e4ndig gemacht hat sich 2024 die Lecherin Carina Strolz. Sie bietet ma\u00dfgeschneiderte Skihosen an, die individuell auf die Kundschaft zugeschnitten werden und durch ihre Passform \u00fcberzeugen sollen.<\/p>\n\n\n\n<p>Schlagzeilen machte der Investor Siegfried Wolf, welcher weitere Immobilien in Lech erwarb und nun die Mehrheit am Sport- und Modehaus Strolz innehat.<\/p>\n\n\n\n<p>Tierischen Besuch erhielt Lech im Mai. Mittels einer Wildkamera wurde ein Braunb\u00e4r auf dem Gemeindegebiet von Lech gesichtet. Der vermutlich j\u00fcngere, m\u00e4nnliche B\u00e4r d\u00fcrfte von Trient \u00fcber das Lechtal nach Vorarlberg gekommen sein.<\/p>\n\n\n\n<h3 class=\"wp-block-heading\">Geburten<\/h3>\n\n\n\n<p>Die Gemeinde Lech verzeichnete 2024 15 Geburten, davon neun Buben und sechs M\u00e4dchen.<\/p>\n\n\n\n<h3 class=\"wp-block-heading\">Hochzeiten<\/h3>\n\n\n\n<p>2024 gab es in Lech 80 Trauungen.<\/p>\n\n\n\n<h3 class=\"wp-block-heading\">Sterbef\u00e4lle<\/h3>\n\n\n\n<p>Arnold Schneider, 83 Jahre<br>Hermann Jochum, 80 Jahre<br>Elmar Strolz, 77 Jahre<br>Engelbert Alwin Schneider, 84 Jahre<br>Lore Jochum, geb. Trenk, 87 Jahre<br>Irma Bodner, geb. Zimmermann, 87 Jahre<br>Gebhard Wolf, 65 Jahre<br>Johanna Gusner, geb. Garstenauer, 74 Jahre<br>Volker Grabher, 83 Jahre<br>Max Weissengruber sen., 88 Jahre<br>Heidelinde Schneider, geb. Pieber, 70 Jahre<br>Ferdinand Burtscher, 73 Jahre<br>Johann Defranzeschi, 78 Jahre<br>Bruno Gander, 87 Jahre<\/p>\n\n\n\n<hr class=\"wp-block-separator has-alpha-channel-opacity\"\/>\n\n\n\n<p><em>Mag. Birgit Heinrich<\/em><\/p>\n","protected":false},"excerpt":{"rendered":"<p>Das Jahr 2024 in der Gemeinde Lech (mehr\u00a0&hellip;)<\/p>\n","protected":false},"author":1,"featured_media":0,"comment_status":"closed","ping_status":"closed","sticky":false,"template":"","format":"image","meta":{"ngg_post_thumbnail":0,"footnotes":""},"categories":[72],"tags":[791,792],"taetigkeiten":[],"chronik-jahre":[789],"chronik-gemeinden":[391],"walserheimat":[790],"gebiete":[],"superkategorien":[],"class_list":["post-19491","post","type-post","status-publish","format-image","hentry","category-chroniken","tag-791","tag-wh-116","post_format-post-format-image","chronik-jahre-789","chronik-gemeinden-lech","walserheimat-wh116"],"_links":{"self":[{"href":"https:\/\/www.vorarlberger-walservereinigung.at\/vwvwp\/wp-json\/wp\/v2\/posts\/19491","targetHints":{"allow":["GET"]}}],"collection":[{"href":"https:\/\/www.vorarlberger-walservereinigung.at\/vwvwp\/wp-json\/wp\/v2\/posts"}],"about":[{"href":"https:\/\/www.vorarlberger-walservereinigung.at\/vwvwp\/wp-json\/wp\/v2\/types\/post"}],"author":[{"embeddable":true,"href":"https:\/\/www.vorarlberger-walservereinigung.at\/vwvwp\/wp-json\/wp\/v2\/users\/1"}],"replies":[{"embeddable":true,"href":"https:\/\/www.vorarlberger-walservereinigung.at\/vwvwp\/wp-json\/wp\/v2\/comments?post=19491"}],"version-history":[{"count":2,"href":"https:\/\/www.vorarlberger-walservereinigung.at\/vwvwp\/wp-json\/wp\/v2\/posts\/19491\/revisions"}],"predecessor-version":[{"id":19497,"href":"https:\/\/www.vorarlberger-walservereinigung.at\/vwvwp\/wp-json\/wp\/v2\/posts\/19491\/revisions\/19497"}],"wp:attachment":[{"href":"https:\/\/www.vorarlberger-walservereinigung.at\/vwvwp\/wp-json\/wp\/v2\/media?parent=19491"}],"wp:term":[{"taxonomy":"category","embeddable":true,"href":"https:\/\/www.vorarlberger-walservereinigung.at\/vwvwp\/wp-json\/wp\/v2\/categories?post=19491"},{"taxonomy":"post_tag","embeddable":true,"href":"https:\/\/www.vorarlberger-walservereinigung.at\/vwvwp\/wp-json\/wp\/v2\/tags?post=19491"},{"taxonomy":"taetigkeiten","embeddable":true,"href":"https:\/\/www.vorarlberger-walservereinigung.at\/vwvwp\/wp-json\/wp\/v2\/taetigkeiten?post=19491"},{"taxonomy":"chronik-jahre","embeddable":true,"href":"https:\/\/www.vorarlberger-walservereinigung.at\/vwvwp\/wp-json\/wp\/v2\/chronik-jahre?post=19491"},{"taxonomy":"chronik-gemeinden","embeddable":true,"href":"https:\/\/www.vorarlberger-walservereinigung.at\/vwvwp\/wp-json\/wp\/v2\/chronik-gemeinden?post=19491"},{"taxonomy":"walserheimat","embeddable":true,"href":"https:\/\/www.vorarlberger-walservereinigung.at\/vwvwp\/wp-json\/wp\/v2\/walserheimat?post=19491"},{"taxonomy":"gebiete","embeddable":true,"href":"https:\/\/www.vorarlberger-walservereinigung.at\/vwvwp\/wp-json\/wp\/v2\/gebiete?post=19491"},{"taxonomy":"superkategorien","embeddable":true,"href":"https:\/\/www.vorarlberger-walservereinigung.at\/vwvwp\/wp-json\/wp\/v2\/superkategorien?post=19491"}],"curies":[{"name":"wp","href":"https:\/\/api.w.org\/{rel}","templated":true}]}}