{"id":19488,"date":"2025-02-20T17:11:17","date_gmt":"2025-02-20T16:11:17","guid":{"rendered":"https:\/\/www.vorarlberger-walservereinigung.at\/vwvwp\/?p=19488"},"modified":"2025-02-20T17:11:17","modified_gmt":"2025-02-20T16:11:17","slug":"chronik-2024-laterns","status":"publish","type":"post","link":"https:\/\/www.vorarlberger-walservereinigung.at\/vwvwp\/chronik-2024-laterns\/","title":{"rendered":"Chronik 2024 Laterns"},"content":{"rendered":"\n<h2 class=\"wp-block-heading\"><figure><img loading=\"lazy\" decoding=\"async\" width=\"150\" height=\"200\" class=\"alignleft wp-image-1088 size-full\" src=\"https:\/\/www.vorarlberger-walservereinigung.at\/vwvwp\/wp-content\/uploads\/2015\/06\/laterns.gif\" alt=\"\"><\/figure>Das Jahr 2024 in der Gemeinde <a href=\"https:\/\/www.vorarlberger-walservereinigung.at\/vwvwp\/?p=706\">Laterns<\/a><\/h2>\n\n\n\n<!--more-->\n\n\n\n<p>Trotz relativ \u00fcberschaubaren Schneemengen zeichnete sich die Skisaison 2023\/24 durch eine lange Saison aus, da bereits Anfang Dezember 2023 der Betrieb gestartet werden konnte und durchgehend bis zum Ostermontag am 1. April m\u00f6glich war.<\/p>\n\n\n\n<p>In der Wintersaison 2024\/25 setzten bereits Ende November ergiebige Schneef\u00e4lle ein und lie\u00dfen auf einen fr\u00fchen Saisonstart hoffen. Eine darauffolgende F\u00f6hnwetterperiode machte dies allerdings zunichte, sodass erst am 14. Dezember mit einem eingeschr\u00e4nkten Betrieb gestartet werden konnte. Gerade rechtzeitig zu Weihnachten traf dann der ersehnte Schnee in ausreichender Menge ein, wodurch ein Betrieb aller Liftanlagen erm\u00f6glicht wurde.<\/p>\n\n\n\n<p>Im Jahr 2024 wurde unsere Gemeinde von extremen Wetterereignissen verschont. Trotzdem war der Alpbeginn der Gemeindealpe Gapfohl durch schlechte Witterung und eine sp\u00e4rliche Vegetation gekennzeichnet. Aufgrund von Schneefall musste nicht nur der geplante Auftrieb um eine Woche auf den 8. Juni verschoben werden, einsetzende Schneef\u00e4lle waren auch der Grund f\u00fcr die Absage der Veranstaltung zum \u00f6ffentlichen Alpabtrieb. Notgedrungen fand dieser bereits zwei Tage vorher am 8. September ohne Publikum statt.<\/p>\n\n\n\n<p>Da zu erwarten ist, dass Wetterereignisse wie Starkregen aufgrund des Klimawandels sowohl in der Anzahl als auch in der Intensit\u00e4t zunehmen werden, hat sich die Gemeinde Laterns einstimmig f\u00fcr ein fl\u00e4chendeckendes Wildbachprojekt in der geplanten Gr\u00f6\u00dfenordnung von zirka 1,5 Millionen Euro ausgesprochen. Die Umsetzung der Projekte, welche sehr stark vom Bund und Land gef\u00f6rdert werden, erfolgt nach Priorit\u00e4t und wird sich \u00fcber mehrere Jahre erstrecken.<\/p>\n\n\n\n<p>Im Jahr 2022 wurde die Bankstelle der Raiffeisenbank im Amtsgeb\u00e4ude endg\u00fcltig geschlossen. Der Gemeinde Laterns bot sich nun die M\u00f6glichkeit, diese R\u00e4umlichkeiten k\u00e4uflich zu erwerben. Bei der Gemeindevertretersitzung am 26. Juni fiel dazu die einstimmige Entscheidung. Durch diesen Ankauf befindet sich nun das vollst\u00e4ndige Amtsgeb\u00e4ude in Gemeindebesitz.<\/p>\n\n\n\n<p>Aufgrund der Forderung eines barrierefreien Zuganges sowie den gestiegenen technischen Anforderungen hat die Gemeinde Laterns beschlossen, zuk\u00fcnftige Wahlen nur noch an einem Wahllokal durchzuf\u00fchren. Die Nationalratswahlen am 29. September und die Landtagswahlen am 13. Oktober wurden erstmalig im Dorfsaal Laterns als zentraler Wahlsprengel f\u00fcr alle Ortsparzellen durchgef\u00fchrt.<\/p>\n\n\n\n<p>Die Freiwillige Feuerwehr Laterns durfte am 30. April das neue Mannschaftstransportfahrzeug in Empfang nehmen. Die Kosten f\u00fcr das Fahrzeug, abz\u00fcglich F\u00f6rderung und dem Erl\u00f6s aus dem Verkauf des alten Fahrzeuges, werden von der Feuerwehr Laterns getragen.<\/p>\n\n\n\n<p>Durch den besonderen Einsatz der Sch\u00fcler sowie des Lehrpersonals wurde am 30. September im Landhaus Bregenz der Volksschule Laterns zusammen mit sieben anderen Schulen aus Vorarlberg das Zertifikat \u201eLesende Schule Vorarlberg\u201c in Gold \u00fcberreicht.<\/p>\n\n\n\n<p>Basierend auf einer gemeinsamen Aktion der Gemeinden Zwischenwasser und Laterns besuchte Landeshauptmann Mag. Markus Wallner verschiedene Betriebe in den angef\u00fchrten Gemeinden. Im Dorfsaal Laterns fand die gemeinsame Abschlussveranstaltung dieses Besuches statt, bei dem geladene G\u00e4ste und Abordnungen aufwarteten.<\/p>\n\n\n\n<p>Pater Ferdinand Zech feierte in der Pfarrkirche Laterns am 14. Juli sein goldenes Priesterjubil\u00e4um. Bereits vor 50 Jahren durfte Pater Ferdinand hier in seiner Heimatpfarre seine Primiz feiern. Nun bekundeten zahlreiche Besucher mit ihrer Anwesenheit beim feierlichen Gottesdienst die Wertsch\u00e4tzung dieses besonderen Priesterjubil\u00e4ums.<\/p>\n\n\n\n<p>Zwei Dorfvereine durften in diesem Jahr besondere Jubil\u00e4en feiern: Das \u201eLaternser Ch\u00f6rle\u201c unter der musikalischen Leitung von Mario Nesensohn konnte auf das 30-j\u00e4hrige Bestehen zur\u00fcckblicken. Dies war Anlass f\u00fcr eine Jubil\u00e4umsmesse am 20. Mai in der Pfarrkirche Laterns, bei der in einer gemeinsamen Aktion auch ehemalige Chormitglieder einen musikalischen R\u00fcckblick der vergangenen drei Jahrzehnte boten.<\/p>\n\n\n\n<p>Vor 20 Jahren wurde die First Responder Gruppe Laterns ins Leben gerufen. Damals war diese Gruppe neben den Ortsgruppen Dam\u00fcls und Alberschwende eine der ersten Gruppen des Landes. Zwischenzeitlich kann die Gruppe unter der Leitung von Adi Rohrer schon auf \u00fcber 600 Eins\u00e4tze bei Notf\u00e4llen in der Talschaft Laterns sowie der Parzelle Furx zur\u00fcckblicken. In Zusammenarbeit mit der Gemeinde Laterns wurde das Jubil\u00e4um als Anlass genommen, einen weiteren Defibrillator im Gemeindegebiet zu installieren. Somit stehen im Gemeindegebiet nun schon an drei verschiedenen Standorten solche lebensrettenden Ger\u00e4te. Die Kosten f\u00fcr den neuen Defibrillator wurden von der Gemeinde Laterns \u00fcbernommen.<\/p>\n\n\n\n<p>Einen Generationenwechsel hat es in der F\u00fchrung der K\u00fcbler-Genossenschaft Innerlaterns gegeben. Bei der Jahreshauptversammlung am 11. Mai hat Obmann Jakob Nesensohn sein Amt in j\u00fcngere H\u00e4nde \u00fcbergeben. Heinz Nesensohn wurde einstimmig als neuer Obmann gew\u00e4hlt. Jakob hat das Amt des Obmanns 46 Jahre lang ausge\u00fcbt. Trotzdem ist er auch immer noch einer der aktivsten Hersteller von K\u00fcblerprodukten. Der unerm\u00fcdliche Einsatz von Jakob f\u00fcr die Genossenschaft war Grund genug, ihn zum Ehrenmitglied zu ernennen. Seitens der Gemeinde durfte sich Jakob \u00fcber eine stehende \u201eK\u00fcblertanne\u201c als Geschenk erfreuen.<\/p>\n\n\n<div class=\"wp-block-image\">\n<figure class=\"alignleft size-full\"><img loading=\"lazy\" decoding=\"async\" width=\"332\" height=\"550\" src=\"https:\/\/www.vorarlberger-walservereinigung.at\/vwvwp\/wp-content\/uploads\/2025\/02\/laterns_2024-1.jpg\" alt=\"Kevin Schmidle mit Kitz Gams\" class=\"wp-image-19489\" srcset=\"https:\/\/www.vorarlberger-walservereinigung.at\/vwvwp\/wp-content\/uploads\/2025\/02\/laterns_2024-1.jpg 332w, https:\/\/www.vorarlberger-walservereinigung.at\/vwvwp\/wp-content\/uploads\/2025\/02\/laterns_2024-1-181x300.jpg 181w\" sizes=\"auto, (max-width: 332px) 100vw, 332px\" \/><figcaption class=\"wp-element-caption\">Die kleine \u201eKitz-Gams\u201c im Doppelpack: Kevin Schmidle \u2013 2-facher Sch\u00fclerstaatsmeister im Riesentorlauf und Super-G. Foto: Dietmar Breu\u00df<\/figcaption><\/figure>\n<\/div>\n\n\n<p>Kevin Schmidle konnte bei den \u00f6sterreichischen Sch\u00fclermeisterschaften in Kitzb\u00fchel sowohl im Super-G als auch im Riesentorlauf den Staatsmeistertitel erringen. Als kleine Aufmerksamkeit \u00fcberbrachte die Gemeinde Laterns ein Geschenk in Form eines Gutscheines.<\/p>\n\n\n\n<p>Am 25. Oktober durften folgende Chormitglieder des Kirchenchor Laterns im Di\u00f6zesanhaus Feldkirch Ehrungen f\u00fcr ihre langj\u00e4hrige Mitgliedschaft entgegennehmen: F\u00fcr 25 Jahre Ruth Welte und Gebhard Nachbaur, f\u00fcr 40 Jahre Reinold Vith und f\u00fcr 50 Jahre Renate Nesensohn.<\/p>\n\n\n\n<p>Im Verlauf des Abends des Funkensonntags am 18. Februar konnten beim Funkenabbrennen Mitglieder  f\u00fcr deren langj\u00e4hrige Mitgliedschaft geehrt werden: J\u00fcrgen Deschler f\u00fcr 35 Jahre, Robert Nesensohn f\u00fcr 30 Jahre, Johannes Heinzle f\u00fcr 25 Jahre sowie Benjamin Nesensohn f\u00fcr 15 Jahre.<\/p>\n\n\n\n<p>Nach 15 Jahren T\u00e4tigkeit stellten die Ortsb\u00e4uerin Hermine Zech sowie ihre Stellvertreterin Lisi Summer ihr Amt zur Verf\u00fcgung. Zur neuen Ortsb\u00e4uerin wurde Gerda Nesensohn gew\u00e4hlt, Silke Nesensohn \u00fcbernahm die Funktion als stellvertretende Ortsb\u00e4uerin.<\/p>\n\n\n\n<p>Eine beachtliche Anzahl von \u00fcber 60 Personen nahm beim Seniorenausflug am 4. Oktober teil, welcher von der Pfarre sowie der Gemeinde Laterns organisiert worden ist.<\/p>\n\n\n\n<p>Am 14. Dezember war die Expositurkirche Innerlaterns der Austragungsort eines Adventskonzertes des Chor Shalom, welcher zu einer Adventbesinnung einlud.<\/p>\n\n\n\n<p>Der Familienverband organisierte am 21. Dezember einen Adventsmarkt, der sich bei winterlichen  Verh\u00e4ltnissen als viel besuchter Anziehungspunkt erwiesen hat.<\/p>\n\n\n\n<h3 class=\"wp-block-heading\">Sterbef\u00e4lle<\/h3>\n\n\n\n<p>Altb\u00fcrgermeister Wilhelm Zimmermann, 85 Jahre<br>Agnes Nesensohn, geb. Vith, 91 Jahre<br>Ing. Norbert Blum, 95 Jahre *<br>Arno Vith, 52 Jahre *<\/p>\n\n\n\n<p><br>(* Diese Personen scheinen in der offiziellen Sterbestatistik der Pfarre Laterns nicht auf, da die Wohnorte zwar kirchlich zu Laterns gez\u00e4hlt werden, die Personen aber nicht in Laterns beerdigt worden sind).<\/p>\n\n\n\n<hr class=\"wp-block-separator has-alpha-channel-opacity\"\/>\n\n\n\n<p>Dietmar Breu\u00df<\/p>\n","protected":false},"excerpt":{"rendered":"<p>Das Jahr 2024 in der Gemeinde Laterns (mehr\u00a0&hellip;)<\/p>\n","protected":false},"author":1,"featured_media":0,"comment_status":"closed","ping_status":"closed","sticky":false,"template":"","format":"image","meta":{"ngg_post_thumbnail":0,"footnotes":""},"categories":[72],"tags":[791,792],"taetigkeiten":[],"chronik-jahre":[789],"chronik-gemeinden":[390],"walserheimat":[790],"gebiete":[],"superkategorien":[],"class_list":["post-19488","post","type-post","status-publish","format-image","hentry","category-chroniken","tag-791","tag-wh-116","post_format-post-format-image","chronik-jahre-789","chronik-gemeinden-laterns","walserheimat-wh116"],"_links":{"self":[{"href":"https:\/\/www.vorarlberger-walservereinigung.at\/vwvwp\/wp-json\/wp\/v2\/posts\/19488","targetHints":{"allow":["GET"]}}],"collection":[{"href":"https:\/\/www.vorarlberger-walservereinigung.at\/vwvwp\/wp-json\/wp\/v2\/posts"}],"about":[{"href":"https:\/\/www.vorarlberger-walservereinigung.at\/vwvwp\/wp-json\/wp\/v2\/types\/post"}],"author":[{"embeddable":true,"href":"https:\/\/www.vorarlberger-walservereinigung.at\/vwvwp\/wp-json\/wp\/v2\/users\/1"}],"replies":[{"embeddable":true,"href":"https:\/\/www.vorarlberger-walservereinigung.at\/vwvwp\/wp-json\/wp\/v2\/comments?post=19488"}],"version-history":[{"count":1,"href":"https:\/\/www.vorarlberger-walservereinigung.at\/vwvwp\/wp-json\/wp\/v2\/posts\/19488\/revisions"}],"predecessor-version":[{"id":19490,"href":"https:\/\/www.vorarlberger-walservereinigung.at\/vwvwp\/wp-json\/wp\/v2\/posts\/19488\/revisions\/19490"}],"wp:attachment":[{"href":"https:\/\/www.vorarlberger-walservereinigung.at\/vwvwp\/wp-json\/wp\/v2\/media?parent=19488"}],"wp:term":[{"taxonomy":"category","embeddable":true,"href":"https:\/\/www.vorarlberger-walservereinigung.at\/vwvwp\/wp-json\/wp\/v2\/categories?post=19488"},{"taxonomy":"post_tag","embeddable":true,"href":"https:\/\/www.vorarlberger-walservereinigung.at\/vwvwp\/wp-json\/wp\/v2\/tags?post=19488"},{"taxonomy":"taetigkeiten","embeddable":true,"href":"https:\/\/www.vorarlberger-walservereinigung.at\/vwvwp\/wp-json\/wp\/v2\/taetigkeiten?post=19488"},{"taxonomy":"chronik-jahre","embeddable":true,"href":"https:\/\/www.vorarlberger-walservereinigung.at\/vwvwp\/wp-json\/wp\/v2\/chronik-jahre?post=19488"},{"taxonomy":"chronik-gemeinden","embeddable":true,"href":"https:\/\/www.vorarlberger-walservereinigung.at\/vwvwp\/wp-json\/wp\/v2\/chronik-gemeinden?post=19488"},{"taxonomy":"walserheimat","embeddable":true,"href":"https:\/\/www.vorarlberger-walservereinigung.at\/vwvwp\/wp-json\/wp\/v2\/walserheimat?post=19488"},{"taxonomy":"gebiete","embeddable":true,"href":"https:\/\/www.vorarlberger-walservereinigung.at\/vwvwp\/wp-json\/wp\/v2\/gebiete?post=19488"},{"taxonomy":"superkategorien","embeddable":true,"href":"https:\/\/www.vorarlberger-walservereinigung.at\/vwvwp\/wp-json\/wp\/v2\/superkategorien?post=19488"}],"curies":[{"name":"wp","href":"https:\/\/api.w.org\/{rel}","templated":true}]}}