{"id":19480,"date":"2025-02-20T17:11:32","date_gmt":"2025-02-20T16:11:32","guid":{"rendered":"https:\/\/www.vorarlberger-walservereinigung.at\/vwvwp\/?p=19480"},"modified":"2025-02-20T17:11:32","modified_gmt":"2025-02-20T16:11:32","slug":"2024-mittelberg","status":"publish","type":"post","link":"https:\/\/www.vorarlberger-walservereinigung.at\/vwvwp\/2024-mittelberg\/","title":{"rendered":"Chronik 2024 Mittelberg"},"content":{"rendered":"\n<h2 class=\"wp-block-heading\"><figure><img loading=\"lazy\" decoding=\"async\" width=\"150\" height=\"158\" class=\"alignleft wp-image-1090\" src=\"https:\/\/www.vorarlberger-walservereinigung.at\/vwvwp\/wp-content\/uploads\/2015\/06\/mittelberg.gif\" alt=\"\"><\/figure>Das Jahr 2024 in der Gemeinde Mittelberg<\/h2>\n\n\n\n<!--more-->\n\n\n\n<h3 class=\"wp-block-heading\">Gemeindepolitik, Ortsentwicklung, Tourismus und Gesundheit<\/h3>\n\n\n\n<p>Das neue Jahr 2024 wurde im Kleinwalsertal ohne Feuerwerk begr\u00fc\u00dft. Wie im Vorjahr wurde das Feuerwerksverbot in der Gemeinde Mittelberg nicht aufgehoben. Am Gemeindeplatz wurde von Kleinwalsertal Tourismus eine Silvesterparty mit DJ \u201eLet`s Fetz\u201c organisiert. Der H\u00f6hepunkt war eine 3D- Mapping- Projektion, die den ganzen Abend die Au\u00dfenw\u00e4nde der Gemeinde Mittelberg und des Walser Museums zum Erleben erweckte.<\/p>\n\n\n\n<p>Die Wintersaison 2023\/24 ist zur Zufriedenheit der Touristiker verlaufen. Die meisten Bergbahnen und Lifte konnten bis zum Saisonende den Betrieb aufrechterhalten. Die Loipen mussten bis auf ein Teilst\u00fcck der Steinbockloipe vorher den Betrieb einstellen.<\/p>\n\n\n\n<p>Am 8. Juli wurde die \u201eTourismusstrategie 2034\u201c der Kleinwalsertaler Tourismus eGen vorgestellt. Bew\u00e4hrtes und Neues soll das Tal als Tourismusdestination in eine erfolgreiche Zukunft f\u00fchren.<\/p>\n\n\n\n<p>Die Sommersaison konnte zum gr\u00f6\u00dften Teil zufriedenstellend abgeschlossen werden. Die G\u00e4stekarte wurde im Anschluss umgestellt und ist ab der Wintersaison 2024\/25 als App verf\u00fcgbar.<\/p>\n\n\n\n<p>Vor dem Beginn der Wintersaison gab es die ersten Schneef\u00e4lle bis in tiefere Lagen, so dass die Saison planm\u00e4\u00dfig mit \u00d6ffnen der Pisten, Loipen und Winterwanderwege starten konnte. Im Jahr 2024 wurden insgesamt 343.299 G\u00e4ste, 1.709.506 N\u00e4chtigungen, eine durchschnittliche Aufenthaltsdauer von 4,98 Tagen und 11.422 G\u00e4stebetten gez\u00e4hlt.<\/p>\n\n\n\n<p>Der Voranschlag der Gemeinde Mittelberg f\u00fcr das Jahr 2024 wurde im Ergebnishaushalt mit Ertr\u00e4gen von 31,5 Mio. und Aufwendungen von 33,9 Mio. Euro mit 17 gegen sieben Stimmen von der Gemeindevertretung beschlossen.<\/p>\n\n\n\n<p>Am 18. J\u00e4nner fand im Walserhaus die j\u00e4hrliche Gemeindeinformation f\u00fcr die B\u00fcrger im Tal statt. Dabei entstand eine sehr emotionale Diskussion um die \u00c4rztenachfolge und das geplante \u00c4rztehaus.<\/p>\n\n\n\n<p>Eine Premiere erlebte die Gemeindevertretersitzung am 23. J\u00e4nner, die erstmals live im Internet \u00fcbertragen wurde.<\/p>\n\n\n\n<p>Seit M\u00e4rz gilt auf der Landesstra\u00dfe L201 im Ortszentrum von Hirschegg eine Geschwindigkeitsbegrenzung mit Tempo 40 km\/h.<\/p>\n\n\n\n<p>Landeshauptmann Mag. Markus Wallner stattete am 21. M\u00e4rz dem Kleinwalsertal einen Besuch ab.<\/p>\n\n\n\n<p>Der Rechnungsabschluss 2023 der Gemeinde Mittelberg wurde am 25. April mit 30,7 Mio. Euro an Ertr\u00e4gen und 31,3 Mio. Euro an Aufwendungen im Ergebnishaushalt von der Gemeindevertretung einstimmig beschlossen.<\/p>\n\n\n\n<p>Im Mai fand der Spatenstich der Firma \u00f6GIG zum Glasfaser-Ausbau im Kleinwalsertal statt.<\/p>\n\n\n\n<p>Am 28. Mai hat die Gemeinde Mittelberg ihren Onlineauftritt umgestellt. Neben der neuen Homepage ging auch die \u201eGemeinde Mittelberg App\u201c online. Mit diesem neuen Tool k\u00f6nnen B\u00fcrgerinnen und B\u00fcrger schneller und einfacher via Push-Nachrichten \u00fcber wichtige Themen informiert werden.<\/p>\n\n\n\n<p>Bei der Europawahl am 9. Juni gaben 47,9 % der Wahlberechtigten ihre Stimme ab. Das Wahlergebnis: 35,0 % \u00d6VP, 26,3 % FP\u00d6, 17,5 % GR\u00dcNE, 10,1 % NEOS, 8,1 % SP\u00d6, 1,6 % DNA, 1,5 % KP\u00d6.<\/p>\n\n\n\n<figure class=\"wp-block-image size-full\"><img loading=\"lazy\" decoding=\"async\" width=\"632\" height=\"385\" src=\"https:\/\/www.vorarlberger-walservereinigung.at\/vwvwp\/wp-content\/uploads\/2025\/02\/mittelberg_2024-1.jpg\" alt=\"Stra\u00dfensperre Kleinwalsertal\" class=\"wp-image-19484\" srcset=\"https:\/\/www.vorarlberger-walservereinigung.at\/vwvwp\/wp-content\/uploads\/2025\/02\/mittelberg_2024-1.jpg 632w, https:\/\/www.vorarlberger-walservereinigung.at\/vwvwp\/wp-content\/uploads\/2025\/02\/mittelberg_2024-1-300x183.jpg 300w\" sizes=\"auto, (max-width: 632px) 100vw, 632px\" \/><figcaption class=\"wp-element-caption\">Im April 2024 startete die gro\u00dfe Bauma\u00dfnahme an der Bundesstra\u00dfe B19. In drei Abschnitten wurde die Asphaltschicht zwischen dem Kreisverkehr in Oberstdorf und der Walserschanz komplett erneuert. Im dritten Bauabschnitt, zwischen dem Abzweig Tannenkurve in Oberstdorf und der Walserschanz waren elf n\u00e4chtliche Vollsperrungen der B19 n\u00f6tig. Dank der hervorragenden Zusammenarbeit aller Beteiligten und der fr\u00fchzeitigen und guten Information und Kommunikation auf allen Wegen konnte diese Bauma\u00dfnahme z\u00fcgig und ohne Komplikationen umgesetzt werden.<\/figcaption><\/figure>\n\n\n\n<p>Mit dem 30. Juni 2024 schloss Dr. Lukas Fritz seine Arztpraxis in Hirschegg. Durch den verletzungsbedingten Ausfall von Dr. Andreas Grote ordinierte \u00fcber den Sommer kein Allgemeinarzt im Tal. Mit Allgemein\u00e4rzten in Oberstdorf wurde eine zeitlich befristete Ersatzl\u00f6sung gefunden.<\/p>\n\n\n\n<p>Bei den Nationalratswahlen am 29. September sahen die Wahlergebnisse in der Gemeinde Mittelberg bei einer Wahlbeteiligung von 64,5 % folgenderma\u00dfen aus:<br>38,6 % \u00d6VP, 24,2 % FP\u00d6, 13,2 % NEOS, 11,8 % GR\u00dcNE, 6,8 % SP\u00d6, 2,2 % BIER, 1,2 % KP\u00d6, 0,9% KEINE, 0,5 % MFG, 0,3 % LMP, 0,2 % GAZA.<\/p>\n\n\n\n<p>Bei der Landtagswahl am 13. Oktober gaben 63,29 % der Wahlberechtigten ihre Stimme ab. Das Wahlergebnis:<br>49,1 % \u00d6VP, 29,8 % FP\u00d6, 9,1 % GR\u00dcNE, 8,0 % NEOS, 2,6% SP\u00d6, 0,5% XI, 0,4 % WIR, 0,4 % ANDRS, 0,2% KP\u00d6.<br>Joachim Fritz (FP\u00d6) wurde Landtagsabgeordneter.<\/p>\n\n\n\n<p>Die Gemeindevertretung hat mit 20 gegen vier Stimmen f\u00fcr den Neubau der Feuerwehr und der Bergrettung in Mittelberg-B\u00f6dmen eine Widmungs\u00e4nderung von Freifl\u00e4che Freihaltegebiet, Freifl\u00e4che Landwirtschaft und Freifl\u00e4che \u201eSondergebiet Tennishalle\/Tennisplatz\u201c in Freifl\u00e4che \u201eSondergebiet Sicherheitszentrum\u201c beschlossen.<\/p>\n\n\n\n<p>Der Voranschlag der Gemeinde Mittelberg f\u00fcr das Jahr 2025 wurde im Ergebnishaushalt mit Ertr\u00e4gen von zirka 34,1 Millionen und Aufwendungen von zirka 35,1 Millionen Euro mit 18 gegen sechs Stimmen von den Gemeindevertretern beschlossen.<\/p>\n\n\n\n<h3 class=\"wp-block-heading\">Jugend, Kinder und Schule<\/h3>\n\n\n\n<p>Gute Stimmung herrschte beim Kinderfasching unter dem Motto \u201eWildes Afrika\u201c im Walserhaus.<\/p>\n\n\n\n<p>Am 30. April 2024 fand die offizielle Er\u00f6ffnung des Pumptracks in Mittelberg- Moos statt. Mit Wellen, Steilkurven und Spr\u00fcngen bietet dieser f\u00fcr Fahrradfahrer, Roller- oder Inlineskater viele M\u00f6glichkeiten, die Anlage zu nutzen.<\/p>\n\n\n\n<p>Die Volksschule Kleinwalsertal und das \u201eKarl-Max-Kessler-Archiv\u201c f\u00fchrten ein Kunstprojekt durch, das Sch\u00fcler und Sch\u00fclerinnen mit der Natur und ihrer kreativen Ader verband. Unter dem Titel \u201eVerkehrte Welten\u201c haben die Teilnehmer Kollagen aus Fotos und Zeitungsausschnitten zusammengestellt. Das Ergebnis wurde \u00fcber den Sommer beim \u201eSoppa-Schtall\u201c in Riezlern pr\u00e4sentiert.<\/p>\n\n\n\n<p>Der Familienverband erhielt mit Verena Paul eine neue Obfrau, die nach 20 Jahren Angelika Haid abl\u00f6ste.<\/p>\n\n\n\n<p>Die Direktoren der Volksschulen Riezlern und Hirschegg, Sabine Rotter und Walter Grabherr, wurden in den Ruhestand verabschiedet.<\/p>\n\n\n\n<p>Die Walser Jugendbegegnung mit einer Gruppe aus dem Kleinwalsertal und Jugendlichen aus Italien fand in diesem Jahr in Val Formazza (Pomatt) statt. Jugendliche aus dem Tal lernten bei verschiedenen Aktivit\u00e4ten den Walserort im Val d`Ossola und deren Jugendliche kennen. (Bericht in dieser Walserheimat auf Seite 10)<\/p>\n\n\n\n<p>In der Wildentalh\u00fctte in Mittelberg fand der Jugendaustausch mit Finnland und Portugal statt. Das Ferienprogramm f\u00fcr Kinder und Jugendliche wurde wieder sehr gut angenommen. Vereine, Sport, Musik, Kultur und Sonstiges Am 7. J\u00e4nner fand das traditionelle Burmirennen mit rund 300 Nachwuchsrennl\u00e4uferinnen und -rennl\u00e4ufern aus der Region statt. Mit Pirmin Jaritz, Luisa Schuler, Simon Bensmann, Pirmin D\u00fcr und Xaver Schuler gingen f\u00fcnf Siege an den heimischen Skiclub.<\/p>\n\n\n\n<p>Bei den 4. Olympischen Jugend-Winterspielen in Gangwon (S\u00fcdkorea) vertraten mit Emma M\u00fcller und Luis Heinisch zwei Walser die Mannschaft \u00d6sterreich im Curling. Mit Siegen gegen Italien und Kasachstan landeten die jungen Sportler auf dem 13. Rang von insgesamt 24 angetretenen Nationen.<\/p>\n\n\n\n<p>Bereits zum f\u00fcnften Mal fand am 9. Februar in Mittelberg das Skitourenrennen \u201eBock uf steil\u201c statt. Wie schon im Vorjahr sorgte die warme Witterung f\u00fcr eine Herausforderung in der Streckenpr\u00e4parierung. Am Start waren 40 Einzelstarter und 48 Zweierteams. Tanja L\u00f6wenhagen und Daniel Ganahl holten sich die Tagessiege.<\/p>\n\n\n\n<p>Katharina Moosbrugger und Hannes Fritz fuhren die Tagesbestzeit bei der Clubmeisterschaft des Skiclub Kleinwalsertal. Die Sch\u00fclerwertung gewannen Johanna Barth und Matteo Ernst.<\/p>\n\n\n\n<p>G\u00fcnter Koch, Veronika Bromm und Elias Schwarz wurden die Sch\u00fctzenk\u00f6nige 2024.<\/p>\n\n\n\n<figure class=\"wp-block-image size-full\"><img loading=\"lazy\" decoding=\"async\" width=\"629\" height=\"470\" src=\"https:\/\/www.vorarlberger-walservereinigung.at\/vwvwp\/wp-content\/uploads\/2025\/02\/mittelberg_2024-2.jpg\" alt=\"\u201eAlten Schwendebr\u00fccke\u201c - Kleinwalsertal\" class=\"wp-image-19485\" srcset=\"https:\/\/www.vorarlberger-walservereinigung.at\/vwvwp\/wp-content\/uploads\/2025\/02\/mittelberg_2024-2.jpg 629w, https:\/\/www.vorarlberger-walservereinigung.at\/vwvwp\/wp-content\/uploads\/2025\/02\/mittelberg_2024-2-300x224.jpg 300w\" sizes=\"auto, (max-width: 629px) 100vw, 629px\" \/><figcaption class=\"wp-element-caption\">Bei der \u201eAlten Schwendebr\u00fccke\u201c konnte der Neubau einer gedeckten Holzbr\u00fccke fertiggestellt und der beliebte Wanderweg zwischen Riezlern und Schwende wieder ge\u00f6ffnet werden.<\/figcaption><\/figure>\n\n\n\n<p>Der Sportverein Casino Kleinwalsertal erhielt mit Mareike Gruber erstmals eine Pr\u00e4sidentin. Die Abteilung Tischtennis feierte ihr 50-j\u00e4hriges Jubil\u00e4um.<\/p>\n\n\n\n<p>Hitze und Regen sorgten f\u00fcr anspruchsvolle Bedingungen bei der Walser Trail Challenge. Die drei L\u00e4ufe \u201eWidderstein-Trail\u201c mit 15 Kilometer und knapp 1.000 H\u00f6henmetern, dem \u201eWalser Trail\u201c mit 29 Kilometer und 1.700 H\u00f6henmetern und dem \u201eWalser Ultra\u201c mit 63 Kilometer und 3.900 H\u00f6henmetern lockten um die 900 L\u00e4uferinnen und L\u00e4ufer an den Start.<\/p>\n\n\n\n<p>270 begeisterte Konzertbesucher erlebten am 11. J\u00e4nner im Walserhaus ein au\u00dfergew\u00f6hnliches Musikevent mit dem Titel \u201eGive Peace a Chance \u2013 A Tribute to John Lennon\u201c. Mit Robin und John Gillard in der Band wurde es ein sehr emotionaler Musikabend.<\/p>\n\n\n\n<p>Vom Vorarlberger Blasmusikverband wurden Thorsten Schwendiger (25 Jahre) und Michael Zunzer (40 Jahre) f\u00fcr ihre aktive Mitgliedschaft bei der Musikkapelle Harmonie Mittelberg geehrt.<\/p>\n\n\n\n<p>Der Musikverein d`Hirschegger begeisterte mit seinem traditionellen Osterkonzert unter der Leitung von Kapellmeister Vadym Paskal.<\/p>\n\n\n\n<p>Die Landjugend Kleinwalsertal organisierte wieder die beliebte Veranstaltung \u201eTanz in den Mai\u201c.<\/p>\n\n\n\n<p>Ein beeindruckendes Jahreskonzert bot die Trachtenkapelle Riezlern unter Kapellmeisterin Katrin Berchtold am 4. Mai im Walserhaus in Hirschegg.<\/p>\n\n\n\n<p>Die Chorgemeinschaft Kleinwalsertal lud am 27. Juni zu einem \u201eSingMitKonzert\u201c ins Walserhaus. Neben der Chorgemeinschaft begeisterte auch der Kinderchor mit seinen fr\u00f6hlichen Liedern. Nach den musikalischen Vortr\u00e4gen der Ch\u00f6re waren die zahlreichen Besucherinnen und Besucher eingeladen, gemeinsam Lieder zu singen.<\/p>\n\n\n\n<p>Zum 25-j\u00e4hrigen Bestehen der Euregio gastierte die Swiss Armed Forces Big Band im Kleinwalsertal und begeisterte die Besucher mit einem beeindruckenden Konzert im Walserhaus.<\/p>\n\n\n\n<p>Vom 11. bis 15. September fand das Alphornfestival bei teilweise widrigen Witterungsbedingungen statt. Das gro\u00dfe Finale war dieses Mal auf dem Walmendingerhornbahn-Parkplatz in Mittelberg.<\/p>\n\n\n\n<p>\u00dcber das ganze Jahr hinweg wurden den Musikliebhabern einige sehr h\u00f6renswerte Konzerte geboten. Das musikalische Jahr wurde mit zahlreichen Adventskonzerten abgeschlossen.<\/p>\n\n\n\n<p>Im Stern-Geb\u00e4ude in Riezlern wurde eine Ausstellung mit dem Titel \u201eJuppa, Dreischpitz &amp; Korallen\u201c zur Kleinwalsertaler Tracht installiert.<\/p>\n\n\n\n<p>Bereits zum dritten Mal konnte man die Jugendkunstausstellung \u201eGeneration Z\u201c in der Galerie Oberstdorf besuchen. Aus dem Kleinwalsertal stellten Jonas Egger, Emely Behrens, Maria Luisa Drexel, Emely W\u00fcstner und Annabell Sent ihre Werke aus.<\/p>\n\n\n\n<p>Das Karl Max Kessler Archiv konnte den Abschluss seiner zweiten K\u00fcnstlerresidenz mit dem New Yorker K\u00fcnstler David Brooks bekanntgeben. Nach einem zweiw\u00f6chigen Aufenthalt im Juni 2024, w\u00e4hrend dem Brooks in die einzigartige Umgebung des Kleinwalsertals eintauchte, Gespr\u00e4che mit Einheimischen f\u00fchrte, Archivmaterial erforschte und die Landschaft erkundete, wurde sein Kunstwerk mit dem Titel \u201eThere`s Gold In THEM Thar Hills\u201c auf dem \u201eBillboard\u201c am \u201eSoppa-Schtall\u201c an der Kanzelwandabfahrt pr\u00e4sentiert. Am Abend hielt Chiara Juriatti einen spannenden Vortrag mit dem Thema \u201eHeimat im Bild \u2013 Karl Max Kesslers Heimatfotografie\u201c. Au\u00dferdem wurden einige Rarit\u00e4ten aus dem Bilderarchiv pr\u00e4sentiert.<\/p>\n\n\n\n<p>Aufgrund eines verd\u00e4chtigen, rohr\u00e4hnlichen Gegenstandes wurden am 31. M\u00e4rz die Kanzelwand- und Zwerenalpbahn gesperrt und das Skigebiet evakuiert. Der verd\u00e4chtige Gegenstand stellte sich am Ende als Geocache-Beh\u00e4lter heraus, und war somit unbedenklich.<\/p>\n\n\n\n<p>Am 7. Juni sorgte ein heftiges Gewitter f\u00fcr gro\u00dfe Sch\u00e4den vor allem in Hirschegg.<\/p>\n\n\n\n<p>Das Footprint-Festival wurde ein gro\u00dfer Erfolg. Im Mittelpunkt stand dabei die Naturvermittlung. Ein H\u00f6hepunkt war die Verleihung des ersten \u201eFootprint- Award\u201c, der in verschiedenen Kategorien vergeben wurde. Als \u201elokaler Botschafter\u201c wurde Andi Haller mit seinem Permakulturgarten ausgezeichnet.<\/p>\n\n\n\n<p>Der geplante Viehscheid in Riezlern fand dieses Jahr ohne Tiere statt, da die meisten Alpen wegen Schnee bereits fr\u00fcher ins Tal abtreiben mussten. In Mittelberg konnte die Wiesalp traditionell abfahren. Die Viehpr\u00e4mierung und der Bauern- und \u00c4lplerball konnten im gewohnten Rahmen stattfinden.<\/p>\n\n\n\n<figure class=\"wp-block-image size-full\"><img loading=\"lazy\" decoding=\"async\" width=\"632\" height=\"416\" src=\"https:\/\/www.vorarlberger-walservereinigung.at\/vwvwp\/wp-content\/uploads\/2025\/02\/mittelberg_2024-3.jpg\" alt=\"Musikkapelle Hirschegg und Mittelberg\" class=\"wp-image-19486\" srcset=\"https:\/\/www.vorarlberger-walservereinigung.at\/vwvwp\/wp-content\/uploads\/2025\/02\/mittelberg_2024-3.jpg 632w, https:\/\/www.vorarlberger-walservereinigung.at\/vwvwp\/wp-content\/uploads\/2025\/02\/mittelberg_2024-3-300x197.jpg 300w\" sizes=\"auto, (max-width: 632px) 100vw, 632px\" \/><figcaption class=\"wp-element-caption\">Die Euregio via salina feierte dieses Jahr ihr 25-j\u00e4hriges Bestehen. Sie ist zust\u00e4ndig f\u00fcr die grenz\u00fcberschreitende Zusammenarbeit im Raum Allg\u00e4u (Bayern) \u2013 Au\u00dferfern (Tirol) \u2013 Vorarlberg. Beim gro\u00dfen Festumzug am 16. Juni waren unter anderem die vereinigten Musikkapellen der Hirschegger und Mittelberger Musik dabei.<\/figcaption><\/figure>\n\n\n\n<p>Die Vereinigung \u201e\u00d6nsche Walser Chuche\u201c kochte beim Wochenmarkt in Hirschegg alte Walser Gerichte in zeitgem\u00e4\u00dfer und innovativer Form.<\/p>\n\n\n\n<p>Aus der Kleinwalsertaler Schriftenreihe erschien das Heft Nr. 7 mit dem Titel \u201eBildst\u00f6ckle und Kleinkapellen im Kleinwalsertal\u201c.<\/p>\n\n\n\n<p>Am 8. Dezember wurde die Sendung \u201eAdvent in Vorarlberg\u201c ausgestrahlt. Der ORF Vorarlberg war zu Gast im Kleinwalsertal. Moderatorin Martina K\u00f6berle stellte unser Tal vor. Die Mundartautorin Eliane Fritz, Fotok\u00fcnstler Mathias Kessler, Sopranistin Sabine Winter sowie Skisprungtrainer Werner Schuster und andere waren aus dem Tal mit dabei. Musikalisch sorgten die Walser Turmbl\u00e4ser und die Walser Saitenbl\u00e4ser f\u00fcr adventliche Stimmung. Einblicke in die Nikolaustradition im Tal gaben der Verein D<code>Bommera und D<\/code>B\u00e4rbele.<\/p>\n\n\n\n<p>Der Krampusverein D`Bommera konnte sein 10-j\u00e4hriges Jubil\u00e4um feiern.<\/p>\n\n\n\n<p>Der Gasthof Walserschanz soll aus dem Dornr\u00f6schenschlaf geweckt werden. Der Ideenwettbewerb und die Grobplanung f\u00fcr das rund 500 m\u00b2 gro\u00dfe Areal im Grenzgebiet von Oberstdorf und dem Kleinwalsertal sind erfolgt. Beim Auftakt- Workshop mit Vertretern aus Kommunalpolitik und Tourismus stellten der Breitachklammverein und Architekt Franz Vogler aus Oberstdorf die geplanten Umbauten mit interaktiver Ausstellung und Gastronomieangebot vor.<\/p>\n\n\n\n<p>Bei der Jahreshauptversammlung der Feuerwehr Riezlern wurden Christian Strasser, Marcus Fritz, J\u00fcrgen Schardinger, Thomas Grill und Kommandant Sascha Duffner f\u00fcr ihre 25-j\u00e4hrige T\u00e4tigkeit geehrt.<\/p>\n\n\n\n<p>Am 18. Dezember stand ein Ferienheim in Mittelberg-H\u00f6fle im Vollbrand. Das teilweise sehr alte Walserhaus wurde dabei total besch\u00e4digt.<\/p>\n\n\n\n<h3 class=\"wp-block-heading\">Geburten<\/h3>\n\n\n\n<p>19 Buben und zw\u00f6lf M\u00e4dchen erblickten das Licht der Welt. 14 aus Riezlern, zehn aus Hirschegg und sieben aus Mittelberg. 20 Kinder sind in Immenstadt, zehn Kinder in Kempten und eines in Memmingen geboren.<\/p>\n\n\n\n<h3 class=\"wp-block-heading\">Hochzeiten<\/h3>\n\n\n\n<p>Insgesamt fanden 31 Hochzeiten statt. Sechs in Riezlern, drei in Hirschegg und zwei in Mittelberg. Bei einem Paar sind beide Ehepartner seit Geburt in der Gemeinde Mittelberg wohnhaft und bei neun Paaren ein Brautteil. Au\u00dferdem heirateten 20 G\u00e4stepaare.<\/p>\n\n\n\n<h3 class=\"wp-block-heading\">Jubilare<\/h3>\n\n\n\n<p>Am 30. November 2024 feierten die Eheleute Paul und Irma Heidegger das \u00e4u\u00dferst seltene Ehejubil\u00e4um \u201eKronjuwelen- Hochzeit\u201c. Seit 75 Jahren ist das Paar verheiratet!<\/p>\n\n\n\n<p>Es konnten acht Goldene (50 Jahre), f\u00fcnf Diamantene (60 Jahre), vier Eiserne (65 Jahre), eine Steinerne (67 \u00bd Jahre) und eine Kronjuwelen Hochzeit (75 Jahre) gefeiert werden.<\/p>\n\n\n\n<h3 class=\"wp-block-heading\">Sterbef\u00e4lle<\/h3>\n\n\n\n<p>Horst Kreutzer, 86 Jahre<br>Ingried Siever, geb. Scheel, 95 Jahre<br>Hermann Kocher, 74 Jahre<br>Christine Niederwolfsgruber, geb. Haller, 80 Jahre<br>Christine Demsky, geb. Vinazzer, 87 Jahre<br>Siegrid Johannes, 78 Jahre<br>Irmgard Heim, geb. Ehrmann, 87 Jahre<br>Erna K\u00f6gler, geb. Drechsel, 85 Jahre<br>Branko Kovacevic, 87 Jahre<br>Kreszentia Brutscher, geb. Wilhelm, 92 Jahre<br>Gisela Schuster, geb. Gillen, 89 Jahre<br>Christel Kragler, geb. K\u00f6lbl, 81 Jahre<br>Rudolf Passy, 83 Jahre<br>Kreszentia Meusburger, 40 Jahre<br>Rosmarie Kessler, 70 Jahre<br>Aaron Schuster, 56 Jahre<br>Alois Schr\u00f6fl, 66 Jahre<br>Peter Neumair, geb. Kindsm\u00fcller, 68 Jahre<br>Waltraud Vonblon, geb. Unterberger, 66 Jahre<br>Annemarie Hilbrand, geb. Meusburger, 87 Jahre<br>Irma Krenn, geb. Riezler, 92 Jahre<br>Maria Fritz, geb. M\u00fcller, 89 Jahre<br>Maria Schwer, 104 Jahre<br>Adolfine Eberle, geb. Palz, 85 Jahre<br>Elisabeth M\u00fcller, geb. Klaus, 87 Jahre<br>Ingeborg Riezler, 69 Jahre<br>Johann Danzl, 81 Jahre<br>Marija Tschanhenz, geb. Lorbek, 76 Jahre<br>Gerhard Neuhauser, 84 Jahre<br>Hans-Werner Montibeller, 78 Jahre<br>Brigitte Sch\u00f6nherr, 68 Jahre<br>Helmut Drechsel, 84 Jahre<br>Silvia Laenger, 61 Jahre<br>Theresia Felder, 96 Jahre<br>Nina Haller, 44 Jahre<br>Johannes Graf, 71 Jahre<br>Dietrich Egger, 74 Jahre<br>Peter Thiel 88 Jahre<br>Heribert Kinzel, 83 Jahre<\/p>\n\n\n\n<p>Ausw\u00e4rts verstorben sind, so weit bekannt:<br>John Gillard, 76 Jahre<br>Wolfram Monschau, 81 Jahre<br>Rosmarie Kuttin (Beer), geb. Moosbrugger, 72 Jahre<br>Martin Gamper, 55 Jahre<br>Lukas Schuster, 92 Jahre<br>Franz Feurstein, 84 Jahre<\/p>\n\n\n\n<p>Seit dem 18. August 2023 wird Erich Hanzlovsky vermisst, er wurde bis heute nicht gefunden.<\/p>\n\n\n\n<p>Insgesamt verstarben 40 Personen, 15 M\u00e4nner und 25 Frauen; 19 aus Riezlern, sieben aus Hirschegg und 14 aus Mittelberg.<\/p>\n\n\n\n<hr class=\"wp-block-separator has-alpha-channel-opacity\"\/>\n\n\n\n<p>Text: Stefan Heim<br>Fotos: Gemeinde Mittelberg<\/p>\n","protected":false},"excerpt":{"rendered":"<p>Das Jahr 2024 in der Gemeinde Mittelberg (mehr\u00a0&hellip;)<\/p>\n","protected":false},"author":1,"featured_media":0,"comment_status":"closed","ping_status":"closed","sticky":false,"template":"","format":"image","meta":{"ngg_post_thumbnail":0,"footnotes":""},"categories":[72],"tags":[791,792],"taetigkeiten":[],"chronik-jahre":[789],"chronik-gemeinden":[392],"walserheimat":[790],"gebiete":[],"superkategorien":[],"class_list":["post-19480","post","type-post","status-publish","format-image","hentry","category-chroniken","tag-791","tag-wh-116","post_format-post-format-image","chronik-jahre-789","chronik-gemeinden-mittelberg","walserheimat-wh116"],"_links":{"self":[{"href":"https:\/\/www.vorarlberger-walservereinigung.at\/vwvwp\/wp-json\/wp\/v2\/posts\/19480","targetHints":{"allow":["GET"]}}],"collection":[{"href":"https:\/\/www.vorarlberger-walservereinigung.at\/vwvwp\/wp-json\/wp\/v2\/posts"}],"about":[{"href":"https:\/\/www.vorarlberger-walservereinigung.at\/vwvwp\/wp-json\/wp\/v2\/types\/post"}],"author":[{"embeddable":true,"href":"https:\/\/www.vorarlberger-walservereinigung.at\/vwvwp\/wp-json\/wp\/v2\/users\/1"}],"replies":[{"embeddable":true,"href":"https:\/\/www.vorarlberger-walservereinigung.at\/vwvwp\/wp-json\/wp\/v2\/comments?post=19480"}],"version-history":[{"count":4,"href":"https:\/\/www.vorarlberger-walservereinigung.at\/vwvwp\/wp-json\/wp\/v2\/posts\/19480\/revisions"}],"predecessor-version":[{"id":19487,"href":"https:\/\/www.vorarlberger-walservereinigung.at\/vwvwp\/wp-json\/wp\/v2\/posts\/19480\/revisions\/19487"}],"wp:attachment":[{"href":"https:\/\/www.vorarlberger-walservereinigung.at\/vwvwp\/wp-json\/wp\/v2\/media?parent=19480"}],"wp:term":[{"taxonomy":"category","embeddable":true,"href":"https:\/\/www.vorarlberger-walservereinigung.at\/vwvwp\/wp-json\/wp\/v2\/categories?post=19480"},{"taxonomy":"post_tag","embeddable":true,"href":"https:\/\/www.vorarlberger-walservereinigung.at\/vwvwp\/wp-json\/wp\/v2\/tags?post=19480"},{"taxonomy":"taetigkeiten","embeddable":true,"href":"https:\/\/www.vorarlberger-walservereinigung.at\/vwvwp\/wp-json\/wp\/v2\/taetigkeiten?post=19480"},{"taxonomy":"chronik-jahre","embeddable":true,"href":"https:\/\/www.vorarlberger-walservereinigung.at\/vwvwp\/wp-json\/wp\/v2\/chronik-jahre?post=19480"},{"taxonomy":"chronik-gemeinden","embeddable":true,"href":"https:\/\/www.vorarlberger-walservereinigung.at\/vwvwp\/wp-json\/wp\/v2\/chronik-gemeinden?post=19480"},{"taxonomy":"walserheimat","embeddable":true,"href":"https:\/\/www.vorarlberger-walservereinigung.at\/vwvwp\/wp-json\/wp\/v2\/walserheimat?post=19480"},{"taxonomy":"gebiete","embeddable":true,"href":"https:\/\/www.vorarlberger-walservereinigung.at\/vwvwp\/wp-json\/wp\/v2\/gebiete?post=19480"},{"taxonomy":"superkategorien","embeddable":true,"href":"https:\/\/www.vorarlberger-walservereinigung.at\/vwvwp\/wp-json\/wp\/v2\/superkategorien?post=19480"}],"curies":[{"name":"wp","href":"https:\/\/api.w.org\/{rel}","templated":true}]}}