{"id":19454,"date":"2025-02-20T17:12:40","date_gmt":"2025-02-20T16:12:40","guid":{"rendered":"https:\/\/www.vorarlberger-walservereinigung.at\/vwvwp\/?p=19454"},"modified":"2025-02-20T17:12:41","modified_gmt":"2025-02-20T16:12:41","slug":"chronik-2024-fontanella","status":"publish","type":"post","link":"https:\/\/www.vorarlberger-walservereinigung.at\/vwvwp\/chronik-2024-fontanella\/","title":{"rendered":"Chronik 2024 Fontanella"},"content":{"rendered":"\n<h2 class=\"wp-block-heading\"><figure><img loading=\"lazy\" decoding=\"async\" width=\"150\" height=\"192\" class=\"alignleft wp-image-1085\" src=\"https:\/\/www.vorarlberger-walservereinigung.at\/vwvwp\/wp-content\/uploads\/2015\/06\/fontanella.gif\" alt=\"\"><\/figure>Das Jahr 2024 in der Gemeinde <a href=\"https:\/\/www.vorarlberger-walservereinigung.at\/vwvwp\/?p=702\">Fontanella<\/a><\/h2>\n\n\n\n<!--more-->\n\n\n\n<p>In unserer Gemeinde spielt der Tourismus eine bedeutende Rolle. In den vergangenen Jahren hat sich der Schwerpunkt im Bereich Ferienwohnungen verst\u00e4rkt, wobei der Anteil der Privatzimmer mit Fr\u00fchst\u00fcck kaum noch vorhanden ist. Die Statistik zeigt bei rund 1.000 G\u00e4stebetten 85.000 N\u00e4chtigungen.<\/p>\n\n\n\n<p>Die Parkplatzgestaltung auf dem Faschinajoch wurde durchgef\u00fchrt. F\u00fcr den Sommer ist eine Parkplatzbewirtschaftung angedacht.<\/p>\n\n\n\n<p>In den vergangenen Jahren hat sich der Seewaldsee zu einem beliebten Wanderziel, auch f\u00fcr Tagestouristen, entwickelt. Veronika und Leonie Heckmann sind die neuen P\u00e4chter vom Seest\u00fcble. Die Parkplatzm\u00f6glichkeiten bei der S\u00e4ge wurden erweitert und gesichert.<\/p>\n\n\n\n<p>Im Zuge der Gespr\u00e4che zum R\u00e4umlichen Entwicklungsplan (REP) im Biosph\u00e4renpark wurden in der Gemeinde eine Reihe von Bebauungs- und Gestaltungsrichtlinien besprochen und beschlossen.<\/p>\n\n\n\n<p>Die Familie Harald Burtscher hat am Mittelberg das neue Haus bezogen.<\/p>\n\n\n\n<p>Die Firma Holzbau Gilbert Burtscher konnte im August das Fest des zehnj\u00e4hrigen Bestehens begehen. Er und seine 17 Mitarbeiter luden auch die Familien der Kunden ein, dieses Ereignis geb\u00fchrend zu feiern.<\/p>\n\n\n\n<p>Unsere Trachtenkapelle hatte in diesem Jahr neben dem bew\u00e4hrten Musigball im Februar und dem Osterkonzert auch das D\u00f6rflifest am 10. und 11. August auszurichten. Anlass war das 90-Jahr-Jubil\u00e4um der Trachtenkapelle, die sich in einer eigenen Festschrift pr\u00e4sentierte. Bei der Jahreshauptversammlung im November \u00fcbernahm Martin Konzett die Obmannstelle des Vereins.<\/p>\n\n\n\n<p>Der Trachtenverein Fontanella gestaltete dieses Jahr den talweiten Trachtentag zu Ehren der hl. Notburga.<\/p>\n\n\n\n<p>Zwei Veranstaltungen sind \u00fcber die Talgrenzen hinaus bekannt: die Playback- Show \u201eDie Gro\u00dfen 10\u201c und die Bergweihnacht im Advent.<\/p>\n\n\n\n<p>Die Ortsfeuerwehr Fontanella konnte bei insgesamt neun Eins\u00e4tzen ihre hohe Kompetenz unter Beweis stellen. Ein besonderes Ereignis war die Teilnahme bei den Nassleistungswettbewerben des Bezirkes Bludenz. Die Wettkampfgruppen erzielten dabei beeindruckende Ergebnisse, n\u00e4mlich den ersten Platz in der Klasse B und den ersten Platz in der Klasse A und wurden somit Bezirkssieger 2024.<\/p>\n\n\n\n<figure class=\"wp-block-image size-full\"><img loading=\"lazy\" decoding=\"async\" width=\"633\" height=\"473\" src=\"https:\/\/www.vorarlberger-walservereinigung.at\/vwvwp\/wp-content\/uploads\/2025\/02\/fontanella_2024-2.jpg\" alt=\"Mitglieder der Freiwilligen Feuerwehr Fontanella\" class=\"wp-image-19457\" srcset=\"https:\/\/www.vorarlberger-walservereinigung.at\/vwvwp\/wp-content\/uploads\/2025\/02\/fontanella_2024-2.jpg 633w, https:\/\/www.vorarlberger-walservereinigung.at\/vwvwp\/wp-content\/uploads\/2025\/02\/fontanella_2024-2-300x224.jpg 300w\" sizes=\"auto, (max-width: 633px) 100vw, 633px\" \/><figcaption class=\"wp-element-caption\">Die Ortsfeuerwehr Fontanella wurde Bezirkssieger 2024 bei den Nassleistungswettbewerben des Bezirkes Bludenz. Foto: Elmar Stark<\/figcaption><\/figure>\n\n\n\n<p>Der Jahresbericht der Bergrettung Ortsstelle Fontanella zeigt die vielf\u00e4ltige T\u00e4tigkeit dieser Gruppierung auf. Bei der Jahreshauptversammlung wurde die Basis f\u00fcr die kommenden Jahre gelegt. Bernd Burtscher wurde als Ortsstellenleiter zusammen mit seinem Team best\u00e4tigt. Virgil Hartmann ist der neue Finanzreferent, Jonas Sch\u00e4fer ist im Team der Alpinausbilder und Hugo Bickel wurde f\u00fcr seine 50 Jahre  Dienst im Zeichen der Bergrettung ausgezeichnet. In dieser langen Zeit hat sich die Arbeit eines Bergretters stark ver\u00e4ndert, sei es durch weiterentwickelte Techniken oder durch neu hinzugekommene Eins\u00e4tze. Einer von diesen ist der Pistendienst an den Wochenenden in Skigebieten. Im vergangenen Jahr kam es dabei zu zw\u00f6lf Eins\u00e4tzen, bei drei war ein Hubschrauberabtransport n\u00f6tig. Die vier Mitglieder der First Responder Gruppe wurden zu insgesamt 36 Notf\u00e4llen gerufen. So unterschiedliche Eins\u00e4tze erfordern eine gute Aus- und Weiterbildung.<\/p>\n\n\n\n<p>Im Jahre 1966 errichteten Feuerwehr und Musikverein gemeinsam das Gipfelkreuz auf dem Glatthorn. Jetzt, nach 58 Jahren, musste es erneuert werden. Schon im Sp\u00e4twinter stand fest, dass das neue Gipfelkreuz m\u00f6glichst ohne Hubschraubereinsatz errichtet werden soll. Im Sp\u00e4twinter wurde der letzte Schnee auf dem Glatthorn in F\u00e4ssern gesammelt. Somit war f\u00fcr die Betonierungsarbeit das n\u00f6tige Wasser vorhanden. Im Juni trugen viele freiwillige Helfer auf ihren Schultern das Holz und alles, was dazugeh\u00f6rt, auf den Gipfel. Die Einweihung erfolgte am 25. August. Neben verschiedenen unterst\u00fctzenden Firmen waren es besonders Franz Josef Konzett und seine Tochter Sabine, die die Kosten dieses Unternehmens \u00fcbernahmen.<\/p>\n\n\n\n<figure class=\"wp-block-image size-full\"><img loading=\"lazy\" decoding=\"async\" width=\"632\" height=\"391\" src=\"https:\/\/www.vorarlberger-walservereinigung.at\/vwvwp\/wp-content\/uploads\/2025\/02\/fontanella_2024-1.jpg\" alt=\"Errichtung Gipfelkreuz\" class=\"wp-image-19456\" srcset=\"https:\/\/www.vorarlberger-walservereinigung.at\/vwvwp\/wp-content\/uploads\/2025\/02\/fontanella_2024-1.jpg 632w, https:\/\/www.vorarlberger-walservereinigung.at\/vwvwp\/wp-content\/uploads\/2025\/02\/fontanella_2024-1-300x186.jpg 300w\" sizes=\"auto, (max-width: 632px) 100vw, 632px\" \/><figcaption class=\"wp-element-caption\">Viele flei\u00dfige H\u00e4nde errichteten ein neues Gipfelkreuz auf dem Glatthorn. Das neue Gipfelkreuz wurde am 25. August feierlich eingeweiht. Foto: privat<\/figcaption><\/figure>\n\n\n\n<figure class=\"wp-block-image size-full\"><img loading=\"lazy\" decoding=\"async\" width=\"632\" height=\"472\" src=\"https:\/\/www.vorarlberger-walservereinigung.at\/vwvwp\/wp-content\/uploads\/2025\/02\/fontanella_2024-3.jpg\" alt=\"Tabernakel am Hochaltar unserer Pfarrkirche Fontanella\" class=\"wp-image-19458\" srcset=\"https:\/\/www.vorarlberger-walservereinigung.at\/vwvwp\/wp-content\/uploads\/2025\/02\/fontanella_2024-3.jpg 632w, https:\/\/www.vorarlberger-walservereinigung.at\/vwvwp\/wp-content\/uploads\/2025\/02\/fontanella_2024-3-300x224.jpg 300w\" sizes=\"auto, (max-width: 632px) 100vw, 632px\" \/><figcaption class=\"wp-element-caption\">Im J\u00e4nner wurde der neue Tabernakel am Hochaltar unserer Pfarrkirche angebracht. Er ist eine sehenswerte, aufw\u00e4ndige Handwerksarbeit von Alois Burtscher. Foto: privat<\/figcaption><\/figure>\n\n\n\n<h3 class=\"wp-block-heading\">Geburten<\/h3>\n\n\n\n<p>Rafael Domig, Eltern Karolina und Guntram Domig<br>Ilvie Bickel, Eltern Jasmin und Stefan Bickel<\/p>\n\n\n\n<h3 class=\"wp-block-heading\">Jubil\u00e4en<\/h3>\n\n\n\n<p>Imelda und Raimund Stark feierten die Diamantene Hochzeit.<\/p>\n\n\n\n<p>90 Jahre: Edwin Stark<br>80 Jahre: Ehrenreich Nigsch,<br>Maria Martin und Rudolf Domig<\/p>\n\n\n\n<h3 class=\"wp-block-heading\">Sterbef\u00e4lle<\/h3>\n\n\n\n<p>Anna Burtscher, Jg. 1937<br>Raimund Burtscher, Jg. 1936<br>Reinelde Burtscher, Jg. 1925<br>Rita T\u00fcrtscher, Jg. 1949<br>Paul Sperger, Jg. 1933<\/p>\n\n\n\n<hr class=\"wp-block-separator has-alpha-channel-opacity\"\/>\n\n\n\n<p><em>Marlies Bouzo<\/em><\/p>\n","protected":false},"excerpt":{"rendered":"<p>Das Jahr 2024 in der Gemeinde Fontanella (mehr\u00a0&hellip;)<\/p>\n","protected":false},"author":1,"featured_media":0,"comment_status":"closed","ping_status":"closed","sticky":false,"template":"","format":"image","meta":{"ngg_post_thumbnail":0,"footnotes":""},"categories":[72],"tags":[793],"taetigkeiten":[],"chronik-jahre":[789],"chronik-gemeinden":[388],"walserheimat":[790],"gebiete":[],"superkategorien":[],"class_list":["post-19454","post","type-post","status-publish","format-image","hentry","category-chroniken","tag-2024-wh116","post_format-post-format-image","chronik-jahre-789","chronik-gemeinden-fontanella","walserheimat-wh116"],"_links":{"self":[{"href":"https:\/\/www.vorarlberger-walservereinigung.at\/vwvwp\/wp-json\/wp\/v2\/posts\/19454","targetHints":{"allow":["GET"]}}],"collection":[{"href":"https:\/\/www.vorarlberger-walservereinigung.at\/vwvwp\/wp-json\/wp\/v2\/posts"}],"about":[{"href":"https:\/\/www.vorarlberger-walservereinigung.at\/vwvwp\/wp-json\/wp\/v2\/types\/post"}],"author":[{"embeddable":true,"href":"https:\/\/www.vorarlberger-walservereinigung.at\/vwvwp\/wp-json\/wp\/v2\/users\/1"}],"replies":[{"embeddable":true,"href":"https:\/\/www.vorarlberger-walservereinigung.at\/vwvwp\/wp-json\/wp\/v2\/comments?post=19454"}],"version-history":[{"count":2,"href":"https:\/\/www.vorarlberger-walservereinigung.at\/vwvwp\/wp-json\/wp\/v2\/posts\/19454\/revisions"}],"predecessor-version":[{"id":19459,"href":"https:\/\/www.vorarlberger-walservereinigung.at\/vwvwp\/wp-json\/wp\/v2\/posts\/19454\/revisions\/19459"}],"wp:attachment":[{"href":"https:\/\/www.vorarlberger-walservereinigung.at\/vwvwp\/wp-json\/wp\/v2\/media?parent=19454"}],"wp:term":[{"taxonomy":"category","embeddable":true,"href":"https:\/\/www.vorarlberger-walservereinigung.at\/vwvwp\/wp-json\/wp\/v2\/categories?post=19454"},{"taxonomy":"post_tag","embeddable":true,"href":"https:\/\/www.vorarlberger-walservereinigung.at\/vwvwp\/wp-json\/wp\/v2\/tags?post=19454"},{"taxonomy":"taetigkeiten","embeddable":true,"href":"https:\/\/www.vorarlberger-walservereinigung.at\/vwvwp\/wp-json\/wp\/v2\/taetigkeiten?post=19454"},{"taxonomy":"chronik-jahre","embeddable":true,"href":"https:\/\/www.vorarlberger-walservereinigung.at\/vwvwp\/wp-json\/wp\/v2\/chronik-jahre?post=19454"},{"taxonomy":"chronik-gemeinden","embeddable":true,"href":"https:\/\/www.vorarlberger-walservereinigung.at\/vwvwp\/wp-json\/wp\/v2\/chronik-gemeinden?post=19454"},{"taxonomy":"walserheimat","embeddable":true,"href":"https:\/\/www.vorarlberger-walservereinigung.at\/vwvwp\/wp-json\/wp\/v2\/walserheimat?post=19454"},{"taxonomy":"gebiete","embeddable":true,"href":"https:\/\/www.vorarlberger-walservereinigung.at\/vwvwp\/wp-json\/wp\/v2\/gebiete?post=19454"},{"taxonomy":"superkategorien","embeddable":true,"href":"https:\/\/www.vorarlberger-walservereinigung.at\/vwvwp\/wp-json\/wp\/v2\/superkategorien?post=19454"}],"curies":[{"name":"wp","href":"https:\/\/api.w.org\/{rel}","templated":true}]}}