{"id":19450,"date":"2025-02-20T17:12:57","date_gmt":"2025-02-20T16:12:57","guid":{"rendered":"https:\/\/www.vorarlberger-walservereinigung.at\/vwvwp\/?p=19450"},"modified":"2025-02-20T17:12:57","modified_gmt":"2025-02-20T16:12:57","slug":"chronik-2024-blons","status":"publish","type":"post","link":"https:\/\/www.vorarlberger-walservereinigung.at\/vwvwp\/chronik-2024-blons\/","title":{"rendered":"Chronik 2024 Blons"},"content":{"rendered":"<div class=\"wp-block-image wp-image-1079\">\n<figure class=\"alignleft\"><img loading=\"lazy\" decoding=\"async\" width=\"151\" height=\"200\" src=\"https:\/\/www.vorarlberger-walservereinigung.at\/vwvwp\/wp-content\/uploads\/2015\/06\/blons.gif\" alt=\"Blons\" class=\"wp-image-1079\"\/><figcaption class=\"wp-element-caption\">Wappen der Gemeinde Blons<\/figcaption><\/figure>\n<\/div>\n\n\n<h2 class=\"wp-block-heading\">Das Jahr 2024 in der Gemeinde <a href=\"https:\/\/www.vorarlberger-walservereinigung.at\/vwvwp\/?p=12488\">Blons<\/a><\/h2>\n\n\n\n<!--more-->\n\n\n\n<p>Im Jahr 2024 hat es in der Gemeinde Blons einige personelle \u00c4nderungen gegeben.<\/p>\n\n\n\n<p>Martin Jenny hat am 1. M\u00e4rz seinen Dienst als neuer Schulwart in der Mittelschule Gro\u00dfes Walsertal angetreten. Sein Vorg\u00e4nger, Klaus T\u00fcrtscher, ist mit 1. Dezember 2023 in Pension gegangen, war aber bis zum Dienstantritt von Martin Jenny geringf\u00fcgig besch\u00e4ftigt, um einen geregelten \u00dcbergang zu gew\u00e4hrleisten. Der Obmann des Mittelschulverbandes, Erich Kaufmann, und der Direktor der Mittelschule, Martin Natter, dankten ihm f\u00fcr seine mehr als zwanzigj\u00e4hrige T\u00e4tigkeit als Schulwart. Martin Jenny trat nun in die Fu\u00dfstapfen seines Vaters Herbert Jenny, der der erste Schulwart der Mittelschule (vorher Hauptschule) Gro\u00dfes Walsertal war.<\/p>\n\n\n\n<p>Ingemar Dobler hat am 1. Mai die Nachfolge von August Bickel als Gemeindearbeiter \u00fcbernommen. Nach \u00fcber 20 Jahren im Dienst ging August Ende Mai in den Ruhestand. Die Gemeinde dankte ihm f\u00fcr seine langj\u00e4hrige Arbeit und w\u00fcnschte Ingemar Dobler viel Erfolg bei seinen neuen Aufgaben.<\/p>\n\n\n\n<p>Ebenfalls war Klaus T\u00fcrtscher \u00fcber 20 Jahre als Legalisator f\u00fcr die Gemeinde Blons t\u00e4tig. Die Amtsleiterin der Gemeinde und gelernte Juristin, Elisabeth Bickel, hat sich bereit erkl\u00e4rt, diese T\u00e4tigkeit zu \u00fcbernehmen. Sie wurde vom Pr\u00e4sidenten des Oberlandesgerichtes Innsbruck zur neuen Legalisatorin ernannt.<\/p>\n\n\n\n<p>Nach sieben Jahren beendete Isolde M\u00fcller ihre T\u00e4tigkeit als Assistentin im Kindergarten Blons. Wegen ihrer einf\u00fchlsamen und herzlichen Art war Isolde sowohl bei den Kindern als auch bei den Eltern sehr beliebt. Am letzten Kindergartentag bedankten sich der B\u00fcrgermeister Erich Kaufmann, die Kindergartenleiterin Lena Sutter und die Eltern bei Isolde f\u00fcr ihre ausgezeichnete Arbeit. Als Nachfolgerin konnte Anika Rangger aus Frastanz gewonnen werden.<\/p>\n\n\n\n<p>Susanne Bickel ist neue Ortsvertreterin des Krankenpflegevereins Gro\u00dfes Walsertal f\u00fcr die Gemeinde Blons. Bislang hat Carina T\u00fcrtscher diese Aufgabe wahrgenommen.<\/p>\n\n\n\n<p>Die Walserbibliothek Blons feierte ihr 25-j\u00e4hriges Jubil\u00e4um. Zu diesem Anlass wurde vom 8. bis 12. Juli jeden Tag von 10 bis 16 Uhr f\u00fcr Kinder ab f\u00fcnf Jahren eine Veranstaltung der besonderen Art durchgef\u00fchrt: eine \u201ePippi-Langstrumpf- Woche\u201c. Anna Katharina Sturm begeisterte als Pippi die Kinder. Insgesamt 33 Kinder aus verschiedenen Gemeinden waren dabei. Am Samstag, dem 13. Juli, fand das Abschlussfest statt und B\u00fcrgermeister Erich Kaufmann gratulierte den Verantwortlichen der  Walserbibliothek Blons zum Jubil\u00e4um.<\/p>\n\n\n\n<p>Am Mittwoch, dem 3. April, fand in der Walserbibliothek Blons ein Gespr\u00e4ch zum Thema Demenz statt.  Der Validationsexperte Norbert Schnetzer informierte \u00fcber Erfahrungen und gab Ratschl\u00e4ge, wie der Umgang mit betroffenen Personen verbessert werden kann. Wie wichtig dieses Thema ist, zeigte sich darin, dass viele Zuh\u00f6rer \u00fcber ihre eigenen Erfahrungen berichteten.<\/p>\n\n\n\n<p>Seit Anfang des Jahres ist die Gemeinde Blons Mitglied der Forstbetriebsgemeinschaft Ludesch \u2013 Gro\u00dfes Walsertal. Dies war ein wichtiger Schritt in Richtung Professionalisierung der Waldbewirtschaftung. Betriebsleiter Mario Vaschauner machte zu Jahresbeginn mit Waldaufseher Erich Enenkel etliche Begehungen, um den Wald in Blons kennenzulernen. Sein eingespieltes Team f\u00fchrte im Fr\u00fchjahr unter anderem eine Aufforstung im Bereich Gemsle sowie M\u00e4harbeiten in H\u00fcggen durch.<\/p>\n\n\n<div class=\"wp-block-image\">\n<figure class=\"alignleft size-full\"><img loading=\"lazy\" decoding=\"async\" width=\"420\" height=\"564\" src=\"https:\/\/www.vorarlberger-walservereinigung.at\/vwvwp\/wp-content\/uploads\/2025\/02\/blons_2024-1.jpg\" alt=\"\" class=\"wp-image-19452\" srcset=\"https:\/\/www.vorarlberger-walservereinigung.at\/vwvwp\/wp-content\/uploads\/2025\/02\/blons_2024-1.jpg 420w, https:\/\/www.vorarlberger-walservereinigung.at\/vwvwp\/wp-content\/uploads\/2025\/02\/blons_2024-1-223x300.jpg 223w\" sizes=\"auto, (max-width: 420px) 100vw, 420px\" \/><figcaption class=\"wp-element-caption\">Das neu eingerichtete N\u00e4hzimmer in Blons. Hier kann freitags an N\u00e4hmaschine und B\u00fcgeltisch gewerkelt werden. F\u00fcr fachkundige Unterst\u00fctzung und Beratung ist gesorgt. Foto: privat<\/figcaption><\/figure>\n<\/div>\n\n\n<p>Die Gemeinde hat die ehemaligen Bankr\u00e4umlichkeiten direkt am Dorfplatz angekauft. Diese werden nun f\u00fcr Schulzwecke und die Kinderbetreuung genutzt.<\/p>\n\n\n\n<p>Die Gemeindevertretung beschloss die Erweiterung und Erneuerung des Spielplatzes beim Kindergarten. Die Umgestaltung wurde entsprechend den Ausf\u00fchrungspl\u00e4nen von Gemeindearbeiter Ingemar Dobler durchgef\u00fchrt.<\/p>\n\n\n\n<p>Anfang Juni hat die Tischlerei \u201eKreativ Holz\u201c aus Blons im Dorfladen hinter der Frischwarentheke neue K\u00e4sten und Ablagefl\u00e4chen montiert, was die Arbeitsabl\u00e4ufe erheblich verbessert hat. Die Kosten \u00fcbernahm die Gemeinde Blons. Am Samstag, dem 6. Juli, lud die Gemeinde und das Team vom Dorfladen Blons die Bev\u00f6lkerung zu Kuchen und Kaffee ein und pr\u00e4sentierte das neue Ensemble.<\/p>\n\n\n\n<p>Die Gemeinde Blons f\u00f6rderte 2024 folgende Vereine: Vorarlberg 50+, Obst- und Gartenbauverein, Trachtenverein Blons\/ St. Gerold, B\u00e4uerinnen, Krippenbauverein, Kirchenchor, Frauench\u00f6rle, Chor Sonnasita sowie die Funkenzunft \u2013 au\u00dferdem stellt die Gemeinde das Brennholz f\u00fcr den Funken zur Verf\u00fcgung. Unter dem Titel Jugendf\u00f6rderung wurden der Tennisclub, die Feuerwehrjugend und der Sportverein mit Zusch\u00fcssen bedacht.<\/p>\n\n\n\n<p>Am 7. M\u00e4rz hat der Verein Telekommunikation Blons seine Vollversammlung abgehalten und dabei Roman Bickel zum neuen Obmann gew\u00e4hlt. Roman folgt Nikolai Bickel nach.<\/p>\n\n\n\n<p>Am 12. April fand die Jahreshauptversammlung des Tennisclub Gro\u00dfes Walsertal statt. Die langj\u00e4hrigen Vereinsfunktion\u00e4re Thomas T\u00fcrtscher (Obmann) und Nico Jenny (Kassier) wurden nach \u00fcber 21 Jahren Vorstandszugeh\u00f6rigkeit geb\u00fchrend verabschiedet. Zuk\u00fcnftig wird Johannes Dobler das Amt des  Obmanns aus\u00fcben. Unterst\u00fctzt wird er von einem motivierten, jungen Vorstandsteam.<\/p>\n\n\n\n<p>In den Gesch\u00e4ftsr\u00e4umlichkeiten unterhalb des Dorfplatzes haben sich zwei neue Betriebe eingemietet. Lisa-Maria Pettinger f\u00fchrt ein Studio als Energetikerin und Patricia Konzett betreibt eines f\u00fcr Kosmetik und Fu\u00dfpflege.<\/p>\n\n\n\n<p>Am Freitag, dem 12. Juli, startete der Flohmarktladen im Gemsle mit einem zus\u00e4tzlichen Textil- und N\u00e4hschwerpunkt. Zum einen mit dem neu eingerichteten N\u00e4hraum, in dem freitags an B\u00fcgeltisch und -brett, N\u00e4hmaschine und Co. inkl. Beratung und Unterst\u00fctzung von fachkundigen Personen, gewerkelt werden kann. Der Erl\u00f6s des ganzen Jahres geht an bed\u00fcrftige Familien und soziale Projekte.<\/p>\n\n\n\n<p>Am Sonntag, dem 2. Juni, feierte die Pfarrgemeinde Blons das 50-j\u00e4hrige Priesterjubil\u00e4um von Pater Christoph mit einem Gottesdienst und einem Pfarrfest. Pater Christoph versieht bereits 20 Jahre seines priesterlichen Dienstes in Blons und steht der Gemeinde als Beichtvater, Ratgeber und Wegbegleiter zur Seite. Im Festgottesdienst reflektierte er \u00fcber seine 50 Jahre im Priesteramt. Das anschlie\u00dfende Pfarrfest bot der Gemeinde die M\u00f6glichkeit, gemeinsam zu feiern und ihre Wertsch\u00e4tzung zu zeigen.<\/p>\n\n\n\n<p>Patric Dobler ist seit 40 Jahren Organist in Blons. Schon mit 13 Jahren (!) begleitete Patric (Jahrgang 1971) als junger Organist die Gottesdienste. Seit 1986 leitet er auch den Kirchenchor Blons. Au\u00dferdem springt er oft in anderen Gemeinden als Organist ein.<\/p>\n\n\n\n<p>Im August organisierte das Pfarrgemeinderatsteam Blons eine Pilgerreise, bei der 26 Gl\u00e4ubige von St. Gerold zur Benediktinerabtei Einsiedeln wanderten. Die Wallfahrt \u00fcber den Jakobsweg dauerte f\u00fcnf Tage und umfasste rund 130 Kilometer sowie 3.000 H\u00f6henmeter.<\/p>\n\n\n\n<p>Der Weinherbst Blons am 26. Oktober fand nun schon zum siebten Mal statt. Eingeladen waren f\u00fcnf Winzer aus der renommierten Weinregion Rosalia DAC. Rund 420 Besucher kamen zu diesem Event.<\/p>\n\n\n\n<h3 class=\"wp-block-heading\">Geburten<\/h3>\n\n\n\n<p>Alina, Eltern Lisa und Manuel Zech<br>Jakob, Eltern Stephanie und Mathias Zech<br>Maria, Eltern Katharina und Wendelin Gut<br>Theresa, Eltern Elisabeth und Mathias D\u00fcnser<br>Aron, Eltern Larissa und Wolfgang T\u00fcrtscher<br>Marvin Theodor, Eltern Marina und Mathias Jenny<\/p>\n\n\n\n<hr class=\"wp-block-separator has-alpha-channel-opacity\"\/>\n\n\n\n<p><em>Otmar Ganahl<\/em><\/p>\n","protected":false},"excerpt":{"rendered":"<p>Wappen der Gemeinde Blons Das Jahr 2024 in der Gemeinde Blons (mehr\u00a0&hellip;)<\/p>\n","protected":false},"author":1,"featured_media":0,"comment_status":"closed","ping_status":"closed","sticky":false,"template":"","format":"image","meta":{"ngg_post_thumbnail":0,"footnotes":""},"categories":[72],"tags":[791,792],"taetigkeiten":[],"chronik-jahre":[789],"chronik-gemeinden":[383],"walserheimat":[790],"gebiete":[],"superkategorien":[],"class_list":["post-19450","post","type-post","status-publish","format-image","hentry","category-chroniken","tag-791","tag-wh-116","post_format-post-format-image","chronik-jahre-789","chronik-gemeinden-blons","walserheimat-wh116"],"_links":{"self":[{"href":"https:\/\/www.vorarlberger-walservereinigung.at\/vwvwp\/wp-json\/wp\/v2\/posts\/19450","targetHints":{"allow":["GET"]}}],"collection":[{"href":"https:\/\/www.vorarlberger-walservereinigung.at\/vwvwp\/wp-json\/wp\/v2\/posts"}],"about":[{"href":"https:\/\/www.vorarlberger-walservereinigung.at\/vwvwp\/wp-json\/wp\/v2\/types\/post"}],"author":[{"embeddable":true,"href":"https:\/\/www.vorarlberger-walservereinigung.at\/vwvwp\/wp-json\/wp\/v2\/users\/1"}],"replies":[{"embeddable":true,"href":"https:\/\/www.vorarlberger-walservereinigung.at\/vwvwp\/wp-json\/wp\/v2\/comments?post=19450"}],"version-history":[{"count":2,"href":"https:\/\/www.vorarlberger-walservereinigung.at\/vwvwp\/wp-json\/wp\/v2\/posts\/19450\/revisions"}],"predecessor-version":[{"id":19453,"href":"https:\/\/www.vorarlberger-walservereinigung.at\/vwvwp\/wp-json\/wp\/v2\/posts\/19450\/revisions\/19453"}],"wp:attachment":[{"href":"https:\/\/www.vorarlberger-walservereinigung.at\/vwvwp\/wp-json\/wp\/v2\/media?parent=19450"}],"wp:term":[{"taxonomy":"category","embeddable":true,"href":"https:\/\/www.vorarlberger-walservereinigung.at\/vwvwp\/wp-json\/wp\/v2\/categories?post=19450"},{"taxonomy":"post_tag","embeddable":true,"href":"https:\/\/www.vorarlberger-walservereinigung.at\/vwvwp\/wp-json\/wp\/v2\/tags?post=19450"},{"taxonomy":"taetigkeiten","embeddable":true,"href":"https:\/\/www.vorarlberger-walservereinigung.at\/vwvwp\/wp-json\/wp\/v2\/taetigkeiten?post=19450"},{"taxonomy":"chronik-jahre","embeddable":true,"href":"https:\/\/www.vorarlberger-walservereinigung.at\/vwvwp\/wp-json\/wp\/v2\/chronik-jahre?post=19450"},{"taxonomy":"chronik-gemeinden","embeddable":true,"href":"https:\/\/www.vorarlberger-walservereinigung.at\/vwvwp\/wp-json\/wp\/v2\/chronik-gemeinden?post=19450"},{"taxonomy":"walserheimat","embeddable":true,"href":"https:\/\/www.vorarlberger-walservereinigung.at\/vwvwp\/wp-json\/wp\/v2\/walserheimat?post=19450"},{"taxonomy":"gebiete","embeddable":true,"href":"https:\/\/www.vorarlberger-walservereinigung.at\/vwvwp\/wp-json\/wp\/v2\/gebiete?post=19450"},{"taxonomy":"superkategorien","embeddable":true,"href":"https:\/\/www.vorarlberger-walservereinigung.at\/vwvwp\/wp-json\/wp\/v2\/superkategorien?post=19450"}],"curies":[{"name":"wp","href":"https:\/\/api.w.org\/{rel}","templated":true}]}}