{"id":19423,"date":"2025-02-20T17:14:58","date_gmt":"2025-02-20T16:14:58","guid":{"rendered":"https:\/\/www.vorarlberger-walservereinigung.at\/vwvwp\/?p=19423"},"modified":"2025-02-20T17:14:58","modified_gmt":"2025-02-20T16:14:58","slug":"chronik-2024-damuels","status":"publish","type":"post","link":"https:\/\/www.vorarlberger-walservereinigung.at\/vwvwp\/chronik-2024-damuels\/","title":{"rendered":"Chronik 2024 Dam\u00fcls"},"content":{"rendered":"\n<h2 class=\"wp-block-heading\"><figure><img loading=\"lazy\" decoding=\"async\" width=\"150\" height=\"186\" class=\"alignleft wp-image-1082\" src=\"https:\/\/www.vorarlberger-walservereinigung.at\/vwvwp\/wp-content\/uploads\/2015\/06\/damuels.gif\" alt=\"\"><\/figure>Das Jahr 2024 in der Gemeinde <a href=\"https:\/\/www.vorarlberger-walservereinigung.at\/vwvwp\/?p=696\">Dam\u00fcls<\/a><\/h2>\n\n\n\n<!--more-->\n\n\n\n<p>Der Bericht der Tourismusgemeinde Dam\u00fcls beginnt gew\u00f6hnlich mit dem N\u00e4chtigungsergebnis, welches abermals sehr erfolgreich ausgefallen ist. Gestartet hat die Wintersaison 2023\/24 mit perfekten Schnee- und Pistenbedingungen Anfang Dezember. Trotz mehrerer Niederschlagsperioden mit einer Schneefallgrenze \u00fcber 1.500 Meter konnten von den Dam\u00fclser Seilbahnen die Pisten bis Saisonende in optimalem Zustand gehalten werden. Dies war die Grundlage, sodass die Dam\u00fclser Beherbergungsbetriebe in der Wintersaison 2023\/24 erstmals \u00fcber 200.000 \u00dcbernachtungen verzeichnen konnten.<\/p>\n\n\n\n<p>Die Sommersaison begann zaghaft, waren doch die Feiertage Christi Himmelfahrt, Pfingsten und Fronleichnam aufgrund des Ostertermines im M\u00e4rz entsprechend fr\u00fch. Die Wanderwege waren deshalb noch schneebedeckt. Die wichtigen Sommermonate Juli, August und September fielen dann entsprechend gut aus und folglich erzielte das Tourismusjahr 2024 mit 315.341 \u00dcbernachtungen einen neuen H\u00f6chstwert.<\/p>\n\n\n\n<figure class=\"wp-block-image size-full\"><img loading=\"lazy\" decoding=\"async\" width=\"313\" height=\"405\" src=\"https:\/\/www.vorarlberger-walservereinigung.at\/vwvwp\/wp-content\/uploads\/2025\/02\/damuels_2024-1.jpg\" alt=\"H\u00e4userbuch von G\u00fcnther Bischof\" class=\"wp-image-19425\" srcset=\"https:\/\/www.vorarlberger-walservereinigung.at\/vwvwp\/wp-content\/uploads\/2025\/02\/damuels_2024-1.jpg 313w, https:\/\/www.vorarlberger-walservereinigung.at\/vwvwp\/wp-content\/uploads\/2025\/02\/damuels_2024-1-232x300.jpg 232w\" sizes=\"auto, (max-width: 313px) 100vw, 313px\" \/><figcaption class=\"wp-element-caption\">Ein gro\u00dfes Ereignis f\u00fcr die Walsergemeinde Dam\u00fcls war die Buchpr\u00e4sentation des H\u00e4userbuches von G\u00fcnther Bischof. G\u00fcnther Bischof wurde 1965 in Glatzau bei Kirchbach in der Steiermark geboren und entdeckte fr\u00fch seine Leidenschaft f\u00fcr Familienforschung. Sein Urgro\u00dfvater Leo Bischof stammt aus Dam\u00fcls und anl\u00e4sslich der 700-Jahrfeier der Walser in Vorarlberg machte er in der Kulisse Pfarrhof im Jahr 2013 eine Ausstellung \u00fcber die Familien mit dem Namen \u201eBischof\u201c. Im Fr\u00fchling 2019 begann G\u00fcnther Bischof, welcher vor Ort von Bruno Bischof und Gustav T\u00fcrtscher unterst\u00fctzt wurde, mit der Erstellung eines H\u00e4userbuches. Nach f\u00fcnf Jahren beziehungsweise nach 4.800 Arbeitsstunden pr\u00e4sentierte G\u00fcnther Bischof ein Werk von 737 Seiten mit dem Titel \u201eDam\u00fcls, eine Walsergemeinde erz\u00e4hlt seine Geschichte\u201c am 20. September im Gemeindesaal. Die Gemeinde Dam\u00fcls spricht im Namen der gesamten Bev\u00f6lkerung einen gro\u00dfen Dank an G\u00fcnther Bischof aus, der damit ein bedeutendes Werk f\u00fcr das Walserdorf Dam\u00fcls und seine Nachfahren geschaffen hat. Foto: Bernd Madlener<\/figcaption><\/figure>\n\n\n\n<p>Die Dam\u00fclser Bev\u00f6lkerung feierte am 16. Mai mit der Ortsfeuerwehr Dam\u00fcls die Einweihung des neuen Feuerwehrfahrzeuges durch Pfarrer Georg Willam. Im Anschluss sorgten die Feuerwehrm\u00e4nner f\u00fcr eine geb\u00fchrende Festveranstaltung im Gemeindesaal.<\/p>\n\n\n<div class=\"wp-block-image\">\n<figure class=\"aligncenter size-full\"><img loading=\"lazy\" decoding=\"async\" width=\"632\" height=\"462\" src=\"https:\/\/www.vorarlberger-walservereinigung.at\/vwvwp\/wp-content\/uploads\/2025\/02\/damuels_2024-2.jpg\" alt=\"Einweihung des neuen Feuerwehrfahrzeuges der Gemeinde Dam\u00fcls vor der Pfarrkirche\" class=\"wp-image-19426\" srcset=\"https:\/\/www.vorarlberger-walservereinigung.at\/vwvwp\/wp-content\/uploads\/2025\/02\/damuels_2024-2.jpg 632w, https:\/\/www.vorarlberger-walservereinigung.at\/vwvwp\/wp-content\/uploads\/2025\/02\/damuels_2024-2-300x219.jpg 300w\" sizes=\"auto, (max-width: 632px) 100vw, 632px\" \/><figcaption class=\"wp-element-caption\">Einweihung des neuen Feuerwehrfahrzeuges in der Dam\u00fclser Pfarrkirche Foto: Max Langel<\/figcaption><\/figure>\n<\/div>\n\n\n<p>S\u00e4mtliche Vereine waren im Jahr 2024 sehr aktiv. Herausheben m\u00f6chte ich in diesem Bericht die aufwendige Jugendarbeit. Die Bergrettung Dam\u00fcls hat ein monatliches Programm f\u00fcr die acht Mitglieder der Jugendbergrettung organisiert. Die Ortsfeuerwehr Dam\u00fcls unterh\u00e4lt eine aktive Jugendfeuerwehr, welche neben vielen Terminen im Dezember schon das zweite Mal das Friedenslicht f\u00fcr Dam\u00fclser Haushalte zu Weihnachten bereitstellte. Wertvoll f\u00fcr Dam\u00fcls ist auch die Trainingsarbeit des Skiclub Dam\u00fcls. Bei \u00fcber 60 Trainingseinheiten in der Wintersaison 2024 wurde mit den Kindern ihr  Skifahrk\u00f6nnen zwischen den Stangen und auch im Gel\u00e4nde verbessert. Die Bewegung an sich und die Bedeutung des Miteinanders in Zeiten von Handy und sozialen Medien ist f\u00fcr unsere Kinder wichtiger denn je. Deshalb vielen Dank allen Vereinsmitgliedern f\u00fcr ihr diesbez\u00fcgliches Bem\u00fchen.<\/p>\n\n\n<div class=\"wp-block-image\">\n<figure class=\"aligncenter size-full\"><img loading=\"lazy\" decoding=\"async\" width=\"632\" height=\"441\" src=\"https:\/\/www.vorarlberger-walservereinigung.at\/vwvwp\/wp-content\/uploads\/2025\/02\/damuels_2024-3.jpg\" alt=\"Mitglieder der Jugendbergrettung Dam\u00fcls auf der Mittagsspitze\" class=\"wp-image-19427\" srcset=\"https:\/\/www.vorarlberger-walservereinigung.at\/vwvwp\/wp-content\/uploads\/2025\/02\/damuels_2024-3.jpg 632w, https:\/\/www.vorarlberger-walservereinigung.at\/vwvwp\/wp-content\/uploads\/2025\/02\/damuels_2024-3-300x209.jpg 300w\" sizes=\"auto, (max-width: 632px) 100vw, 632px\" \/><figcaption class=\"wp-element-caption\">Jugendbergrettung Dam\u00fcls beim H\u00f6henfeuer auf der Mittagspitze. Foto: Bernd Madlener<\/figcaption><\/figure>\n<\/div>\n\n\n<p>Das zweite Bewegungsfest am 29. Juni f\u00fcr die Bev\u00f6lkerung beim Spiel- und Sportplatz war wieder ein Fest f\u00fcr Jung und Alt. Es war gleichzeitig der Auftakt zum \u201eGemeinde B\u00e4ttl 2024\u201c, einem Wettstreit aller 96 Vorarlberger Gemeinden mit dem Ziel, die meisten Bewegungsminuten zu sammeln. Auch im Jahr 2024 konnten die Dam\u00fclser die Bewegungs-Initiative der Vorarlberger Landesregierung in der Kategorie unter 1.000 Einwohnern gewinnen.<\/p>\n\n\n\n<p>Die Gemeinde Dam\u00fcls hat zur Sicherung von Baugrund das Haus Portla, Dam\u00fcls 142, samt Grundst\u00fccken unmittelbar im Ortszentrum erworben. Mittelfristig k\u00f6nnen die elf Wohneinheiten des Objektes von Dam\u00fclser Betrieben zur Unterbringung von Mitarbeitern gemietet werden. Die Gemeinde bedankt sich auf diesem Wege bei Edeltraud Gridling, dass die Gemeinde bei ihrem Grundverkauf der erste und einzige Ansprechpartner war.<\/p>\n\n\n\n<p>Die Baut\u00e4tigkeit 2024 im Berichtszeitraum kann im Vergleich zu den vergangenen Jahren als gering bezeichnet werden. Die Dam\u00fclser Seilbahnen haben die Krumbachstra\u00dfe zwischen den Parkpl\u00e4tzen Uga und Sunnegg generalsaniert und Leitungen f\u00fcr die Beschneiungsanlage verlegt. Bei der Verlegung der Leitungen im Bereich M\u00fchlewald hat die Gemeinde in diesem Zuge auch die \u00fcber 30 Jahre alte Druckleitung der Trinkwasserversorgung erneuert.<\/p>\n\n\n\n<p>Die Gemeinde hat die Stra\u00dfenbeleuchtung Uga auf zeitgem\u00e4\u00dfe LEDLampen umger\u00fcstet und zus\u00e4tzlich den Bereich Riedboden mit Solarbeleuchtung erweitert. Folglich ist nun der G\u00fcterweg beziehungsweise der Winterwanderweg Uga durchgehend beleuchtet.<\/p>\n\n\n\n<p>Heike Stra\u00dfhofer hat beim Hotel Walisgaden ihre bekannte Schirmbar komplett erneuert. Claudia Madlener hat bei ihrem Hotel L\u00e4ndle einen nordseitigen Zubau vorgenommen.<\/p>\n\n\n\n<h3 class=\"wp-block-heading\">Jubilare<\/h3>\n\n\n\n<p>Josef Abel, 95 Jahre<br>Karolina Abel, 95 Jahre<br>Erika Bischof, 85 Jahre<br>Alfons Bischof, 80 Jahre<br>Irene T\u00fcrtscher, 80 Jahre<br>Maria Drexel, 80 Jahre<\/p>\n\n\n\n<h3 class=\"wp-block-heading\">Sterbef\u00e4lle<\/h3>\n\n\n\n<p>Gottfried T\u00fcrtscher, 89 Jahre<br>Helene Stark, 89 Jahre<br>Katharina T\u00fcrtscher, 80 Jahre<br>Karolina Abel, 95 Jahre<\/p>\n\n\n\n<hr class=\"wp-block-separator has-alpha-channel-opacity\"\/>\n\n\n\n<p>Bernd Madlener<\/p>\n","protected":false},"excerpt":{"rendered":"<p>Das Jahr 2024 in der Gemeinde Dam\u00fcls (mehr\u00a0&hellip;)<\/p>\n","protected":false},"author":1,"featured_media":0,"comment_status":"closed","ping_status":"closed","sticky":false,"template":"","format":"image","meta":{"ngg_post_thumbnail":0,"footnotes":""},"categories":[72],"tags":[],"taetigkeiten":[],"chronik-jahre":[789],"chronik-gemeinden":[386],"walserheimat":[790],"gebiete":[],"superkategorien":[],"class_list":["post-19423","post","type-post","status-publish","format-image","hentry","category-chroniken","post_format-post-format-image","chronik-jahre-789","chronik-gemeinden-damuels","walserheimat-wh116"],"_links":{"self":[{"href":"https:\/\/www.vorarlberger-walservereinigung.at\/vwvwp\/wp-json\/wp\/v2\/posts\/19423","targetHints":{"allow":["GET"]}}],"collection":[{"href":"https:\/\/www.vorarlberger-walservereinigung.at\/vwvwp\/wp-json\/wp\/v2\/posts"}],"about":[{"href":"https:\/\/www.vorarlberger-walservereinigung.at\/vwvwp\/wp-json\/wp\/v2\/types\/post"}],"author":[{"embeddable":true,"href":"https:\/\/www.vorarlberger-walservereinigung.at\/vwvwp\/wp-json\/wp\/v2\/users\/1"}],"replies":[{"embeddable":true,"href":"https:\/\/www.vorarlberger-walservereinigung.at\/vwvwp\/wp-json\/wp\/v2\/comments?post=19423"}],"version-history":[{"count":3,"href":"https:\/\/www.vorarlberger-walservereinigung.at\/vwvwp\/wp-json\/wp\/v2\/posts\/19423\/revisions"}],"predecessor-version":[{"id":19433,"href":"https:\/\/www.vorarlberger-walservereinigung.at\/vwvwp\/wp-json\/wp\/v2\/posts\/19423\/revisions\/19433"}],"wp:attachment":[{"href":"https:\/\/www.vorarlberger-walservereinigung.at\/vwvwp\/wp-json\/wp\/v2\/media?parent=19423"}],"wp:term":[{"taxonomy":"category","embeddable":true,"href":"https:\/\/www.vorarlberger-walservereinigung.at\/vwvwp\/wp-json\/wp\/v2\/categories?post=19423"},{"taxonomy":"post_tag","embeddable":true,"href":"https:\/\/www.vorarlberger-walservereinigung.at\/vwvwp\/wp-json\/wp\/v2\/tags?post=19423"},{"taxonomy":"taetigkeiten","embeddable":true,"href":"https:\/\/www.vorarlberger-walservereinigung.at\/vwvwp\/wp-json\/wp\/v2\/taetigkeiten?post=19423"},{"taxonomy":"chronik-jahre","embeddable":true,"href":"https:\/\/www.vorarlberger-walservereinigung.at\/vwvwp\/wp-json\/wp\/v2\/chronik-jahre?post=19423"},{"taxonomy":"chronik-gemeinden","embeddable":true,"href":"https:\/\/www.vorarlberger-walservereinigung.at\/vwvwp\/wp-json\/wp\/v2\/chronik-gemeinden?post=19423"},{"taxonomy":"walserheimat","embeddable":true,"href":"https:\/\/www.vorarlberger-walservereinigung.at\/vwvwp\/wp-json\/wp\/v2\/walserheimat?post=19423"},{"taxonomy":"gebiete","embeddable":true,"href":"https:\/\/www.vorarlberger-walservereinigung.at\/vwvwp\/wp-json\/wp\/v2\/gebiete?post=19423"},{"taxonomy":"superkategorien","embeddable":true,"href":"https:\/\/www.vorarlberger-walservereinigung.at\/vwvwp\/wp-json\/wp\/v2\/superkategorien?post=19423"}],"curies":[{"name":"wp","href":"https:\/\/api.w.org\/{rel}","templated":true}]}}