{"id":19416,"date":"2025-02-20T17:15:32","date_gmt":"2025-02-20T16:15:32","guid":{"rendered":"https:\/\/www.vorarlberger-walservereinigung.at\/vwvwp\/?p=19416"},"modified":"2025-02-20T17:15:32","modified_gmt":"2025-02-20T16:15:32","slug":"chronik-2023-buerserberg-2","status":"publish","type":"post","link":"https:\/\/www.vorarlberger-walservereinigung.at\/vwvwp\/chronik-2023-buerserberg-2\/","title":{"rendered":"Chronik 2024 B\u00fcrserberg"},"content":{"rendered":"\n<h2 class=\"wp-block-heading\"><figure><img loading=\"lazy\" decoding=\"async\" width=\"150\" height=\"171\" class=\"alignleft wp-image-1081\" src=\"https:\/\/www.vorarlberger-walservereinigung.at\/vwvwp\/wp-content\/uploads\/2015\/06\/buerserberg.gif\" alt=\"\"><\/figure>Das Jahr 2024 in der Gemeinde <a href=\"https:\/\/www.vorarlberger-walservereinigung.at\/vwvwp\/?p=694\">B\u00fcrserberg<\/a><\/h2>\n\n\n\n<!--more-->\n\n\n\n<p>Wir leben zwar in einer schrecklichen Zeit, aber am sch\u00f6nsten, besten und friedlichsten Ort der Welt. Diesen Gedanken m\u00f6chte ich einbringen, wenn es darum geht, f\u00fcr das Jahr 2024 einen R\u00fcckblick zu schreiben. All die Katastrophen und Gewaltereignisse dieses Jahres haben einen gro\u00dfen Bogen um unser Dorf und unser Land Vorarlberg gemacht.<\/p>\n\n\n\n<p>Wenn auch das Wetter nicht immer unseren W\u00fcnschen entsprach, so war es doch ein gutes Jahr, das uns Erfolge und Fortschritt brachte. Die Wintersaison konnte optimal starten und herrliches Wetter \u00fcber die Feiertage sorgte f\u00fcr Aufbruchstimmung im Wintertourismus.<\/p>\n\n\n\n<p>Endlich ist es der Gemeinde gelungen, alle Bewilligungen f\u00fcr den Neubau der Loischbahn mit einem Budget von 28 Mio. Euro zu erhalten, damit im Fr\u00fchjahr 2025 der Bau starten kann. Die Gemeinden Brand und B\u00fcrserberg m\u00fcssen dazu allerdings einen Finanzierungsbeitrag von elf Mio. Euro leisten.<\/p>\n\n\n\n<p>Der Bikepark Brandnertal feierte Mitte August mit mehreren Events sein zehnj\u00e4hriges Bestehen. Auch f\u00fcr diese Sportart wird die neue Bahn mehr vielversprechende M\u00f6glichkeiten bieten.<\/p>\n\n\n\n<p>Die Verlegung von Glasfaserverrohrungen f\u00fcr den Breitbandausbau und die Sanierung von wichtigen Stra\u00dfenteilen auf der Tschengla konnte ebenfalls abgeschlossen werden. Das seit Jahren anh\u00e4ngige \u201eR\u00e4umliche Entwicklungsprojekt\u201c steht immer noch in der Warteschleife der Beh\u00f6rden.<\/p>\n\n\n\n<p>Ein Gro\u00dfprojekt der Vorarlberger Illwerke wirft Licht und Schatten voraus: Ausgehend vom L\u00fcnersee ist ein Druckstollen unter dem gesamten Zimbastock bis zum Falkastiel geplant. Von einem Ausgleichbecken soll dann eine Fallleitung nach B\u00fcrs f\u00fchren. Dort wird in einer Kaverne das gr\u00f6\u00dfte Pumpspeicherkraftwerk \u00d6sterreichs mit einer Leistung von 1.000 Megawatt (MW) errichtet. Die Kosten liegen bei rund zwei Milliarden Euro. B\u00fcrserberg ist zwar nicht im direkten Baustellenbereich, aber ein gro\u00dfer Teil des Lastverkehrs wird sich durch unseren Ort bewegen.<\/p>\n\n\n<div class=\"wp-block-image\">\n<figure class=\"aligncenter size-full\"><img loading=\"lazy\" decoding=\"async\" width=\"632\" height=\"354\" src=\"https:\/\/www.vorarlberger-walservereinigung.at\/vwvwp\/wp-content\/uploads\/2025\/02\/Buerserberg_2024-1.jpg\" alt=\"Aushubdeponie in B\u00fcrserberg\" class=\"wp-image-19420\" srcset=\"https:\/\/www.vorarlberger-walservereinigung.at\/vwvwp\/wp-content\/uploads\/2025\/02\/Buerserberg_2024-1.jpg 632w, https:\/\/www.vorarlberger-walservereinigung.at\/vwvwp\/wp-content\/uploads\/2025\/02\/Buerserberg_2024-1-300x168.jpg 300w\" sizes=\"auto, (max-width: 632px) 100vw, 632px\" \/><figcaption class=\"wp-element-caption\">Am Ortseingang wurde ein auf f\u00fcnf Jahre angelegtes Projekt zur Kiesentnahme und Wiederauff\u00fcllung mit Aushubmaterial durch die Firma Zech begonnen. Dieser Abbau soll die Kiesversorgung in den Wintermonaten sichern. Auch im Schesatobel wurden alle Genehmigungen erteilt, dieser Kiesabbau soll den Sommer abdecken. Foto: Karl Fritsche<\/figcaption><\/figure>\n<\/div>\n\n\n<p>In der Kinderbetreuung sind derzeit zw\u00f6lf Kinder und im Kindergarten werden acht Kinder auf die Schule vorbereitet. Die Volksschule besuchen im laufenden Schuljahr 38 Kinder in zwei Klassen. Insgesamt sind in der Kinderbetreuung und der Schule zehn Personen t\u00e4tig.<\/p>\n\n\n\n<p>Die Bev\u00f6lkerung von B\u00fcrserberg ist auf 614 Personen angewachsen.<\/p>\n\n\n<div class=\"wp-block-image\">\n<figure class=\"aligncenter size-full\"><img loading=\"lazy\" decoding=\"async\" width=\"632\" height=\"438\" src=\"https:\/\/www.vorarlberger-walservereinigung.at\/vwvwp\/wp-content\/uploads\/2025\/02\/Brand_2024-2.jpg\" alt=\"Alpkapelle Rona - Buerserberg\" class=\"wp-image-19419\" srcset=\"https:\/\/www.vorarlberger-walservereinigung.at\/vwvwp\/wp-content\/uploads\/2025\/02\/Brand_2024-2.jpg 632w, https:\/\/www.vorarlberger-walservereinigung.at\/vwvwp\/wp-content\/uploads\/2025\/02\/Brand_2024-2-300x208.jpg 300w\" sizes=\"auto, (max-width: 632px) 100vw, 632px\" \/><figcaption class=\"wp-element-caption\">Die Einweihung der Alpkapelle Rona beim traditionellen Alpfest am 15. August beeindruckte viele\r\nBesucher aus nah und fern. Durch gro\u00dfz\u00fcgige Spenden und freiwillige Helfer entstand ein der Landschaft entsprechendes Kleinod, das uneingeschr\u00e4nkte Bewunderung genie\u00dft. Jeder Besucher verl\u00e4sst diese St\u00e4tte tief beeindruckt. Foto: Karl Fritsche<\/figcaption><\/figure>\n<\/div>\n\n\n<h3 class=\"wp-block-heading\">Geburten<\/h3>\n\n\n\n<p>Marlon Helmut, Eltern Dominique und Joachim Meyer<br>Marie, Eltern Sarah und Alexander Wehinger<br>Mia Sophie, Eltern Christina Biering und Philipp Dreier<br>Patrik, Eltern Daniela und Daniel Furmek<br>Johanna, Eltern Nina und Christoph Gassner<\/p>\n\n\n\n<h3 class=\"wp-block-heading\">Jubil\u00e4um<\/h3>\n\n\n\n<p>100 Jahre wurde Bergb\u00e4uerin Maria Fritsche.<\/p>\n\n\n\n<h3 class=\"wp-block-heading\">Sterbef\u00e4lle<\/h3>\n\n\n\n<p>Olga Gassner, Jg. 1928; Erna Haselwanter, Jg. 1931<br>Ernst Burtscher, Jg. 1954<br>Herbert Schallert, Jg. 1931<br>Pujiasih Neier, Jg. 1978<\/p>\n\n\n\n<hr class=\"wp-block-separator has-alpha-channel-opacity\"\/>\n\n\n\n<p>Karl Fritsche<\/p>\n","protected":false},"excerpt":{"rendered":"<p>Das Jahr 2024 in der Gemeinde B\u00fcrserberg (mehr\u00a0&hellip;)<\/p>\n","protected":false},"author":1,"featured_media":0,"comment_status":"closed","ping_status":"closed","sticky":false,"template":"","format":"image","meta":{"ngg_post_thumbnail":0,"footnotes":""},"categories":[72],"tags":[],"taetigkeiten":[],"chronik-jahre":[789],"chronik-gemeinden":[385],"walserheimat":[790],"gebiete":[],"superkategorien":[],"class_list":["post-19416","post","type-post","status-publish","format-image","hentry","category-chroniken","post_format-post-format-image","chronik-jahre-789","chronik-gemeinden-buerserberg","walserheimat-wh116"],"_links":{"self":[{"href":"https:\/\/www.vorarlberger-walservereinigung.at\/vwvwp\/wp-json\/wp\/v2\/posts\/19416","targetHints":{"allow":["GET"]}}],"collection":[{"href":"https:\/\/www.vorarlberger-walservereinigung.at\/vwvwp\/wp-json\/wp\/v2\/posts"}],"about":[{"href":"https:\/\/www.vorarlberger-walservereinigung.at\/vwvwp\/wp-json\/wp\/v2\/types\/post"}],"author":[{"embeddable":true,"href":"https:\/\/www.vorarlberger-walservereinigung.at\/vwvwp\/wp-json\/wp\/v2\/users\/1"}],"replies":[{"embeddable":true,"href":"https:\/\/www.vorarlberger-walservereinigung.at\/vwvwp\/wp-json\/wp\/v2\/comments?post=19416"}],"version-history":[{"count":3,"href":"https:\/\/www.vorarlberger-walservereinigung.at\/vwvwp\/wp-json\/wp\/v2\/posts\/19416\/revisions"}],"predecessor-version":[{"id":19422,"href":"https:\/\/www.vorarlberger-walservereinigung.at\/vwvwp\/wp-json\/wp\/v2\/posts\/19416\/revisions\/19422"}],"wp:attachment":[{"href":"https:\/\/www.vorarlberger-walservereinigung.at\/vwvwp\/wp-json\/wp\/v2\/media?parent=19416"}],"wp:term":[{"taxonomy":"category","embeddable":true,"href":"https:\/\/www.vorarlberger-walservereinigung.at\/vwvwp\/wp-json\/wp\/v2\/categories?post=19416"},{"taxonomy":"post_tag","embeddable":true,"href":"https:\/\/www.vorarlberger-walservereinigung.at\/vwvwp\/wp-json\/wp\/v2\/tags?post=19416"},{"taxonomy":"taetigkeiten","embeddable":true,"href":"https:\/\/www.vorarlberger-walservereinigung.at\/vwvwp\/wp-json\/wp\/v2\/taetigkeiten?post=19416"},{"taxonomy":"chronik-jahre","embeddable":true,"href":"https:\/\/www.vorarlberger-walservereinigung.at\/vwvwp\/wp-json\/wp\/v2\/chronik-jahre?post=19416"},{"taxonomy":"chronik-gemeinden","embeddable":true,"href":"https:\/\/www.vorarlberger-walservereinigung.at\/vwvwp\/wp-json\/wp\/v2\/chronik-gemeinden?post=19416"},{"taxonomy":"walserheimat","embeddable":true,"href":"https:\/\/www.vorarlberger-walservereinigung.at\/vwvwp\/wp-json\/wp\/v2\/walserheimat?post=19416"},{"taxonomy":"gebiete","embeddable":true,"href":"https:\/\/www.vorarlberger-walservereinigung.at\/vwvwp\/wp-json\/wp\/v2\/gebiete?post=19416"},{"taxonomy":"superkategorien","embeddable":true,"href":"https:\/\/www.vorarlberger-walservereinigung.at\/vwvwp\/wp-json\/wp\/v2\/superkategorien?post=19416"}],"curies":[{"name":"wp","href":"https:\/\/api.w.org\/{rel}","templated":true}]}}