{"id":19413,"date":"2025-02-20T17:15:46","date_gmt":"2025-02-20T16:15:46","guid":{"rendered":"https:\/\/www.vorarlberger-walservereinigung.at\/vwvwp\/?p=19413"},"modified":"2025-02-20T17:15:47","modified_gmt":"2025-02-20T16:15:47","slug":"chronik-2024-brand","status":"publish","type":"post","link":"https:\/\/www.vorarlberger-walservereinigung.at\/vwvwp\/chronik-2024-brand\/","title":{"rendered":"Chronik 2024 Brand"},"content":{"rendered":"\n<h2 class=\"wp-block-heading\"><figure><img loading=\"lazy\" decoding=\"async\" class=\"alignleft wp-image-1080\" src=\"https:\/\/www.vorarlberger-walservereinigung.at\/vwvwp\/wp-content\/uploads\/2015\/06\/brand.gif\" alt=\"\" width=\"150\" height=\"211\"><\/figure>Das Jahr 2024 in der Gemeinde <a href=\"https:\/\/www.vorarlberger-walservereinigung.at\/vwvwp\/?p=692\">Brand<\/a><\/h2>\n\n\n\n<h2 class=\"wp-block-heading\">&nbsp;<\/h2>\n\n\n\n<!--more-->\n\n\n\n<p>\u201eMiar w\u00fcschan eu a guats Neuj\u00f4hr und a gl\u00fcckselige Sterbstund\u201c. So betrat ich vor \u00fcber 70 Jahren am Silvestertag jedes Haus im Dorf und trug das Neujahrsgedicht vor. Auch heute noch ziehen Kinder mit Neujahrsgedichten von Haus zu Haus, um Gl\u00fcck und Segen zu bringen. Das Wetter jedoch reagierte im vergangenen Jahr nur wenig auf die W\u00fcnsche der \u201eNeujahrskinder\u201c, es spielte eher verr\u00fcckt. Das Jahr 2024 begann n\u00e4mlich so, wie das alte zu Ende ging: viel zu warm, wenig Schnee, eher ein Vorgeschmack auf den Fr\u00fchling. Am 6. J\u00e4nner kam eine Kehrtwende. Es flockte vom Himmel und wurde winterlich kalt. Doch auf die gro\u00dfen Schneemengen wartete man den ganzen Winter vergeblich.<\/p>\n\n\n\n<p>Um die G\u00e4ste bei Humor zu halten, hatten die Bergbahnen eine besondere Idee. Sie machten die Talstation der nostalgischen Zweier-Sesselbahn Niggenkopf jeden Freitag zwischen 12 und 15 Uhr zu einem Treffpunkt f\u00fcr Singles. Dort konnte man ganz unkompliziert eine passende Begleitung kennenlernen. Die erste Fahrt mit dem Lift bot in luftiger H\u00f6he ausreichend Zeit f\u00fcr das Kn\u00fcpfen netter Bekanntschaften und interessanter Gespr\u00e4che. Nach der einen oder anderen Skiabfahrt kehrte man gem\u00fctlich auf der \u201eSoundterrasse Niggenkopf\u201c ein. Dort w\u00e4rmte man sich bei einem hei\u00dfen Getr\u00e4nk auf und lie\u00df den Tag in geselliger Runde ausklingen. Ende M\u00e4rz war es mit dem Singletreff vorbei. Ein F\u00f6hnsturm legte alle Bahnen lahm und die Skisaison war fr\u00fcher als vorgesehen beendet.<\/p>\n\n\n\n<p>Die Windanf\u00e4lligkeit im Brandnertal brachte den Bergbahnen eine weitere Neuigkeit. In Vorarlberg gibt es noch keine gro\u00dfe Windkraft-Anlage. Das soll sich \u00e4ndern, denn eine Studie des Landes hat ergeben, dass das Windpotential im Brandnertal gro\u00df ist. Folglich wurden auf dem Dach der Bergstation der Gulmabahn Messungen durchgef\u00fchrt. Wir Brandner wissen dies auch ohne Studie l\u00e4ngst, denn nicht umsonst hei\u00dft es: \u201eDr Pf\u00f6h ischt dr \u00e4ltescht Branner\u201c.<\/p>\n\n\n\n<p>Der Sommer bescherte uns witterungsm\u00e4\u00dfig einen Mix aus starken Regentagen, Trockenheit und Hitze. Heftige Gewitter wie in anderen Regionen verschonten uns aber. Am 14. September kam ein pl\u00f6tzlicher K\u00e4lteeinbruch und es schneite in gro\u00dfen Mengen bis auf 1.200 Meter herab. Spontan pr\u00e4parierten die Bergbahnen einen Rodelhang bei der Bergstation der Pal\u00fcdbahn. Viele Familien nahmen das nicht allt\u00e4gliche Angebot begeistert an und es herrschte reger Rodelbetrieb. Eine verr\u00fcckte Welt!<\/p>\n\n\n\n<p>Auch in der Gemeinde tat sich einiges. Die Gemeindepolitik besch\u00e4ftigte sich schon l\u00e4nger mit der Sicherung der Nahversorgung. Nun ist das Problem gel\u00f6st, es wird ein Dorfladen gebaut. Dabei soll das operative Gesch\u00e4ft in eine eigene Gesellschaft mit beschr\u00e4nkter Haftung (GmbH) als hundertprozentige Tochter der Gemeinde ausgelagert werden. Ende September wurde mit den Bauarbeiten begonnen, die Er\u00f6ffnung ist f\u00fcr Juni 2025 geplant.<\/p>\n\n\n\n<p>Was w\u00e4re, wenn einmal kein Trinkwasser flie\u00dft? Um diesem Szenario entgegenzuwirken, investiert die Gemeinde laufend in die Sicherung der Trinkwasserversorgung und stellte die 2023 im M\u00fchled\u00e4rfle begonnene Erweiterung des Leitungsnetzes mit einem zus\u00e4tzlichen Ringschluss fertig. Weiters wurde die Wiesle-Br\u00fccke saniert und auf Teilbereichen von Gemeindestra\u00dfen der Belag erneuert. Die 1880 errichtete Gemeindes\u00e4ge erhielt eine neue Dacheindeckung mit Holzschindeln. Ein bedeutendes Projekt ist der Bau der neuen Loischkopfbahn, welche die Attraktivit\u00e4t des Brandnertaler Skigebietes nachhaltig aufwerten wird.<\/p>\n\n\n\n<p>Da es im Brandnertal derzeit zu viele touristische Gremien gibt, welche dieselben Interessen verfolgen, beriet die Gemeindevertretung dar\u00fcber, ob es nicht sinnvoll w\u00e4re, eine \u201eBrandnertal Tourismus GmbH\u201c zu gr\u00fcnden. Dieser GmbH sollen die Gemeinden Brand, B\u00fcrserberg und B\u00fcrs sowie die Bergbahnen Brandnertal angeh\u00f6ren. Die neue, tal\u00fcbergreifende Struktur im Tourismus soll helfen, effizienter und zukunftsorientierter zu agieren und die Zusammenarbeit \u00fcber die Gemeindegrenzen hinweg zu st\u00e4rken.<\/p>\n\n\n\n<p>Hotellerie und Gastronomie sind mit dem abgelaufenen Jahr durchaus zufrieden. Rund 310.000 \u00dcbernachtungen wurden gez\u00e4hlt. Der Gro\u00dfteil davon waren G\u00e4ste aus Deutschland, gefolgt von Schweizern und Niederl\u00e4ndern. Die Bergbahnen Brandnertal erzielten ebenfalls ein passables Betriebsergebnis. Gegen\u00fcber dem Vorjahr gab es eine Umsatzsteigerung, wobei der Sommerbetrieb besonders erfreulich war.<\/p>\n\n\n\n<p>Das Romantikhus im Dorfzentrum, ein Haus mit einer bewegten Geschichte, betreibt wieder eine Familie Beck, wie zu Anfangszeiten vor \u00fcber 140 Jahren. Christian Beck hat das Haus mit Restaurant und Appartements Anfang des Jahres erworben. Die Familie ist in Brand keine Unbekannte. Sie bewirtschaftet seit Jahren die Totalph\u00fctte oberhalb des L\u00fcnersees und f\u00fchrte bis zum Kauf des Romantikhus auch die Pal\u00fcdh\u00fctte. Das Restaurant soll als Jahresbetrieb gef\u00fchrt werden.<\/p>\n\n\n\n<p>Die Gr\u00fcndung der Vorarlberger Illwerke hatte gro\u00dfen Einfluss auf die Gemeinden und Menschen. Im Rahmen des Jubil\u00e4ums \u201e100 Jahre Energie aus Vorarlberg\u201c luden illwerke vkw am 20. August in den Gemeindesaal. Unter der Moderation von Markus Barnay erz\u00e4hlten die drei Brandner Zeitzeugen Maria M\u00fcller, Josef Bitschi und DI Manfred Beck vom Bau des L\u00fcnerseekraftwerkes in den 1950er Jahren und die vielen Geschichten dahinter. Dabei kam auch der Austausch mit den zahlreichen Zuh\u00f6rern nicht zu kurz. Im Anschluss informierte DI Stefan Wachter von den Vorarlberger Illwerken \u00fcber den aktuellen Projektstand des L\u00fcnerseewerkes II.<\/p>\n\n\n\n<p>Am 26. August wurden Bergrettung und Feuerwehr zu einem nicht allt\u00e4glichen Einsatz gerufen. Im Zalimtal st\u00fcrzte ein Flugzeug ab. Die Wrackteile waren auf einem Gebiet von rund 10 km\u00b2 verstreut. Eine gro\u00df angelegte Suchaktion nach der Fluggastzelle blieb zun\u00e4chst wegen dichtem Nebel ohne Erfolg. Erst am Tag danach konnte ein Helikopter bei besseren Wetterbedingungen aufsteigen. Der Sichtungsflug f\u00fchrte rasch zum Erfolg. Die Fluggastzelle wurde s\u00fcdwestlich des Mottakopfes in rund 1.500 Meter Seeh\u00f6he entdeckt. Der 59-j\u00e4hrige Pilot des aus Italien kommenden Kleinflugzeugs \u00fcberlebte das Ungl\u00fcck nicht. Was genau f\u00fcr den Absturz verantwortlich war, werden Experten ermitteln.<\/p>\n\n\n\n<p>Das bei G\u00e4sten sehr beliebte w\u00f6chentliche Platzkonzert der Trachtenkapelle fiel witterungsbedingt mehrmals aus. Erw\u00e4hnenswert ist, dass Alois Beck mit seinen 87 Jahren immer noch aktiv bei der Trachtenkapelle und den Alphornbl\u00e4sern mitwirkt. Anfang September verabschiedeten sich unsere Musikanten mit einem z\u00fcnftigen D\u00e4mmerschoppen von den treuen G\u00e4sten.<\/p>\n\n\n\n<p>Im Oktober fand das Festival der Kleinkunst mit Gauklern, Zauberern und Artisten statt. Treffpunkt war die Bergstation der Pal\u00fcdbahn. Klein und Gro\u00df wurden an verschiedenen Stationen entlang des Rundweges mit artistischen Tricks und Akrobatik zum Staunen gebracht. Auf der Terrasse des Bergrestaurants Goona beeindruckte ein Kasperltheater die kleinen G\u00e4ste. F\u00fcr eine stimmungsvolle musikalische Atmosph\u00e4re sorgten zudem ein irischer Akkordeonspieler sowie der Chor CANTEMUS aus B\u00fcrserberg mit Liedern aus dem L\u00e4ndle, aus \u00d6sterreich und der ganzen Welt.<\/p>\n\n\n\n<p>Im Oktober w\u00e4hlten die Vorarlbergerinnen und Vorarlberger einen neuen Landtag. Die konstituierende Sitzung am 6. November war f\u00fcr unser Dorf ein besonderer Tag, denn der Brandner Christof Bitschi wurde zum Statthalter, zum Stellvertreter des Landeshauptmannes, gew\u00e4hlt. Trotz seines jugendlichen Alters von  33 Jahren bringt er viel Erfahrung mit, denn er geh\u00f6rte bereits zehn Jahre als Abgeordneter dem Landtag an. Wir Brandner sind sehr stolz und w\u00fcnschen Christof in seiner neuen politischen T\u00e4tigkeit viel Freude, Schaffenskraft und Erfolg.<\/p>\n\n\n\n<p>Walter Huber, Hotelier vom Alpenhotel Zimba, drehte in den Jahren 1976 bis 1986 als damals junger Skilehrer einige Filme \u00fcber Brand. Nach \u00fcber 45 Jahren stellte er Ende November 2024 im Gemeindesaal in Brand einen Teil seiner damaligen Dreharbeiten der \u00d6ffentlichkeit vor. Es kamen die Filme \u201eSki Schnee Holiday\u201c, \u201eBrand im Sommer\u201c und \u201eDas Leben eines Bergbauern\u201c zur Vorf\u00fchrung. Die gro\u00dfen \u201eFilmstars\u201c waren fast ausschlie\u00dflich Einheimische. Ein voller Gemeindesaal staunte nicht wenig \u00fcber die Zeiten von anno dazumal.<\/p>\n\n\n\n<p>Brand ist ab der kommenden Wintersaison um eine Skischule reicher. Mit einem Team aus engagierten Skilehrern gr\u00fcndete Daniel Jenny als Skischulleiter die Skischule \u201eBrand Alpin\u201c.<\/p>\n\n\n\n<p>Ab dem 20. November schneite es ergiebig, die Bergbahnen konnten am 30. November mit einem Wochenendbetrieb in die Skisaison starten. Ab 13. Dezember liefen alle Bahnen t\u00e4glich. Vor Weihnachten schneite es nochmals so richtig. Dann folgte strahlender Sonnenschein und bei besten Schneebedingungen und zufriedenen G\u00e4sten klang das Jahr 2024 aus.<\/p>\n\n\n\n<h3 class=\"wp-block-heading\">Geburten<\/h3>\n\n\n\n<p>Drei Buben erblickten das Licht der Welt.<\/p>\n\n\n\n<h3 class=\"wp-block-heading\">Jubilare<\/h3>\n\n\n\n<p>90 Jahre: Eugenie Beck, Ernst Bitschi, Theresia Nesler<br>85 Jahre: Emil Bitschi, Kurt Geiger, Maximilian Girardi, Friedrich Haftel, Lorenz M\u00e4hr, Ulrike Mayr, Hilde Meyer, Raimund Meyer, Elvira Nesler, Elisabeth Schallert, Helga Wirth<br>80 Jahre: Ilse Beck, Elisabeth Burtscher, Annemarie Netzer, DI Eugen Schedler<\/p>\n\n\n\n<h3 class=\"wp-block-heading\">Sterbef\u00e4lle<\/h3>\n\n\n\n<p>Mag. Alexander Bitschi, 53 Jahre<br>Ilse Juliane Bitschi, 75 Jahre<br>Reinhard Ganahl, 94 Jahre<br>Theresia Huber, 96 Jahre<br>Wilhelm Nesler, 88 Jahre<br>Helga Wirth, 85 Jahre<\/p>\n\n\n\n<blockquote class=\"wp-block-quote is-layout-flow wp-block-quote-is-layout-flow\">\n<p>Ich sagte immer: \u201eWenn ich 85 Jahre werde, wird es Zeit, aufzuh\u00f6ren\u201c. So ist es auch! Mit diesem Beitrag sage ich allen treuen Leserinnen und Lesern der Walserheimat \u201epf\u00fcatne mitanand\u201c.<\/p>\n<\/blockquote>\n\n\n\n<hr class=\"wp-block-separator has-alpha-channel-opacity\"\/>\n\n\n\n<p>Manfred Beck<\/p>\n","protected":false},"excerpt":{"rendered":"<p>Das Jahr 2024 in der Gemeinde Brand &nbsp; (mehr\u00a0&hellip;)<\/p>\n","protected":false},"author":1,"featured_media":0,"comment_status":"closed","ping_status":"closed","sticky":false,"template":"","format":"image","meta":{"ngg_post_thumbnail":0,"footnotes":""},"categories":[72],"tags":[],"taetigkeiten":[],"chronik-jahre":[789],"chronik-gemeinden":[384],"walserheimat":[790],"gebiete":[],"superkategorien":[],"class_list":["post-19413","post","type-post","status-publish","format-image","hentry","category-chroniken","post_format-post-format-image","chronik-jahre-789","chronik-gemeinden-brand","walserheimat-wh116"],"_links":{"self":[{"href":"https:\/\/www.vorarlberger-walservereinigung.at\/vwvwp\/wp-json\/wp\/v2\/posts\/19413","targetHints":{"allow":["GET"]}}],"collection":[{"href":"https:\/\/www.vorarlberger-walservereinigung.at\/vwvwp\/wp-json\/wp\/v2\/posts"}],"about":[{"href":"https:\/\/www.vorarlberger-walservereinigung.at\/vwvwp\/wp-json\/wp\/v2\/types\/post"}],"author":[{"embeddable":true,"href":"https:\/\/www.vorarlberger-walservereinigung.at\/vwvwp\/wp-json\/wp\/v2\/users\/1"}],"replies":[{"embeddable":true,"href":"https:\/\/www.vorarlberger-walservereinigung.at\/vwvwp\/wp-json\/wp\/v2\/comments?post=19413"}],"version-history":[{"count":2,"href":"https:\/\/www.vorarlberger-walservereinigung.at\/vwvwp\/wp-json\/wp\/v2\/posts\/19413\/revisions"}],"predecessor-version":[{"id":19415,"href":"https:\/\/www.vorarlberger-walservereinigung.at\/vwvwp\/wp-json\/wp\/v2\/posts\/19413\/revisions\/19415"}],"wp:attachment":[{"href":"https:\/\/www.vorarlberger-walservereinigung.at\/vwvwp\/wp-json\/wp\/v2\/media?parent=19413"}],"wp:term":[{"taxonomy":"category","embeddable":true,"href":"https:\/\/www.vorarlberger-walservereinigung.at\/vwvwp\/wp-json\/wp\/v2\/categories?post=19413"},{"taxonomy":"post_tag","embeddable":true,"href":"https:\/\/www.vorarlberger-walservereinigung.at\/vwvwp\/wp-json\/wp\/v2\/tags?post=19413"},{"taxonomy":"taetigkeiten","embeddable":true,"href":"https:\/\/www.vorarlberger-walservereinigung.at\/vwvwp\/wp-json\/wp\/v2\/taetigkeiten?post=19413"},{"taxonomy":"chronik-jahre","embeddable":true,"href":"https:\/\/www.vorarlberger-walservereinigung.at\/vwvwp\/wp-json\/wp\/v2\/chronik-jahre?post=19413"},{"taxonomy":"chronik-gemeinden","embeddable":true,"href":"https:\/\/www.vorarlberger-walservereinigung.at\/vwvwp\/wp-json\/wp\/v2\/chronik-gemeinden?post=19413"},{"taxonomy":"walserheimat","embeddable":true,"href":"https:\/\/www.vorarlberger-walservereinigung.at\/vwvwp\/wp-json\/wp\/v2\/walserheimat?post=19413"},{"taxonomy":"gebiete","embeddable":true,"href":"https:\/\/www.vorarlberger-walservereinigung.at\/vwvwp\/wp-json\/wp\/v2\/gebiete?post=19413"},{"taxonomy":"superkategorien","embeddable":true,"href":"https:\/\/www.vorarlberger-walservereinigung.at\/vwvwp\/wp-json\/wp\/v2\/superkategorien?post=19413"}],"curies":[{"name":"wp","href":"https:\/\/api.w.org\/{rel}","templated":true}]}}