{"id":19408,"date":"2025-02-20T17:13:13","date_gmt":"2025-02-20T16:13:13","guid":{"rendered":"https:\/\/www.vorarlberger-walservereinigung.at\/vwvwp\/?p=19408"},"modified":"2025-02-20T17:13:14","modified_gmt":"2025-02-20T16:13:14","slug":"chronik-2024-grosses-walsertal","status":"publish","type":"post","link":"https:\/\/www.vorarlberger-walservereinigung.at\/vwvwp\/chronik-2024-grosses-walsertal\/","title":{"rendered":"Chronik 2024 Gro\u00dfes Walsertal"},"content":{"rendered":"\n<h2 class=\"wp-block-heading\"><figure><img loading=\"lazy\" decoding=\"async\" width=\"150\" height=\"212\" class=\"alignleft wp-image-5314\" src=\"https:\/\/www.vorarlberger-walservereinigung.at\/vwvwp\/wp-content\/uploads\/2016\/11\/gwtkombi1.gif\" alt=\"\"><\/figure>Das Jahr 2024 im Gro\u00dfen Walsertal<\/h2>\n\n\n\n<!--more-->\n\n\n\n<h2 class=\"wp-block-heading\">Biosph\u00e4renparkregion Gro\u00dfes Walsertal &#8211; miteinander Zukunft gestalten<\/h2>\n\n\n\n<h3 class=\"wp-block-heading\">Planung und Entwicklung<\/h3>\n\n\n\n<p>Das Projekt f\u00fcr die Entwicklung eines initialen Managementplans des Biosph\u00e4renparks Gro\u00dfes Walsertal, der in den kommenden zehn Jahren als ma\u00dfgebliches Instrument f\u00fcr Planung und Steuerung dienen wird, wurde gestartet.<\/p>\n\n\n\n<p>Mit der \u201eWerkstatt f\u00fcrs Tal\u201c vom 4. bis 6. Oktober schuf die Biosph\u00e4renpark Region Gro\u00dfes Walsertal ein Beteiligungsformat f\u00fcr die Bev\u00f6lkerung. Das Festival f\u00fcr die Zukunft bot Dialog und die M\u00f6glichkeit zum Tun gleicherma\u00dfen und soll alle zwei Jahre stattfinden.<\/p>\n\n\n\n<h2 class=\"wp-block-heading\">Natur- und Landschaftsschutz<\/h2>\n\n\n\n<p>Im Rahmen des regionalen Naturschutzplans wurden f\u00fcnf Veranstaltungen durchgef\u00fchrt.<\/p>\n\n\n\n<p>Es wurde eine Koordinationsgruppe f\u00fcr Besucherlenkung im Biosph\u00e4renparkgebiet mit breiter Beteiligung der regionalen Akteurinnen und Akteure eingerichtet.<\/p>\n\n\n\n<p>Unter Beteiligung von 21 Alpen im Biosph\u00e4renpark erfolgte der Projektstart des vom Biodiversit\u00e4tsfonds gef\u00f6rderten Projekts zur Lebensraumverbesserung und -vernetzung f\u00fcr das Birkhuhn (EU-weit gesch\u00fctzte Vogelart) auf Alpgebieten.<\/p>\n\n\n\n<p>Am 11. Oktober fand das Berglandwirtschaftsforum zu Alpwirtschaft im Klimawandel im biosph\u00e4renpark.haus statt.<\/p>\n\n\n\n<h3 class=\"wp-block-heading\">Regionalentwicklung<\/h3>\n\n\n\n<p>Mit der Intention, die Vernetzung in der Region aber auch zwischen den Biosph\u00e4renparks auszubauen, wurde ein Positionspapier f\u00fcr Partnerbetriebe in \u00f6sterreichischen Biosph\u00e4renparks vom Nationalkomitee beschlossen. Zuk\u00fcnftig wird es damit f\u00fcr Betriebe aller Branchen m\u00f6glich sein, Biosph\u00e4renpark Partnerbetrieb zu werden.<\/p>\n\n\n\n<p>Am 24. Mai wurde das Gro\u00dfe Walsertal mit dem European Energy Award in Gold durch das Bundesministerium f\u00fcr Klimaschutz ausgezeichnet.<\/p>\n\n\n\n<p>Es wurde die gemeinsame Koordinationsstelle f\u00fcr Kinderbildung und -betreuung f\u00fcr die Gemeinden im Gro\u00dfen Walsertal eingerichtet.<\/p>\n\n\n\n<h3 class=\"wp-block-heading\">Naturvermittlung und Bewusstseinsbildung<\/h3>\n\n\n\n<p>Im Zuge des Volksschulprogramms biosph\u00e4renparkschule wurden insgesamt 61 Exkursionen mit 185 Sch\u00fclerinnen und Sch\u00fclern durchgef\u00fchrt.<\/p>\n\n\n\n<p>Im Rahmen des bunten Abends zum Ende des Schuljahres konnte die Mittelschule Blons zur Biosph\u00e4renpark Mittelschule auszeichnet werden. In Kooperation zwischen Mittelschule und Biosph\u00e4renpark werden je Halbjahr Module zu einem Schwerpunktthema durchgef\u00fchrt. In den ersten Klassen befassten sich die Sch\u00fclerinnen und Sch\u00fcler mit Schutzgebietskategorien sowie der Geschichte der Region und erhielten im Rahmen der Skiwoche die M\u00f6glichkeit zum Lawinensicherheitstraining.<\/p>\n\n\n\n<p>Zudem konnte 2024 der Start der Biosph\u00e4renpark Kinderg\u00e4rten erfolgen. Das Jahresthema \u201eKleiner Daumen \u2013 gro\u00dfe Wirkung\u201c wird 2025 weitergef\u00fchrt.<\/p>\n\n\n\n<p>Im Rahmen des \u00fcberregionalen Projektes GE_NOW erfolgte die gemeinsame Umsetzung eines Klimamarkts in Ludesch. Dort pr\u00e4sentierten sich die Bergsteigerd\u00f6rfer St. Ant\u00f6nien (CH) und Gro\u00dfes Walsertal gemeinsam. Das Projekt zielt darauf ab, auf innovative, kreative und spielerische Weise ein Bewusstsein f\u00fcr klimarelevante Themen zu schaffen.<\/p>\n\n\n\n<figure class=\"wp-block-image size-full\"><img loading=\"lazy\" decoding=\"async\" width=\"633\" height=\"443\" src=\"https:\/\/www.vorarlberger-walservereinigung.at\/vwvwp\/wp-content\/uploads\/2025\/02\/grosses-walsertal_2024-1.jpg\" alt=\"Teilnehmer der B\u00fcrgerbeteiligung &quot;Werkstatt f\u00fcrs Tal&quot;\" class=\"wp-image-19447\" srcset=\"https:\/\/www.vorarlberger-walservereinigung.at\/vwvwp\/wp-content\/uploads\/2025\/02\/grosses-walsertal_2024-1.jpg 633w, https:\/\/www.vorarlberger-walservereinigung.at\/vwvwp\/wp-content\/uploads\/2025\/02\/grosses-walsertal_2024-1-300x210.jpg 300w\" sizes=\"auto, (max-width: 633px) 100vw, 633px\" \/><figcaption class=\"wp-element-caption\">B\u00fcrgerbeteiligung bei der \u201eWerkstatt f\u00fcrs Tal\u201c im Oktober 2024 Foto: B\u00fcro Magma<\/figcaption><\/figure>\n\n\n\n<p>Im Fr\u00fchjahr hatte auf Initiative der Klar! Region (Klimawandelanpassungsregion) Gro\u00dfes Walsertal die erste KlimaGuide Ausbildung f\u00fcr Vorarlberg stattgefunden. Am 22. Juni \u00fcberreichte der renommierte Meteorologe Marcus Wadsak die Urkunden an die 20 Teilnehmerinnen und Teilnehmer.<\/p>\n\n\n\n<h3 class=\"wp-block-heading\">Forschung<\/h3>\n\n\n\n<p>Es erfolgte die Teilnahme an Workshops im Rahmen des Projekts \u201eMultiBios\u201c, welches auf multiple klimawandelbedingte und wassergebundene Risikofaktoren wie Hochw\u00e4sser, Trockenheit, Lawinen und Muren fokussiert. Das Projekt wird von der CIPRA und der Universit\u00e4t f\u00fcr Bodenkultur geleitet.<\/p>\n\n\n\n<p>Das Forschungsprojekt \u201eAlpanach\u201c, das sich mit der Bewertung von Ver\u00e4nderungen auf Alpfl\u00e4chen befasst, wurde weitergef\u00fchrt.<\/p>\n\n\n\n<h3 class=\"wp-block-heading\">Kultur<\/h3>\n\n\n\n<p>Am 19. M\u00e4rz erhielt Dietmar Nigsch von Landeshauptmann Wallner das Ehrenzeichen des Landes f\u00fcr sein vielf\u00e4ltiges Wirken verliehen. Seit 2004 gestaltet das von Dietmar Nigsch gegr\u00fcndete Walserherbst Festival die Entwicklung des Biosph\u00e4renpark Gro\u00dfes Walsertal aktiv mit.<\/p>\n\n\n\n<figure class=\"wp-block-image size-full\"><img loading=\"lazy\" decoding=\"async\" width=\"632\" height=\"443\" src=\"https:\/\/www.vorarlberger-walservereinigung.at\/vwvwp\/wp-content\/uploads\/2025\/02\/grosses-walsertal_2024-2.jpg\" alt=\"Ernennung zur Biosph\u00e4renpark Mittelschule\" class=\"wp-image-19448\" srcset=\"https:\/\/www.vorarlberger-walservereinigung.at\/vwvwp\/wp-content\/uploads\/2025\/02\/grosses-walsertal_2024-2.jpg 632w, https:\/\/www.vorarlberger-walservereinigung.at\/vwvwp\/wp-content\/uploads\/2025\/02\/grosses-walsertal_2024-2-300x210.jpg 300w\" sizes=\"auto, (max-width: 632px) 100vw, 632px\" \/><figcaption class=\"wp-element-caption\">Ernennung zur Biosph\u00e4renpark Mittelschule mit Anna Weber, Biosph\u00e4renpark Managerin; LAbg. Andrea Schwarzmann, Obfrau der REGIO Biosph\u00e4renpark Gro\u00dfes Walsertal; Martin Natter, Direktor der Mittelschule Blons; Ing. Erich Kaufmann, B\u00fcrgermeister von Blons; Monika Bischof, Umweltbildungsprojekte Biosph\u00e4renpark Gro\u00dfes Walsertal (v. li.) Foto: Biosh\u00e4renpark Gro\u00dfes Walsertal<\/figcaption><\/figure>\n\n\n\n<p>Zum Erhalt der im Jahre 1789 erbauten holzgedeckten Lasanggabr\u00fccke am Marulbach wurde ein F\u00f6rderverein gegr\u00fcndet. Dank eines erfolgreichen Crowdfundings, gro\u00dfz\u00fcgiger Sponsoren- und F\u00f6rdergelder konnte die dringend notwendige Sanierung der Br\u00fcckenauflager durchgef\u00fchrt werden. (Bericht Seite 12)<\/p>\n\n\n\n<p>Am 29. September feierte der OGV St. Gerold (Obst- und Gartenkultur Vorarlberg) sein 90-j\u00e4hriges Bestehen.<\/p>\n\n\n\n<p>Der 2016 gegr\u00fcndete Trachtenverein Blons und St. Gerold konnte in diesem Jahr auch Th\u00fcringerberg in den Verein aufnehmen. Nunmehr bestehen in allen Gemeinden des Tales Trachtenvereine zum Erhalt der Walsertrachten, die zu Festtagen gerne getragen werden.<\/p>\n\n\n\n<p>Am 16. November luden die Musikvereine aus Th\u00fcringerberg, St. Gerold, Sonntag, Raggal und Fontanella zum Gemeinschaftskonzert in die Walserhalle nach Raggal. Er\u00f6ffnet wurde das Konzert durch die Jungmusikantinnen und -musikanten des Tales.<\/p>\n\n\n\n<p>Am 9. November feierte Gerold Burtscher sein 30-j\u00e4hriges B\u00fchnenjubil\u00e4um. Bereits in der 3. Klasse Volksschule begann er Gitarre zu spielen. Kurz darauf gr\u00fcndete er mit seinem Freund Frank Schneider das Duo \u201eBerger Buaba\u201c. Mit dem Mundartduo \u201eKanapee\u201c gewann er 2002 zusammen mit Joachim Frei den Publikumspreis beim ORF-Mundartwettbewerb.<\/p>\n\n\n\n<hr class=\"wp-block-separator has-alpha-channel-opacity\"\/>\n\n\n\n<p><em>Text: Monika Bischof<\/em><\/p>\n","protected":false},"excerpt":{"rendered":"<p>Das Jahr 2024 im Gro\u00dfen Walsertal (mehr\u00a0&hellip;)<\/p>\n","protected":false},"author":1,"featured_media":0,"comment_status":"closed","ping_status":"closed","sticky":false,"template":"","format":"image","meta":{"ngg_post_thumbnail":0,"footnotes":""},"categories":[72],"tags":[791,792],"taetigkeiten":[],"chronik-jahre":[789],"chronik-gemeinden":[521],"walserheimat":[790],"gebiete":[],"superkategorien":[],"class_list":["post-19408","post","type-post","status-publish","format-image","hentry","category-chroniken","tag-791","tag-wh-116","post_format-post-format-image","chronik-jahre-789","chronik-gemeinden-grosses-walsertal","walserheimat-wh116"],"_links":{"self":[{"href":"https:\/\/www.vorarlberger-walservereinigung.at\/vwvwp\/wp-json\/wp\/v2\/posts\/19408","targetHints":{"allow":["GET"]}}],"collection":[{"href":"https:\/\/www.vorarlberger-walservereinigung.at\/vwvwp\/wp-json\/wp\/v2\/posts"}],"about":[{"href":"https:\/\/www.vorarlberger-walservereinigung.at\/vwvwp\/wp-json\/wp\/v2\/types\/post"}],"author":[{"embeddable":true,"href":"https:\/\/www.vorarlberger-walservereinigung.at\/vwvwp\/wp-json\/wp\/v2\/users\/1"}],"replies":[{"embeddable":true,"href":"https:\/\/www.vorarlberger-walservereinigung.at\/vwvwp\/wp-json\/wp\/v2\/comments?post=19408"}],"version-history":[{"count":2,"href":"https:\/\/www.vorarlberger-walservereinigung.at\/vwvwp\/wp-json\/wp\/v2\/posts\/19408\/revisions"}],"predecessor-version":[{"id":19449,"href":"https:\/\/www.vorarlberger-walservereinigung.at\/vwvwp\/wp-json\/wp\/v2\/posts\/19408\/revisions\/19449"}],"wp:attachment":[{"href":"https:\/\/www.vorarlberger-walservereinigung.at\/vwvwp\/wp-json\/wp\/v2\/media?parent=19408"}],"wp:term":[{"taxonomy":"category","embeddable":true,"href":"https:\/\/www.vorarlberger-walservereinigung.at\/vwvwp\/wp-json\/wp\/v2\/categories?post=19408"},{"taxonomy":"post_tag","embeddable":true,"href":"https:\/\/www.vorarlberger-walservereinigung.at\/vwvwp\/wp-json\/wp\/v2\/tags?post=19408"},{"taxonomy":"taetigkeiten","embeddable":true,"href":"https:\/\/www.vorarlberger-walservereinigung.at\/vwvwp\/wp-json\/wp\/v2\/taetigkeiten?post=19408"},{"taxonomy":"chronik-jahre","embeddable":true,"href":"https:\/\/www.vorarlberger-walservereinigung.at\/vwvwp\/wp-json\/wp\/v2\/chronik-jahre?post=19408"},{"taxonomy":"chronik-gemeinden","embeddable":true,"href":"https:\/\/www.vorarlberger-walservereinigung.at\/vwvwp\/wp-json\/wp\/v2\/chronik-gemeinden?post=19408"},{"taxonomy":"walserheimat","embeddable":true,"href":"https:\/\/www.vorarlberger-walservereinigung.at\/vwvwp\/wp-json\/wp\/v2\/walserheimat?post=19408"},{"taxonomy":"gebiete","embeddable":true,"href":"https:\/\/www.vorarlberger-walservereinigung.at\/vwvwp\/wp-json\/wp\/v2\/gebiete?post=19408"},{"taxonomy":"superkategorien","embeddable":true,"href":"https:\/\/www.vorarlberger-walservereinigung.at\/vwvwp\/wp-json\/wp\/v2\/superkategorien?post=19408"}],"curies":[{"name":"wp","href":"https:\/\/api.w.org\/{rel}","templated":true}]}}