{"id":17641,"date":"2024-02-21T14:39:34","date_gmt":"2024-02-21T13:39:34","guid":{"rendered":"https:\/\/www.vorarlberger-walservereinigung.at\/vwvwp\/?p=17641"},"modified":"2024-02-28T17:20:18","modified_gmt":"2024-02-28T16:20:18","slug":"chronik-2023-schroecken","status":"publish","type":"post","link":"https:\/\/www.vorarlberger-walservereinigung.at\/vwvwp\/chronik-2023-schroecken\/","title":{"rendered":"Chronik 2023 Schr\u00f6cken"},"content":{"rendered":"<h2><img loading=\"lazy\" decoding=\"async\" class=\"alignleft wp-image-1092\" src=\"https:\/\/www.vorarlberger-walservereinigung.at\/vwvwp\/wp-content\/uploads\/2015\/06\/schroecken.gif\" alt=\"\" width=\"150\" height=\"184\">Das Jahr 2023 in der Gemeinde <a href=\"https:\/\/www.vorarlberger-walservereinigung.at\/vwvwp\/?p=714\">Schr\u00f6cken<\/a><!--more--><\/h2>\n<p>Der Saisonstart in den Winter 2022\/2023 verlief etwas holprig. Aufgrund der sehr sp\u00e4rlichen Schneedecke im Dezember 2022 konnte das Skigebiet nur&nbsp; eingeschr\u00e4nkt in Betrieb gehen. Am Salober war eigentlich erst ab Mitte J\u00e4nner 2023 ein einigerma\u00dfen \u201enormaler\u201c Skibetrieb m\u00f6glich. Bei der Messstelle K\u00f6rbersee wurde eine gesamt gefallene Schneemenge von 8,47 m gemessen. Die h\u00f6chste Schneelage wurde am 17. April mit 1,84 m erreicht. Anfang Mai war am Salober immer noch eine geschlossene Schneedecke vorhanden.<\/p>\n<p>Mit knapp 75.000 G\u00e4sten\u00e4chtigungen in der Wintersaison konnte ein sehr gutes Ergebnis erzielt werden. Auch die Sommerstatistik war mit \u00fcber 41.000 G\u00e4sten\u00e4chtigungen sehr erfreulich.<\/p>\n<p>Aus dem Bauamt kann berichtet werden, dass in Oberboden zwei Einfamilienh\u00e4user fertiggestellt und bezogen wurden. Auch die dort befindliche Wohnanlage mit insgesamt 16 Wohnungen ging noch Ende 2023 in Betrieb. Zur zuk\u00fcnftigen Verbesserung der Pisten- und Schneequalit\u00e4t haben die Skilifte Schr\u00f6cken im Sommer 2023 in eine Beschneiungsanlage am Salober investiert.<\/p>\n<p>Das Haus Bauernstube im Dorfzentrum hat mit der Familie Drexel einen neuen Besitzer und auch die Lokalit\u00e4t im Geb\u00e4ude wurde unter neuer F\u00fchrung als Dorfstube im November 2023 wiederer\u00f6ffnet. Ebenfalls einen Besitzerwechsel gab es mit der Familie Natter im Haus Edelwei\u00df in der Parzelle Stutz. Und zuletzt wechselte im Dezember 2023 auch der Eigent\u00fcmer beim Berggasthof Auenfelderh\u00fctte.<\/p>\n<p>Im April 2023 kam es zu einer \u00c4nderung in der politischen F\u00fchrung unserer Gemeinde. B\u00fcrgermeister Herbert Schwarzmann hat bereits bei der Wiederwahl im Jahr 2020 darauf hingewiesen, dass er 2023 sein Amt nach 13-j\u00e4hriger T\u00e4tigkeit niederlegen wird. Am 20. April wurde in der Sitzung der Gemeindevertretung im&nbsp; Gemeindesaal Schr\u00f6cken Stephan Schwarzmann zu seinem Nachfolger gew\u00e4hlt.<\/p>\n<p>Auch im Vereinswesen in Schr\u00f6cken war 2023 wieder einiges geboten. Die Funkenorganisation feierte am 25. Februar das 30. Funkenabbrennen am Kirchenb\u00fchl. Die Feuerwehr f\u00fchrte am 22. April einen Ehrungsabend durch, an dem Mitglieder f\u00fcr 25, 40 beziehungsweise 60 Jahre Vereinstreue gew\u00fcrdigt wurden. Beim Konzert des Musikvereins am 14. Oktober wurden Musikanten f\u00fcr 25 Jahre Mitgliedschaft geehrt und Heinz Feuerstein zum Ehrenkapellmeister und Ehrenmitglied ernannt.<\/p>\n<p>Die mittlerweile \u00fcber die Grenzen hinaus bekannte Veranstaltung \u201eSeven Summits\u201c fand dieses Jahr bei bestem Wetter am 9. September statt. Die Seven Summits Tour ist die ultimative Herausforderung f\u00fcr jeden Bergsteiger. An einem Tag werden die sieben Grenzberge von Schr\u00f6cken erklommen. Bei der Tour gilt es, 4.300 H\u00f6henmeter auf einer Strecke von fast 50 Kilometern zu bezwingen \u2013 und das alles f\u00fcr einen guten Zweck. Bei dieser Veranstaltung schl\u00e4gt das Wetter gerne Kapriolen. 2023 allerdings nicht, ganz im Gegenteil, den L\u00e4ufern war es eher viel zu hei\u00df.<\/p>\n<p>Ein sch\u00f6nes Fest wurde am 24. September 2023 gefeiert. Anl\u00e4sslich der Gemeindevisitation von Vorarlbergs Di\u00f6zesanbischof Benno Elbs fand eine Bergmesse am Simmel in Hochkrumbach statt. Zahlreiche Besucher aus nah und fern trafen sich dazu am Friedenskreuz.<\/p>\n<figure id=\"attachment_17689\" aria-describedby=\"caption-attachment-17689\" style=\"width: 632px\" class=\"wp-caption aligncenter\"><img loading=\"lazy\" decoding=\"async\" class=\"wp-image-17689 size-full\" src=\"https:\/\/www.vorarlberger-walservereinigung.at\/vwvwp\/wp-content\/uploads\/2024\/02\/WH114_Chroniken-32.jpg\" alt=\"Aufmarsch des Musikvereins Schr\u00f6cken zum Friedenskreuz.\" width=\"632\" height=\"341\" srcset=\"https:\/\/www.vorarlberger-walservereinigung.at\/vwvwp\/wp-content\/uploads\/2024\/02\/WH114_Chroniken-32.jpg 632w, https:\/\/www.vorarlberger-walservereinigung.at\/vwvwp\/wp-content\/uploads\/2024\/02\/WH114_Chroniken-32-300x162.jpg 300w, https:\/\/www.vorarlberger-walservereinigung.at\/vwvwp\/wp-content\/uploads\/2024\/02\/WH114_Chroniken-32-150x81.jpg 150w\" sizes=\"auto, (max-width: 632px) 100vw, 632px\" \/><figcaption id=\"caption-attachment-17689\" class=\"wp-caption-text\">Aufmarsch des Musikvereins Schr\u00f6cken zum Friedenskreuz. Foto: Warth-Schr\u00f6cken Tourismus<\/figcaption><\/figure>\n<h3>Geburt<\/h3>\n<p>Noel Klammer<br \/>\nEltern Yvonne Schwarzmann<br \/>\nPatrick Klammer<\/p>\n<h3>Jubilar<\/h3>\n<p>Edwin Schwarzmann, 85 Jahre<\/p>\n<h3>Sterbefall<\/h3>\n<p>Olga Bischof, 91 Jahre<\/p>\n<hr>\n<p><em>Stephan Schwarzmann<\/em><\/p>\n","protected":false},"excerpt":{"rendered":"<p>Das Jahr 2023 in der Gemeinde Schr\u00f6cken (mehr\u00a0&hellip;)<\/p>\n","protected":false},"author":1,"featured_media":0,"comment_status":"closed","ping_status":"closed","sticky":false,"template":"","format":"image","meta":{"ngg_post_thumbnail":0,"footnotes":""},"categories":[72],"tags":[763],"taetigkeiten":[],"chronik-jahre":[761],"chronik-gemeinden":[395],"walserheimat":[764],"gebiete":[],"superkategorien":[],"class_list":["post-17641","post","type-post","status-publish","format-image","hentry","category-chroniken","tag-763","post_format-post-format-image","chronik-jahre-761","chronik-gemeinden-schroecken","walserheimat-wh114"],"_links":{"self":[{"href":"https:\/\/www.vorarlberger-walservereinigung.at\/vwvwp\/wp-json\/wp\/v2\/posts\/17641","targetHints":{"allow":["GET"]}}],"collection":[{"href":"https:\/\/www.vorarlberger-walservereinigung.at\/vwvwp\/wp-json\/wp\/v2\/posts"}],"about":[{"href":"https:\/\/www.vorarlberger-walservereinigung.at\/vwvwp\/wp-json\/wp\/v2\/types\/post"}],"author":[{"embeddable":true,"href":"https:\/\/www.vorarlberger-walservereinigung.at\/vwvwp\/wp-json\/wp\/v2\/users\/1"}],"replies":[{"embeddable":true,"href":"https:\/\/www.vorarlberger-walservereinigung.at\/vwvwp\/wp-json\/wp\/v2\/comments?post=17641"}],"version-history":[{"count":4,"href":"https:\/\/www.vorarlberger-walservereinigung.at\/vwvwp\/wp-json\/wp\/v2\/posts\/17641\/revisions"}],"predecessor-version":[{"id":17957,"href":"https:\/\/www.vorarlberger-walservereinigung.at\/vwvwp\/wp-json\/wp\/v2\/posts\/17641\/revisions\/17957"}],"wp:attachment":[{"href":"https:\/\/www.vorarlberger-walservereinigung.at\/vwvwp\/wp-json\/wp\/v2\/media?parent=17641"}],"wp:term":[{"taxonomy":"category","embeddable":true,"href":"https:\/\/www.vorarlberger-walservereinigung.at\/vwvwp\/wp-json\/wp\/v2\/categories?post=17641"},{"taxonomy":"post_tag","embeddable":true,"href":"https:\/\/www.vorarlberger-walservereinigung.at\/vwvwp\/wp-json\/wp\/v2\/tags?post=17641"},{"taxonomy":"taetigkeiten","embeddable":true,"href":"https:\/\/www.vorarlberger-walservereinigung.at\/vwvwp\/wp-json\/wp\/v2\/taetigkeiten?post=17641"},{"taxonomy":"chronik-jahre","embeddable":true,"href":"https:\/\/www.vorarlberger-walservereinigung.at\/vwvwp\/wp-json\/wp\/v2\/chronik-jahre?post=17641"},{"taxonomy":"chronik-gemeinden","embeddable":true,"href":"https:\/\/www.vorarlberger-walservereinigung.at\/vwvwp\/wp-json\/wp\/v2\/chronik-gemeinden?post=17641"},{"taxonomy":"walserheimat","embeddable":true,"href":"https:\/\/www.vorarlberger-walservereinigung.at\/vwvwp\/wp-json\/wp\/v2\/walserheimat?post=17641"},{"taxonomy":"gebiete","embeddable":true,"href":"https:\/\/www.vorarlberger-walservereinigung.at\/vwvwp\/wp-json\/wp\/v2\/gebiete?post=17641"},{"taxonomy":"superkategorien","embeddable":true,"href":"https:\/\/www.vorarlberger-walservereinigung.at\/vwvwp\/wp-json\/wp\/v2\/superkategorien?post=17641"}],"curies":[{"name":"wp","href":"https:\/\/api.w.org\/{rel}","templated":true}]}}