{"id":17633,"date":"2024-02-21T14:39:43","date_gmt":"2024-02-21T13:39:43","guid":{"rendered":"https:\/\/www.vorarlberger-walservereinigung.at\/vwvwp\/?p=17633"},"modified":"2024-02-28T17:20:14","modified_gmt":"2024-02-28T16:20:14","slug":"chronik-2023-laterns","status":"publish","type":"post","link":"https:\/\/www.vorarlberger-walservereinigung.at\/vwvwp\/chronik-2023-laterns\/","title":{"rendered":"Chronik 2023 Laterns"},"content":{"rendered":"<h2><img loading=\"lazy\" decoding=\"async\" class=\"alignleft wp-image-1088 size-full\" src=\"https:\/\/www.vorarlberger-walservereinigung.at\/vwvwp\/wp-content\/uploads\/2015\/06\/laterns.gif\" alt=\"\" width=\"150\" height=\"200\">Das Jahr 2023 in der Gemeinde <a href=\"https:\/\/www.vorarlberger-walservereinigung.at\/vwvwp\/?p=706\">Laterns<\/a><\/h2>\n<p><!--more--><\/p>\n<p>Aufgrund von au\u00dfergew\u00f6hnlich warmen Temperaturen war zu Beginn der Wintersaison 2022\/23 in den Weihnachtsferien im Skigebiet Gapfohl nur ein eingeschr\u00e4nkter Betrieb m\u00f6glich. Ab 3. J\u00e4nner 2023 stand die Vierer-Sesselbahn schlussendlich nur noch den Wanderern zur Verf\u00fcgung. Erst Mitte J\u00e4nner lie\u00dfen die Bedingungen es zu, dass der regul\u00e4re Wintersportbetrieb wieder aufgenommen werden konnte.<\/p>\n<p>Ganz im Gegensatz dazu zeigte sich der Winter 2023 schon beim Start der Skisaison 2023\/24 von der besten Seite, da bereits Anfang Dezember ein Befahren aller Skipisten m\u00f6glich war.<\/p>\n<p>Noch vor Wintereinbruch und somit auch vor dem Start des Skiliftbetriebes konnten die Arbeiten der Sanierung der Liftstra\u00dfe abgeschlossen werden. Da&nbsp; Sanierungsarbeiten des oberen Teilabschnittes bereits im vergangenen Jahr durchgef\u00fchrt wurden, ist nun die wichtige Zufahrt zu den anliegenden Bewohnern, zu den Seilbahnen Laterns sowie zum JUFA-Hotel vollst\u00e4ndig saniert und f\u00fcr den Besucherverkehr bestens ger\u00fcstet.<\/p>\n<p>Um f\u00fcr die Eltern die Vereinbarkeit von Familie und Beruf zu erleichtern, erfolgte ab Herbst 2023 eine Ausweitung der Betreuungszeiten des Kindergartens. Dies umfasst sowohl eine Erweiterung des Vormittags- als auch des Nachmittagsmodules sowie eine Mittagsbetreuung. Parallel dazu ist die Gemeinde Laterns nun neues Mitglied der SAF (Schulische Assistenz und Freizeitbetreuung GmbH Vorarlberg). Diese Mitgliedschaft erm\u00f6glicht es der Gemeinde, auch in diesem wichtigen Themenbereich der Sch\u00fclerbetreuung m\u00f6glichst flexibel agieren zu k\u00f6nnen.<\/p>\n<p>Im April 2023 wurden die Weichen f\u00fcr die Erarbeitung eines R\u00e4umlichen Entwicklungsplanes (REP) mit der Vergabe der Prozessbegleitung gestellt. Der Entwicklungsplan ist f\u00fcr eine Gemeinde ein wichtiges strategisches Planungsinstrument und erm\u00f6glicht es, zuk\u00fcnftige planerische Entscheidungen zu treffen. Als erste \u00f6ffentliche Aktivit\u00e4t fand unter der Beteiligung der B\u00fcrgerinnen und B\u00fcrger die Startveranstaltung am 8. November im Dorfsaal statt.<\/p>\n<p>Bei der Generalversammlung der Jagdgenossenschaft Laterns wurde bereits im August 2022 eine Aufteilung des bestehenden Jagdreviers in zwei Teile beschlossen. Anlass daf\u00fcr war die Vorgabe der Beh\u00f6rde, die Rotwildpopulation stark zu reduzieren. Die Mitglieder der Vollversammlung stimmten einstimmig f\u00fcr den Vorschlag, die neuen Grenzverl\u00e4ufe festzulegen und in die Gebiete \u201eGJ Laterns I\u201c (westlicher Teil) und \u201eGJ Laterns II\u201c (\u00f6stlicher Teil) aufzuteilen. Parallel dazu fand eine \u00f6ffentliche Ausschreibung der Jagdverpachtungen statt. Als Bestbieter f\u00fcr den westlichen Teil ging Roman Rauch hervor, f\u00fcr den \u00f6stlichen Teil konnte mit Dr. Georg Neubauer ein neuer P\u00e4chter gefunden werden. Die jeweiligen Pachtvertr\u00e4ge traten mit 1. April 2023 in Kraft.<\/p>\n<p>Zu Jahresbeginn 2023 wurde eine Arbeitsgruppe \u201e\u00dcble Schlucht\u201c seitens der Gemeinde ins Leben gerufen. Aufgrund der zu erwartenden h\u00f6heren Besucherzahl durch die bundesweite Ausstrahlung der ORF-Sendung \u201e9 Pl\u00e4tze \u2013 9 Sch\u00e4tze\u201c, bei der die \u00dcble Schlucht den 3. Rang erringen konnte, war es ein Hauptziel der Arbeitsgruppe, notwendige Ma\u00dfnahmen zu treffen. Ziel ist es, den Besuchern dieses Naturjuwels in unserer Talschaft eine genussvolle und m\u00f6glichst gefahrlose Begehung zu erm\u00f6glichen. Als sichtbares Zeichen der Projektarbeit versorgt nun eine gro\u00dfe Informationstafel beim Parkplatz \u201eBalfa\u201c die Besucher mit hilfreichen Informationen.<\/p>\n<p>Im Herbst 2022 erfolgte die Schlie\u00dfung des Brotl\u00e4dele Thal durch den bisherigen privaten Betreiber. Um einerseits die Bev\u00f6lkerung in der Parzelle Thal mit diversen G\u00fctern des t\u00e4glichen Bedarfs weiterhin zu versorgen und andererseits auch einen gesellschaftlichen Treffpunkt zu erm\u00f6glichen, wurde auf private&nbsp; Initiative der Verein \u201eLaternser-L\u00e4dele-Treff\u201c ins Leben gerufen. Bereits nach der offiziellen Vereinsgr\u00fcndung am 11. Oktober wurde ein paar Wochen sp\u00e4ter mit einem Kabarettabend im Dorfsaal die erste \u00f6ffentliche Veranstaltung durch den neuen Verein abgehalten. Seit der offiziellen Wiederer\u00f6ffnung des Brotl\u00e4dele Thal am 2. Dezember steht der Bev\u00f6lkerung nun wieder eine Einkaufsm\u00f6glichkeit in dieser Parzelle zur Verf\u00fcgung. Zwischenzeitlich kann auch schon von einer dreistelligen Anzahl an Vereinsmitgliedern berichtet werden.<\/p>\n<p>Schon 17 Jahre waren seit der letzten Abhaltung der Generalversammlung der Vorarlberger Walservereinigung im Laternsertal vergangen. Am 2. Juli war es wieder soweit: unsere Talschaft lud zum \u201eWalser trifft Walser\u201c-Tag mit Kirchtag und Generalversammlung. Am Nachmittag wurde zu einer Wanderung zur Gemeindealpe Gapfohl eingeladen. Dabei hatten die Besucher auch die M\u00f6glichkeit, das neue Alpkreuz zu besuchen, welches eine Woche vorher feierlich&nbsp; eingeweiht wurde. Die Errichtung des Kreuzes erfolgte auf eine Initiative des Skivereins Laterns.<\/p>\n<figure id=\"attachment_17684\" aria-describedby=\"caption-attachment-17684\" style=\"width: 632px\" class=\"wp-caption aligncenter\"><img loading=\"lazy\" decoding=\"async\" class=\"wp-image-17684 size-full\" src=\"https:\/\/www.vorarlberger-walservereinigung.at\/vwvwp\/wp-content\/uploads\/2024\/02\/WH114_Chroniken-27.jpg\" alt=\"Alpkreuzeinweihung Alpe Gapfohl\" width=\"632\" height=\"484\" srcset=\"https:\/\/www.vorarlberger-walservereinigung.at\/vwvwp\/wp-content\/uploads\/2024\/02\/WH114_Chroniken-27.jpg 632w, https:\/\/www.vorarlberger-walservereinigung.at\/vwvwp\/wp-content\/uploads\/2024\/02\/WH114_Chroniken-27-300x230.jpg 300w, https:\/\/www.vorarlberger-walservereinigung.at\/vwvwp\/wp-content\/uploads\/2024\/02\/WH114_Chroniken-27-150x115.jpg 150w\" sizes=\"auto, (max-width: 632px) 100vw, 632px\" \/><figcaption id=\"caption-attachment-17684\" class=\"wp-caption-text\">Das Organisations- und Pfarrteam bei der Alpkreuzeinweihung Gapfohl am 25. Juni 2023<br \/>\nFoto: Dietmar Breu\u00df<\/figcaption><\/figure>\n<p>Auch dieses Jahr stellte der Alpabtrieb am 16. September von der Alpe Gapfohl ein gesellschaftliches Ereignis dar. Das Wetter zeigte sich an diesem Septembertag von der allerbesten Seite und so bot der Abtrieb der ges\u00f6mmerten Tiere \u2013 zirka 240 St\u00fcck verbrachten den Sommer auf der Alpe \u2013 bei ihrem Zug durch die Talschaft ein prachtvolles Bild.<\/p>\n<p>Vom 9. bis 11. Juni stand das Motto \u201emir trumpfand uf\u201c ganz im Vordergrund zum 105-j\u00e4hrigen Bestehen des Musikvereins Laterns. Neben der Abhaltung von Platzkonzerten in den verschiedenen Dorfparzellen wurden auch ein Sternmarsch, ein Festumzug sowie erstmals ein Preisjassen angeboten. Beim Jahreskonzert des Musikvereines am 19. November durften Roland und Thomas Matt sowie Lothar Breuss die Gl\u00fcckw\u00fcnsche f\u00fcr 40-j\u00e4hrige Vereinszugeh\u00f6rigkeit entgegennehmen.<\/p>\n<p>Im Jahre 2023 kann von weiteren Ehrungen f\u00fcr langj\u00e4hrige Mitgliedschaften in den Ortsvereinen berichtet werden: Von der Funkenzunft Laterns wurden Bruno Nesensohn f\u00fcr 30 Jahre, Rainer Nesensohn, Wilhelm Nesensohn und David Moosbrugger f\u00fcr 25 Jahre sowie Emanuel Matt f\u00fcr 20 Jahre Mitgliedschaft geehrt. Bei der Generalversammlung der Bergfreunde durften Margit Matt f\u00fcr ihre 25-j\u00e4hrige Vereinstreue sowie Ilga Nesensohn, Gebhard Nesensohn und Edith&nbsp; Summer f\u00fcr ihre 50-j\u00e4hrige Vereinsmitgliedschaft Gl\u00fcckw\u00fcnsche entgegennehmen.<\/p>\n<p>Bereits zum zweiten Mal in der Vereinsgeschichte des Trachtenvereines Laterns nahm ein Kindertrachtenpaar bei der Er\u00f6ffnung der Bregenzer Festspiele teil. Zusammen mit anderen jungen Trachtentr\u00e4gern und Trachtentr\u00e4gerinnen zur Begr\u00fc\u00dfung des Bundespr\u00e4sidenten bildeten sie ein farbenfrohes Empfangskomitee.<\/p>\n<p>Der Familienverband Laterns bot auch in diesem Jahr zahlreiche Veranstaltungen, die ein sehr breites Spektrum an gesellschaftlichen, kreativen sowie unterhaltsamen Aktivit\u00e4ten widerspiegeln: ein Fackellauf zur Event-Arena, zahlreiche Eltern-Kind-Bewegungstreffen, eine Faschingsparty, die Einladung zum mehrw\u00f6chigen Zumba-Tanztraining sowie zum \u201eMaidja-Palma\u201c-Binden. Die Blumen und Kr\u00e4uter wurden an Maria Himmelfahrt gesegnet und dann in die einzelnen Haushalte gebracht. Durchgef\u00fchrt wurde auch die Aktion \u201eWeihnachten im Schuhkarton\u201c und der Adventsmarkt \u201eAdventszauber\u201c wurde abgehalten.<\/p>\n<p>Am 18. Februar fand in der Salzburger Gemeinde Wals die \u00d6sterreichische Meisterschaft im Freistilringen statt. Dabei konnte der Heeressportler Johannes Ludescher, der im Olympiazentrum in Dornbirn trainiert, zum wiederholten Mal den Meistertitel in der Schwergewichtsklasse f\u00fcr sich entscheiden.<\/p>\n<p>Nach Gold und Bronze bei der K\u00e4sepr\u00e4mierung in Schwarzenberg am 16. September hat die Hofsennerei Mathis auch bei der Internationalen Almk\u00e4seolympiade<br \/>\nin Galt\u00fcr mit zwei Gold-Auszeichnungen eine neuerliche Best\u00e4tigung der Qualit\u00e4t ihrer Arbeit bekommen.<\/p>\n<h3>Sterbef\u00e4lle<\/h3>\n<p>Innerlaterns:<\/p>\n<p>Karl Nesensohn, 76 Jahre<br \/>\nElisabeth Nesensohn, geb. Heinzle, 101 Jahre<br \/>\nEgon Lins, 81 Jahre<\/p>\n<p>Laterns-Thal<\/p>\n<p>Martina Keckeis, 32 Jahre;<br \/>\nAlbertina Fugel, geb. Matt, 81 Jahre<\/p>\n<hr>\n<p>Dietmar Breu\u00df<\/p>\n","protected":false},"excerpt":{"rendered":"<p>Das Jahr 2023 in der Gemeinde Laterns (mehr\u00a0&hellip;)<\/p>\n","protected":false},"author":1,"featured_media":0,"comment_status":"closed","ping_status":"closed","sticky":false,"template":"","format":"image","meta":{"ngg_post_thumbnail":0,"footnotes":""},"categories":[72],"tags":[763],"taetigkeiten":[],"chronik-jahre":[761],"chronik-gemeinden":[390],"walserheimat":[764],"gebiete":[],"superkategorien":[],"class_list":["post-17633","post","type-post","status-publish","format-image","hentry","category-chroniken","tag-763","post_format-post-format-image","chronik-jahre-761","chronik-gemeinden-laterns","walserheimat-wh114"],"_links":{"self":[{"href":"https:\/\/www.vorarlberger-walservereinigung.at\/vwvwp\/wp-json\/wp\/v2\/posts\/17633","targetHints":{"allow":["GET"]}}],"collection":[{"href":"https:\/\/www.vorarlberger-walservereinigung.at\/vwvwp\/wp-json\/wp\/v2\/posts"}],"about":[{"href":"https:\/\/www.vorarlberger-walservereinigung.at\/vwvwp\/wp-json\/wp\/v2\/types\/post"}],"author":[{"embeddable":true,"href":"https:\/\/www.vorarlberger-walservereinigung.at\/vwvwp\/wp-json\/wp\/v2\/users\/1"}],"replies":[{"embeddable":true,"href":"https:\/\/www.vorarlberger-walservereinigung.at\/vwvwp\/wp-json\/wp\/v2\/comments?post=17633"}],"version-history":[{"count":5,"href":"https:\/\/www.vorarlberger-walservereinigung.at\/vwvwp\/wp-json\/wp\/v2\/posts\/17633\/revisions"}],"predecessor-version":[{"id":17955,"href":"https:\/\/www.vorarlberger-walservereinigung.at\/vwvwp\/wp-json\/wp\/v2\/posts\/17633\/revisions\/17955"}],"wp:attachment":[{"href":"https:\/\/www.vorarlberger-walservereinigung.at\/vwvwp\/wp-json\/wp\/v2\/media?parent=17633"}],"wp:term":[{"taxonomy":"category","embeddable":true,"href":"https:\/\/www.vorarlberger-walservereinigung.at\/vwvwp\/wp-json\/wp\/v2\/categories?post=17633"},{"taxonomy":"post_tag","embeddable":true,"href":"https:\/\/www.vorarlberger-walservereinigung.at\/vwvwp\/wp-json\/wp\/v2\/tags?post=17633"},{"taxonomy":"taetigkeiten","embeddable":true,"href":"https:\/\/www.vorarlberger-walservereinigung.at\/vwvwp\/wp-json\/wp\/v2\/taetigkeiten?post=17633"},{"taxonomy":"chronik-jahre","embeddable":true,"href":"https:\/\/www.vorarlberger-walservereinigung.at\/vwvwp\/wp-json\/wp\/v2\/chronik-jahre?post=17633"},{"taxonomy":"chronik-gemeinden","embeddable":true,"href":"https:\/\/www.vorarlberger-walservereinigung.at\/vwvwp\/wp-json\/wp\/v2\/chronik-gemeinden?post=17633"},{"taxonomy":"walserheimat","embeddable":true,"href":"https:\/\/www.vorarlberger-walservereinigung.at\/vwvwp\/wp-json\/wp\/v2\/walserheimat?post=17633"},{"taxonomy":"gebiete","embeddable":true,"href":"https:\/\/www.vorarlberger-walservereinigung.at\/vwvwp\/wp-json\/wp\/v2\/gebiete?post=17633"},{"taxonomy":"superkategorien","embeddable":true,"href":"https:\/\/www.vorarlberger-walservereinigung.at\/vwvwp\/wp-json\/wp\/v2\/superkategorien?post=17633"}],"curies":[{"name":"wp","href":"https:\/\/api.w.org\/{rel}","templated":true}]}}