{"id":17626,"date":"2024-02-21T14:40:01","date_gmt":"2024-02-21T13:40:01","guid":{"rendered":"https:\/\/www.vorarlberger-walservereinigung.at\/vwvwp\/?p=17626"},"modified":"2024-02-28T17:20:06","modified_gmt":"2024-02-28T16:20:06","slug":"chronik-2023-thueringerberg","status":"publish","type":"post","link":"https:\/\/www.vorarlberger-walservereinigung.at\/vwvwp\/chronik-2023-thueringerberg\/","title":{"rendered":"Chronik 2023 Th\u00fcringerberg"},"content":{"rendered":"<h2><img loading=\"lazy\" decoding=\"async\" class=\"alignleft wp-image-1097 size-full\" src=\"https:\/\/www.vorarlberger-walservereinigung.at\/vwvwp\/wp-content\/uploads\/2015\/06\/thueringerberg.gif\" alt=\"\" width=\"150\" height=\"200\">Das Jahr 2023 in der Gemeinde <a href=\"https:\/\/www.vorarlberger-walservereinigung.at\/vwvwp\/?p=722\">Th\u00fcringerberg<\/a><\/h2>\n<p><!--more--><\/p>\n<p>Auch im vergangenen Jahr wurden wieder einige bauliche Ma\u00dfnahmen in unserer Gemeinde umgesetzt. Die Grabarbeiten f\u00fcr die Quellableitung Gassner Alpe konnten aufgrund der nassen Witterung erst im Mai fortgesetzt werden. Eine besondere Herausforderung stellten dabei die Arbeiten entlang des Wanderwegs Richtung Gassner Alpe dar. Hier mussten aufgrund der Steilheit des Gel\u00e4ndes teilweise B\u00e4ume quergef\u00e4llt werden, um Aushubmaterial und auch Maschinen und Ger\u00e4te entsprechend abst\u00fctzen zu k\u00f6nnen. Nach zwei Monaten intensiver Arbeit konnte die Quellableitung dann an den Hochwasserbeh\u00e4lter Oberrain angeschlossen werden. Im Zuge dieser Arbeiten bekam auch der Wanderweg Richtung Gassner Alpe ein neues Gesicht. Dank gilt allen an diesem Projekt Beteiligten, insbesondere aber J\u00fcrgen D\u00fcnser, der federf\u00fchrend f\u00fcr die Arbeiten verantwortlich war.<\/p>\n<p>Bei der Ende der 1970er Jahre errichteten Storbachbr\u00fccke auf der Jagdbergstra\u00dfe L54 stand eine umfassende Sanierung an. Nach neunmonatiger Bauzeit konnten die Sanierungs- und Erneuerungsarbeiten im November abgeschlossen werden. Die gesamten Kosten dieser Sanierung werden vom Land Vorarlberg getragen.<\/p>\n<figure id=\"attachment_17675\" aria-describedby=\"caption-attachment-17675\" style=\"width: 632px\" class=\"wp-caption aligncenter\"><img loading=\"lazy\" decoding=\"async\" class=\"wp-image-17675 size-full\" src=\"https:\/\/www.vorarlberger-walservereinigung.at\/vwvwp\/wp-content\/uploads\/2024\/02\/WH114_Chroniken-18.jpg\" alt=\"Buswarteh\u00e4uschen\" width=\"632\" height=\"409\" srcset=\"https:\/\/www.vorarlberger-walservereinigung.at\/vwvwp\/wp-content\/uploads\/2024\/02\/WH114_Chroniken-18.jpg 632w, https:\/\/www.vorarlberger-walservereinigung.at\/vwvwp\/wp-content\/uploads\/2024\/02\/WH114_Chroniken-18-300x194.jpg 300w, https:\/\/www.vorarlberger-walservereinigung.at\/vwvwp\/wp-content\/uploads\/2024\/02\/WH114_Chroniken-18-150x97.jpg 150w\" sizes=\"auto, (max-width: 632px) 100vw, 632px\" \/><figcaption id=\"caption-attachment-17675\" class=\"wp-caption-text\">Seit diesem Jahr versch\u00f6nern neue Buswarteh\u00e4uschen an drei Bushaltestellen das Ortsbild. Diese wurden von Baumeister Ing. Thomas Gro\u00df geplant.<br \/>\nFoto: Gemeinde Th\u00fcringerberg<\/figcaption><\/figure>\n<p>Am Dorfausgang Richtung St. Gerold wurde der Gehsteig auf eine L\u00e4nge von rund 190 Meter bis Haus Nr. 132 verl\u00e4ngert. Im Zuge dieser Arbeiten mussten die Hauptwasserleitung und der Schmutzwasserkanal in den Fahrbahnbereich verlegt werden. Zus\u00e4tzlich wurden neben der Gehsteigbeleuchtung auch Leerrohre f\u00fcr den Glasfaserausbau und f\u00fcr die illwerke vkw mitverlegt. Die Hauptbauarbeiten, die Ende Mai begannen, mussten dabei st\u00e4ndig mit einspurigem Verkehr und Ampelregelung durchgef\u00fchrt werden. Trotzdem konnten diese Arbeiten p\u00fcnktlich vor Schulbeginn beendet werden und damit endete auch die Ampelregelung im Baustellenbereich.<\/p>\n<p>Eine besondere Ehrung wurde B\u00fcrgermeister Wilhelm M\u00fcller zuteil. Er erhielt am 26. Oktober von Landeshauptmann Mag. Markus Wallner das Silberne Ehrenzeichen des Landes \u00fcberreicht. Wilhelm M\u00fcller ist seit 25 Jahren B\u00fcrgermeister in unserer Gemeinde. In dieser Zeit zeigte er sich verantwortlich f\u00fcr viele bauliche und raumplanerische Ma\u00dfnahmen. Ein wichtiges Anliegen war und ist ihm stets auch das Soziale und das gute Miteinander.<\/p>\n<p>Dr. Otmar M\u00fcller wurde im Rahmen des Vorarlberger Gemeindetages am 21. April der Ehrenring des Vorarlberger Gemeindeverbandes verliehen. Seinen Dienst beim Vorarlberger Gemeindeverband begann er 1993. Von 1995 bis 2021 war er auch dessen Gesch\u00e4ftsf\u00fchrer.<\/p>\n<p>Zu einem personellen Wechsel kam es bei den Gemeindearbeitern. Gottfried Pfister, der seit 2017 bei der Gemeinde angestellt war, wechselte zum Dienstleistungszentrum (DLZ) Blumenegg. Ihm gilt ein Dankesch\u00f6n f\u00fcr die geleisteten Dienste f\u00fcr die Gemeinde. Mit 1. M\u00e4rz wurde Thomas Wehinger als zweiter Gemeindearbeiter angestellt. Zusammen mit Walter Rauch wird er sich um die mittlerweile vielen baulichen Anlagen der Gemeinde k\u00fcmmern und sie funktionsf\u00e4hig und in Stand halten.<\/p>\n<p>In den Vereinen wurden mehrere Mitglieder f\u00fcr ihre langj\u00e4hrige Mitarbeit geehrt. So erhielt Rudolf Nigsch die Feuerwehrmedaille Gold f\u00fcr seine 50-j\u00e4hrige&nbsp; Zugeh\u00f6rigkeit zur Feuerwehr Th\u00fcringerberg und wurde zum Ehrenmitglied ernannt. F\u00fcr seine 40-j\u00e4hrige Zugeh\u00f6rigkeit erhielt Gottfried Pfister die Feuerwehrmedaille Silber.<\/p>\n<figure id=\"attachment_17676\" aria-describedby=\"caption-attachment-17676\" style=\"width: 632px\" class=\"wp-caption aligncenter\"><img loading=\"lazy\" decoding=\"async\" class=\"wp-image-17676 size-full\" src=\"https:\/\/www.vorarlberger-walservereinigung.at\/vwvwp\/wp-content\/uploads\/2024\/02\/WH114_Chroniken-19.jpg\" alt=\"Engelbert Konzett, Obmann Elmar D\u00fcnser und Alfred\nBurtscher (v. li.)\" width=\"632\" height=\"409\" srcset=\"https:\/\/www.vorarlberger-walservereinigung.at\/vwvwp\/wp-content\/uploads\/2024\/02\/WH114_Chroniken-19.jpg 632w, https:\/\/www.vorarlberger-walservereinigung.at\/vwvwp\/wp-content\/uploads\/2024\/02\/WH114_Chroniken-19-300x194.jpg 300w, https:\/\/www.vorarlberger-walservereinigung.at\/vwvwp\/wp-content\/uploads\/2024\/02\/WH114_Chroniken-19-150x97.jpg 150w\" sizes=\"auto, (max-width: 632px) 100vw, 632px\" \/><figcaption id=\"caption-attachment-17676\" class=\"wp-caption-text\">Beim Musikverein erhielt Alexander Burtscher das Goldene Ehrenzeichen f\u00fcr seine 40-j\u00e4hrige Mitgliedschaft.<br \/>\nF\u00fcr ihre 60-j\u00e4hrige aktive Mitgliedschaft wurden Alfred Burtscher und Engelbert Konzett mit der Goldenen Ehrenspange mit Kranz ausgezeichnet. Beim Blasmusikverband Bezirk Bludenz ist diese Auszeichnung einzigartig. <br \/>\nAuf dem Foto: Engelbert Konzett, Obmann Elmar D\u00fcnser und Alfred Burtscher (v. li.).<br \/>\nFoto: Gemeinde Th\u00fcringerberg<\/figcaption><\/figure>\n<p>Der USV Th\u00fcringerberg (Union Sportverein) verf\u00fcgt seit der letzten Jahreshauptversammlung \u00fcber einen neuen Vorstand mit dem Obleuteteam Gabriel Enenkel, Stefan Enenkel und Adrian Pfefferkorn. Sie werden von David Sandholzer als Schriftf\u00fchrer und Webmaster und Florian Burtscher als Kassier unterst\u00fctzt. Die Aufgaben im Sektor Ski \u00fcbernahm Elmar D\u00fcnser. Dem alten Vorstand gilt ein Dank f\u00fcr die geleistete Arbeit und dem neuen Vorstand alles Gute f\u00fcr die auf ihn zukommende Arbeit.<\/p>\n<p>Nachdem der Andreaschor bereits im Jahr zuvor ruhend gestellt worden war, beschloss er nun einstimmig die Aufl\u00f6sung des Vereines. S\u00e4mtliche Bem\u00fchungen um neue Chormitglieder oder eine neue Chorleitung waren erfolglos geblieben. Obfrau Magdalena Morscher bedankte sich bei allen Mitgliedern und<br \/>\nFunktion\u00e4ren f\u00fcr ihre Arbeit. Das Restkapital wurde der Gemeinde, dem Laruna- Chor und dem neu zu gr\u00fcndenden Verein \u201eH\u00fcttakopf\u201c \u00fcbergeben. Dieser Verein wird in Zukunft die Gipfelmesse auf dem H\u00fcttenkopf organisieren.<\/p>\n<p>Nach sechsj\u00e4hriger Pause meldete sich die Theatergruppe Th\u00fcringerberg mit einem neuen Team aus j\u00fcngeren und l\u00e4nger gedienten Spielerinnen und Spielern und einem v\u00f6llig neuen Team hinter der B\u00fchne zur\u00fcck. Mit ihrem Sketchprogramm sorgten sie an drei Spieltagen f\u00fcr einen vollbesetzten Sunnasaal und f\u00fcr viele Lacher im Publikum.<\/p>\n<h3>Geburten<\/h3>\n<p>Mateo Burtscher, Eltern Marion Keckeis und Ren\u00e9 Burtscher<br \/>\nElice Martin, Eltern Andrea Martin und Niels B\u00f6lk<br \/>\nMiriam Mangeng, Eltern Maria und Sebastian Mangeng<br \/>\nPaul Sperger, Eltern Lisa und Hanno Sperger<br \/>\nEmil Borg, Eltern Anna Borg und Julian Zimmerer<br \/>\nAnton Wilfried M\u00fcller, Eltern Kerstin M\u00fcller und Kilian Tschabrun<\/p>\n<h3>Hochzeiten<\/h3>\n<p>Monika und Alois Stark<br \/>\nMaria und Sebastian Mangeng<br \/>\nAngela und Thomas Battisti<br \/>\nMarion und Oliver Haum<br \/>\nNatalie und Christoph Meyer<\/p>\n<h3>Goldene Hochzeiten<\/h3>\n<p>Magdalena und Wilhelm Enenkel<br \/>\nMonika und Gerhard Rietzler<br \/>\nHerlinde und Reinhard Burtscher<br \/>\nHelga und Wilhelm St\u00f6ckl<\/p>\n<h3>Sterbef\u00e4lle<\/h3>\n<p>Pfarrer Mag. Dr. Richard Gohm, 86 Jahre<br \/>\nSilvia M\u00fcller, 66 Jahre<br \/>\nEhrenreich M\u00fcller, 88 Jahre<br \/>\nMartin Stark, 33 Jahre<br \/>\nOlivia Nigsch, 93 Jahre<\/p>\n<figure id=\"attachment_17677\" aria-describedby=\"caption-attachment-17677\" style=\"width: 236px\" class=\"wp-caption alignleft\"><img loading=\"lazy\" decoding=\"async\" class=\"wp-image-17677 size-medium\" src=\"https:\/\/www.vorarlberger-walservereinigung.at\/vwvwp\/wp-content\/uploads\/2024\/02\/WH114_Chroniken-20-236x300.jpg\" alt=\"Pfarrer Mag. Dr. Richard Gohm\" width=\"236\" height=\"300\" srcset=\"https:\/\/www.vorarlberger-walservereinigung.at\/vwvwp\/wp-content\/uploads\/2024\/02\/WH114_Chroniken-20-236x300.jpg 236w, https:\/\/www.vorarlberger-walservereinigung.at\/vwvwp\/wp-content\/uploads\/2024\/02\/WH114_Chroniken-20-118x150.jpg 118w, https:\/\/www.vorarlberger-walservereinigung.at\/vwvwp\/wp-content\/uploads\/2024\/02\/WH114_Chroniken-20.jpg 361w\" sizes=\"auto, (max-width: 236px) 100vw, 236px\" \/><figcaption id=\"caption-attachment-17677\" class=\"wp-caption-text\">Pfarrer Mag. Dr. Richard Gohm<\/figcaption><\/figure>\n<h3>Pfarrer Mag. Dr. Richard Gohm \u2020<\/h3>\n<p>Am 1. Juni verstarb Pfarrer Mag. Dr. Richard Gohm 86-j\u00e4hrig in Feldkirch. Er wuchs in Th\u00fcringerberg auf und besuchte hier die Volksschule. Nach seinem Philosophie- und Theologiestudium in Innsbruck wurde er 1962 in Bregenz zum Priester geweiht. 1986 kehrte Richard Gohm nach Th\u00fcringerberg zur\u00fcck und wirkte bis zu seiner Pensionierung 1997 als Pfarrprovisor in unserer Gemeinde. Er war die treibende Kraft bei der Sanierung der Pfarrkirche 1989\/90 und sorgte daf\u00fcr, dass die gesamten Kosten f\u00fcr die vollst\u00e4ndige Au\u00dfen- und Innenrenovierung mit Verlegung der Orgel in den Altarraum und den Umbau des Pfarrhauses von 13 Millionen Schilling mit Eigenleistungen, F\u00f6rderungen und Spenden finanziert wurden. So konnte er bei seinem Pensionsantritt 1997 die ganzen Baulichkeiten schuldenfrei an die Di\u00f6zese \u00fcbergeben. In seinen monatlich erschienen Pfarrbriefen dokumentierte er neben dem Leben in der Pfarre auch das Gemeindeund Vereinsgeschehen. Ein besonderes Anliegen war ihm das Pfarrarchiv, das er mit gro\u00dfem Zeitaufwand g\u00e4nzlich aufarbeitete und neu strukturierte. Ein herzliches \u201eVergelt\u2019s Gott\u201c f\u00fcr deine Arbeit und T\u00e4tigkeit in unserer Gemeinde.<\/p>\n<hr>\n<p><em>Werner Rinderer<\/em><\/p>\n","protected":false},"excerpt":{"rendered":"<p>Das Jahr 2023 in der Gemeinde Th\u00fcringerberg (mehr\u00a0&hellip;)<\/p>\n","protected":false},"author":1,"featured_media":0,"comment_status":"closed","ping_status":"closed","sticky":false,"template":"","format":"image","meta":{"ngg_post_thumbnail":0,"footnotes":""},"categories":[72],"tags":[763],"taetigkeiten":[],"chronik-jahre":[761],"chronik-gemeinden":[399],"walserheimat":[764],"gebiete":[],"superkategorien":[],"class_list":["post-17626","post","type-post","status-publish","format-image","hentry","category-chroniken","tag-763","post_format-post-format-image","chronik-jahre-761","chronik-gemeinden-thueringerberg","walserheimat-wh114"],"_links":{"self":[{"href":"https:\/\/www.vorarlberger-walservereinigung.at\/vwvwp\/wp-json\/wp\/v2\/posts\/17626","targetHints":{"allow":["GET"]}}],"collection":[{"href":"https:\/\/www.vorarlberger-walservereinigung.at\/vwvwp\/wp-json\/wp\/v2\/posts"}],"about":[{"href":"https:\/\/www.vorarlberger-walservereinigung.at\/vwvwp\/wp-json\/wp\/v2\/types\/post"}],"author":[{"embeddable":true,"href":"https:\/\/www.vorarlberger-walservereinigung.at\/vwvwp\/wp-json\/wp\/v2\/users\/1"}],"replies":[{"embeddable":true,"href":"https:\/\/www.vorarlberger-walservereinigung.at\/vwvwp\/wp-json\/wp\/v2\/comments?post=17626"}],"version-history":[{"count":7,"href":"https:\/\/www.vorarlberger-walservereinigung.at\/vwvwp\/wp-json\/wp\/v2\/posts\/17626\/revisions"}],"predecessor-version":[{"id":17950,"href":"https:\/\/www.vorarlberger-walservereinigung.at\/vwvwp\/wp-json\/wp\/v2\/posts\/17626\/revisions\/17950"}],"wp:attachment":[{"href":"https:\/\/www.vorarlberger-walservereinigung.at\/vwvwp\/wp-json\/wp\/v2\/media?parent=17626"}],"wp:term":[{"taxonomy":"category","embeddable":true,"href":"https:\/\/www.vorarlberger-walservereinigung.at\/vwvwp\/wp-json\/wp\/v2\/categories?post=17626"},{"taxonomy":"post_tag","embeddable":true,"href":"https:\/\/www.vorarlberger-walservereinigung.at\/vwvwp\/wp-json\/wp\/v2\/tags?post=17626"},{"taxonomy":"taetigkeiten","embeddable":true,"href":"https:\/\/www.vorarlberger-walservereinigung.at\/vwvwp\/wp-json\/wp\/v2\/taetigkeiten?post=17626"},{"taxonomy":"chronik-jahre","embeddable":true,"href":"https:\/\/www.vorarlberger-walservereinigung.at\/vwvwp\/wp-json\/wp\/v2\/chronik-jahre?post=17626"},{"taxonomy":"chronik-gemeinden","embeddable":true,"href":"https:\/\/www.vorarlberger-walservereinigung.at\/vwvwp\/wp-json\/wp\/v2\/chronik-gemeinden?post=17626"},{"taxonomy":"walserheimat","embeddable":true,"href":"https:\/\/www.vorarlberger-walservereinigung.at\/vwvwp\/wp-json\/wp\/v2\/walserheimat?post=17626"},{"taxonomy":"gebiete","embeddable":true,"href":"https:\/\/www.vorarlberger-walservereinigung.at\/vwvwp\/wp-json\/wp\/v2\/gebiete?post=17626"},{"taxonomy":"superkategorien","embeddable":true,"href":"https:\/\/www.vorarlberger-walservereinigung.at\/vwvwp\/wp-json\/wp\/v2\/superkategorien?post=17626"}],"curies":[{"name":"wp","href":"https:\/\/api.w.org\/{rel}","templated":true}]}}