{"id":17622,"date":"2024-02-21T14:40:09","date_gmt":"2024-02-21T13:40:09","guid":{"rendered":"https:\/\/www.vorarlberger-walservereinigung.at\/vwvwp\/?p=17622"},"modified":"2024-02-28T17:20:02","modified_gmt":"2024-02-28T16:20:02","slug":"chronik-2023-sonntag","status":"publish","type":"post","link":"https:\/\/www.vorarlberger-walservereinigung.at\/vwvwp\/chronik-2023-sonntag\/","title":{"rendered":"Chronik 2023 Sonntag"},"content":{"rendered":"<h2><img loading=\"lazy\" decoding=\"async\" class=\"alignleft wp-image-1094\" src=\"https:\/\/www.vorarlberger-walservereinigung.at\/vwvwp\/wp-content\/uploads\/2015\/06\/sonntag.gif\" alt=\"\" width=\"150\" height=\"194\">Das Jahr 2023 in der Gemeinde <a href=\"https:\/\/www.vorarlberger-walservereinigung.at\/vwvwp\/?p=718\">Sonntag<\/a><\/h2>\n<p><!--more--><\/p>\n<h3>Vereine und Ehrenamt<\/h3>\n<p>Mit dem Faschingsumzug am 18. Februar ging es wieder in ein aktives Vereinsjahr. Zahlreiche Vereine aus der Gemeinde sowie Gruppen und Funkenz\u00fcnfte aus den Nachbargemeinden waren zum bunten Treiben bei fr\u00fchlingshaftem Wetter gekommen. Zum Erhalt des Funkenbrauchtums wurde erstmals eine Funkenzunft gegr\u00fcndet. Am 5. M\u00e4rz folgte der Suppentag. Die Firmlinge von Sonntag brachten sich aktiv ein und halfen bei der Bewirtung.<\/p>\n<p>Der Wintersportverein konnte alle geplanten Kurseinheiten mit 70 Kursteilnehmerinnen und -teilnehmern durchf\u00fchren. Mit dem Skiopening in Zusammenarbeit mit der Landjugend Jungbauernschaft Gro\u00dfes Walsertal am 17. Dezember wurde dann bereits die n\u00e4chste Saison eingel\u00e4utet.<\/p>\n<p>Unter anderem lud der Musikverein Harmonie Sonntag am 14. M\u00e4rz zum Fr\u00fchjahrskonzert und am 10. Dezember zum adventlichen Kirchenkonzert. Am 27. Mai fand der Lutzlauf statt. Der Verein z\u00e4hlt 56 aktive Mitglieder. Bei der Walser Jungmusik spielen 24 Musikanten unter der musikalischen Leitung von Alina Martin&nbsp; auf. Darunter versteht sich die Zusammenarbeit mit den Jungmusikanten aus dem Musikverein Harmonie Sonntag, Fra\u00dfenecho Raggal und der Trachtenkapelle Fontanella. Die organisatorische Leitung obliegt David R\u00fctzler.<\/p>\n<p>Am 29. April luden die Seniorinnen und Senioren von Sonntag zum Talschaftstreffen der Senioren ein.<\/p>\n<p>Am 5. Mai fand die gro\u00dfe Kreis\u00fcbung der Feuerwehren aus dem Tal beim Gel\u00e4nde der Firma Scheuchl Transporte statt. Beim Landesleistungsbewerb der Feuerwehren am 1. Juli in Lustenau erreichte die Gruppe Sonntag 1 im Bewerb BFLA Silber A den 1. Rang. Dadurch gelang die Qualifikation f\u00fcr den&nbsp; Bundesbewerb 2024 in Feldkirch. Die neuformierte Wettkampfgruppe Sonntag 2 erreichte in der Klasse FLA Bronze A den 3. Rang und zog ins Finale ein.<\/p>\n<p>Neben zahlreichen kirchlichen Ausr\u00fcckungen lud der Trachtenverein Sonntag am 29. Juli zum Sommerhock ein.<\/p>\n<p>Ende August lud der SPG Gro\u00dfwalsertal zum Sportfest. Zum 20-Jahr-Jubil\u00e4um gab es ein Open Air mit der Stubete G\u00e4ng aus der Schweiz. Der Erl\u00f6s des SPG Stickeralbums ging zu 100 Prozent in die Nachwuchskasse.<\/p>\n<p>Am 3. September lud der F\u00f6rderverein der Seilbahnen Sonntag bereits zum 29. Kapellenfest bei der Rosenkranzkapelle in Sonntag-Steinbild.<\/p>\n<p>Ausf\u00fchrliche Jahresberichte der Vereine k\u00f6nnen im Jahresr\u00fcckblick der Gemeinde nachgelesen werden.<\/p>\n<h3>Tourismus und Gewerbe<\/h3>\n<p>Der Skibetrieb in Sonntag-Stein konnte nach einem viel zu milden Jahresbeginn erst am 20. J\u00e4nner 2023 starten. Nach einer guten Sommersaison und Revisionspause konnte der Skibetrieb dann bereits am 16.\/17. Dezember aufgenommen werden. Der Wintereinbruch Ende November und der damit verbundeneplanm\u00e4\u00dfige Start in die Saison 2023\/24 in allen Skigebieten der Region zeigte auch positive Auswirkungen auf die Besucher- und Verkaufszahlen im Regionalladen im biosph\u00e4renpark.haus.<\/p>\n<p>In der Kategorie Einfamilienhaus des Vorarlberger Holzbaupreises 2023 ging eine Anerkennung an das Bergholzhaus von Chantal und Thomas Heiseler, das vom Bergholz-Architekten Reinhold Hammerer geplant und von der Zimmerei Heiseler umgesetzt wurde.<\/p>\n<h3>Aus der Gemeinde<\/h3>\n<p>Am 6. Mai empfingen 32 Jugendliche aus Sonntag und Fontanella das Sakrament der Firmung. Am 2. Juli konnte die Pfarrgemeinde zusammen mit Pfarrer Gerhard Schrafstetter sein 25-j\u00e4hriges Priesterjubil\u00e4um feiern. Zudem erfolgte der Dank f\u00fcr seine bereits 20-j\u00e4hrige T\u00e4tigkeit in den Pfarren Sonntag und Buchboden.<\/p>\n<p>Bereits seit 2022 setzt sich eine Arbeitsgruppe ergebnisoffen mit Kraftwerkspl\u00e4nen an der Lutz auseinander. Grundeigent\u00fcmer und illwerke vkw hatten Pl\u00e4ne erarbeitet und waren damit an die Gemeinde sowie die REGIO Gro\u00dfes Walsertal herangetreten. Der Standort in einer Biosph\u00e4renpark-Kernzone hatte zu kontroversen Diskussionen gef\u00fchrt. Ende April gaben die illwerke vkw bekannt, dass sie das Projekt Kraftwerk Obere Lutz nicht weiterverfolgen werden.<\/p>\n<figure id=\"attachment_17674\" aria-describedby=\"caption-attachment-17674\" style=\"width: 448px\" class=\"wp-caption aligncenter\"><img loading=\"lazy\" decoding=\"async\" class=\"wp-image-17674 size-full\" src=\"https:\/\/www.vorarlberger-walservereinigung.at\/vwvwp\/wp-content\/uploads\/2024\/02\/WH114_Chroniken-17.jpg\" alt=\"Bildungsminister\nMartin\nPolaschek, Volksschuldirektorin\nElisabeth\nPfefferkorn, Lehrerin\nSilvia M\u00fcller und\nKlimaschutzministerin\nLeonore Gewessler\" width=\"448\" height=\"311\" srcset=\"https:\/\/www.vorarlberger-walservereinigung.at\/vwvwp\/wp-content\/uploads\/2024\/02\/WH114_Chroniken-17.jpg 448w, https:\/\/www.vorarlberger-walservereinigung.at\/vwvwp\/wp-content\/uploads\/2024\/02\/WH114_Chroniken-17-300x208.jpg 300w, https:\/\/www.vorarlberger-walservereinigung.at\/vwvwp\/wp-content\/uploads\/2024\/02\/WH114_Chroniken-17-150x104.jpg 150w\" sizes=\"auto, (max-width: 448px) 100vw, 448px\" \/><figcaption id=\"caption-attachment-17674\" class=\"wp-caption-text\">Die Volksschule Sonntag f\u00fchrte erneut die Rezertifizierung des \u00d6sterreichischen Umweltzeichens durch.<br \/>\nVerleihung mit Bildungsminister Martin Polaschek, Volksschuldirektorin Elisabeth Pfefferkorn, Lehrerin Silvia M\u00fcller, Klimaschutzministerin Leonore Gewessler(v. li.)<br \/>\nFoto: BMK5803<\/figcaption><\/figure>\n<p>Im Zuge der Neuerrichtung der Trink und L\u00f6schwasserversorgung im Bereich Seeberg wurden in Zusammenarbeit mit der Wassergenossenschaft Sonntag-Buchholz die Vorbereitungen f\u00fcr ein zuk\u00fcnftiges LWL-Netz (Breitbandnetz) in der Gemeinde Sonntag getroffen.<\/p>\n<p>Von 2018 bis 2023 wurde am neuen Weg (Schwandweg) zur Alpe Steris gebaut. In schwierigen Gel\u00e4ndeverh\u00e4ltnissen wurden viele B\u00f6schungen mit&nbsp; Holzbauwerken stabilisiert. Zudem konnten im Gemeindegebiet im Laufe des Sommers zahlreiche neue Beschilderungen im Sinne des Vorarlberger Wanderwegekonzeptes angebracht werden.<\/p>\n<p>Ende August erfolgten Umbauarbeiten im Eingangsbereich des Gemeindehauses. Die Raiffeisenbank schuf einen eigenen Raum f\u00fcr den Geldautomaten und einen Cash-Recycler. Die Gemeinde ersetzte die Eingangst\u00fcre zum B\u00fcrgerservice durch eine Schiebet\u00fcre, um den barrierefreien Zugang zu gew\u00e4hrleisten. Zudem erfolgte die Sanierung der alten Seebergbr\u00fccke. Die Sanierung des Kirchenweges wurde im November in Angriff genommen.<\/p>\n<p>An der Volksschule Sonntag werden im Schuljahr 2023\/2024 27 Kinder unterrichtet. Der Kindergarten z\u00e4hlt 24 Kinder.<\/p>\n<p>Im Rahmen der Alpwirtschaftstagung wurde Wilfried T\u00fcrtscher f\u00fcr 50 Jahre Alpzeit und Alparbeit geehrt.<\/p>\n<p>Bei der Schwarzenberger K\u00e4sepr\u00e4mierung erlangten Sennen aus Sonntag Auszeichnungen: Der Tagessieg beim \u201eAlpk\u00e4se 2022\u201c ging an Kaspar Domig von der Alpe Steris. Marcell Nigsch und Team erreichten mit \u201eSennereik\u00e4se 6-9 Monate\u201c sowie mit \u201eSennereik\u00e4se \u00fcber 3 Monate\u201c Silber. In der Kategorie \u201eVorarlberger Bergk\u00e4se 2022 alt, hergestellt auf Alpe\u201c ging Silber an Ludwig Hartmann und Bronze an Frank Martin. In der Kategorie \u201eVorarlberger Bergk\u00e4se 2023 alt, hergestellt auf Alpe\u201c ging Silber an Frank Martin. Silber erreichten Simon Burtscher, Kaspar Domig sowie Bronze Albrecht Nigsch und Ludwig Hartmann. Mit dem \u201eWalserstolz Unser Traditioneller Bergk\u00e4se\u201c holte sich Marcell Nigsch und sein Team der Sennerei-Sonntag Boden\/ Emmi \u00d6sterreich am 23. November den Titel \u201eAMA-K\u00e4sekaiser 2024\u201c.<\/p>\n<h3>Geburten<\/h3>\n<p>Benjamin D\u00fcnser, Simon Muther, Theo Nigsch, Anna Bickel, Vincent Rinderer, Achim-Ioan Penteliuc, Ida Heckmann<\/p>\n<h3>Jubil\u00e4en<\/h3>\n<p>95 Jahre: Lorenz Bickel<br \/>\n90 Jahre: Edwin Burtscher und Anton T\u00fcrtscher<br \/>\n85 Jahre: Imelda Schwarzmann<br \/>\n80 Jahre: Klara Josefine Nigsch, Herlinde Maria Konzett, Magdalena Nigsch, Gebhard Konzett, Maria Magdalena D\u00fcnser<\/p>\n<h3>Goldene Hochzeit:<\/h3>\n<p>Walpurga und Hermenegild Stark<br \/>\nMaria Herlinde und Gebhard Konzett<br \/>\nDiamantene Hochzeit:<br \/>\nErna und Anton Kaufmann,<br \/>\nRosmarie und Josef Konzett<\/p>\n<h3>Hochzeit<\/h3>\n<p>Sarah Goritschnig und Fabian Rinderer<\/p>\n<h3>Sterbef\u00e4lle<\/h3>\n<p>Agnes Burtscher, Jg. 1930<br \/>\nAlfred Alex Hendl, Jg. 1942<\/p>\n<hr>\n<p><em>Monika Bischof<\/em><\/p>\n","protected":false},"excerpt":{"rendered":"<p>Das Jahr 2023 in der Gemeinde Sonntag (mehr\u00a0&hellip;)<\/p>\n","protected":false},"author":1,"featured_media":0,"comment_status":"closed","ping_status":"closed","sticky":false,"template":"","format":"image","meta":{"ngg_post_thumbnail":0,"footnotes":""},"categories":[72],"tags":[763],"taetigkeiten":[],"chronik-jahre":[761],"chronik-gemeinden":[394],"walserheimat":[764],"gebiete":[],"superkategorien":[],"class_list":["post-17622","post","type-post","status-publish","format-image","hentry","category-chroniken","tag-763","post_format-post-format-image","chronik-jahre-761","chronik-gemeinden-sonntag","walserheimat-wh114"],"_links":{"self":[{"href":"https:\/\/www.vorarlberger-walservereinigung.at\/vwvwp\/wp-json\/wp\/v2\/posts\/17622","targetHints":{"allow":["GET"]}}],"collection":[{"href":"https:\/\/www.vorarlberger-walservereinigung.at\/vwvwp\/wp-json\/wp\/v2\/posts"}],"about":[{"href":"https:\/\/www.vorarlberger-walservereinigung.at\/vwvwp\/wp-json\/wp\/v2\/types\/post"}],"author":[{"embeddable":true,"href":"https:\/\/www.vorarlberger-walservereinigung.at\/vwvwp\/wp-json\/wp\/v2\/users\/1"}],"replies":[{"embeddable":true,"href":"https:\/\/www.vorarlberger-walservereinigung.at\/vwvwp\/wp-json\/wp\/v2\/comments?post=17622"}],"version-history":[{"count":6,"href":"https:\/\/www.vorarlberger-walservereinigung.at\/vwvwp\/wp-json\/wp\/v2\/posts\/17622\/revisions"}],"predecessor-version":[{"id":17948,"href":"https:\/\/www.vorarlberger-walservereinigung.at\/vwvwp\/wp-json\/wp\/v2\/posts\/17622\/revisions\/17948"}],"wp:attachment":[{"href":"https:\/\/www.vorarlberger-walservereinigung.at\/vwvwp\/wp-json\/wp\/v2\/media?parent=17622"}],"wp:term":[{"taxonomy":"category","embeddable":true,"href":"https:\/\/www.vorarlberger-walservereinigung.at\/vwvwp\/wp-json\/wp\/v2\/categories?post=17622"},{"taxonomy":"post_tag","embeddable":true,"href":"https:\/\/www.vorarlberger-walservereinigung.at\/vwvwp\/wp-json\/wp\/v2\/tags?post=17622"},{"taxonomy":"taetigkeiten","embeddable":true,"href":"https:\/\/www.vorarlberger-walservereinigung.at\/vwvwp\/wp-json\/wp\/v2\/taetigkeiten?post=17622"},{"taxonomy":"chronik-jahre","embeddable":true,"href":"https:\/\/www.vorarlberger-walservereinigung.at\/vwvwp\/wp-json\/wp\/v2\/chronik-jahre?post=17622"},{"taxonomy":"chronik-gemeinden","embeddable":true,"href":"https:\/\/www.vorarlberger-walservereinigung.at\/vwvwp\/wp-json\/wp\/v2\/chronik-gemeinden?post=17622"},{"taxonomy":"walserheimat","embeddable":true,"href":"https:\/\/www.vorarlberger-walservereinigung.at\/vwvwp\/wp-json\/wp\/v2\/walserheimat?post=17622"},{"taxonomy":"gebiete","embeddable":true,"href":"https:\/\/www.vorarlberger-walservereinigung.at\/vwvwp\/wp-json\/wp\/v2\/gebiete?post=17622"},{"taxonomy":"superkategorien","embeddable":true,"href":"https:\/\/www.vorarlberger-walservereinigung.at\/vwvwp\/wp-json\/wp\/v2\/superkategorien?post=17622"}],"curies":[{"name":"wp","href":"https:\/\/api.w.org\/{rel}","templated":true}]}}