{"id":17618,"date":"2024-02-21T14:40:20","date_gmt":"2024-02-21T13:40:20","guid":{"rendered":"https:\/\/www.vorarlberger-walservereinigung.at\/vwvwp\/?p=17618"},"modified":"2025-02-11T17:03:17","modified_gmt":"2025-02-11T16:03:17","slug":"chronik-2023-st-gerold","status":"publish","type":"post","link":"https:\/\/www.vorarlberger-walservereinigung.at\/vwvwp\/chronik-2023-st-gerold\/","title":{"rendered":"Chronik 2023 St. Gerold"},"content":{"rendered":"<h2><img loading=\"lazy\" decoding=\"async\" class=\"wp-image-19519 size-full alignleft\" src=\"https:\/\/www.vorarlberger-walservereinigung.at\/vwvwp\/wp-content\/uploads\/2025\/02\/Wappen_at_sankt_gerold.png\" alt=\"\" width=\"143\" height=\"193\">Das Jahr 2023 in der Gemeinde <a href=\"https:\/\/www.vorarlberger-walservereinigung.at\/vwvwp\/?p=720\">St. Gerold<\/a><\/h2>\n<p><!--more--><\/p>\n<p>Das Jahr 2023 brachte weitgehend Normalisierung f\u00fcr das Gemeindeleben von St. Gerold, was vor allem durch zahlreiche Aktivit\u00e4ten oder Bauprojekte sp\u00fcrund sichtbar wurde. Es darf also vorab schon angemerkt werden, dass das ganze Gemeindeleben wieder seinen gewohnten Lauf nehmen konnte.<\/p>\n<h3>Gemeindepolitik und Ortsentwicklung<\/h3>\n<p>Die Planungen zur Sanierung des denkmalgesch\u00fctzten St. Gerolder Schulhauses konnten im Laufe des Jahres weitestgehend abgeschlossen werden, sodass einer Umsetzung im Jahr 2024 nichts mehr im Wege stehen sollte.<\/p>\n<p>Bei ihrer Tour durch Vorarlberg stattete Leonore Gewessler, BA, Bundesministerin f\u00fcr Klimaschutz, Umwelt, Energie, Mobilit\u00e4t, Innovation &amp; Technologie, zusammen mit Landesrat MMag. Daniel Zadra auch St. Gerold einen Besuch ab. Zusammen mit B\u00fcrgermeistern des Tales er\u00f6rterte sie im Rahmen eines Mittagessens M\u00f6glichkeiten zum Ausbau des \u00f6ffentlichen Verkehrs im Gro\u00dfen Walsertal.<\/p>\n<h3>Pfarre und Propstei St. Gerold<\/h3>\n<p>Die Sanierung des Gemeindefriedhofes wurde im Herbst 2023 erfolgreich umgesetzt. Mit zwei zus\u00e4tzlichen Lehmmauern wurde die Anzahl der Grabst\u00e4tten erh\u00f6ht, weiters konnte mit zwei Lichts\u00e4ulen das bisherige Konzept zeitgem\u00e4\u00df weiterentwickelt werden. Eine Besonderheit ist der Verzicht auf das bisherige Kriegerdenkmal. Stattdessen erinnert die Statue eines Auferstehungsengels an die W\u00fcrde aller Opfer von Gewalt. Der neue Friedhof besticht durch seine&nbsp; Symbolik und beeindruckt seine Besucher. An Allerheiligen konnte der neugestaltete Friedhof in einer sehr eindr\u00fccklichen Andacht von Propst Pater Martin&nbsp; Werlen der Bev\u00f6lkerung vorgestellt werden.<\/p>\n<p>Nach mehr als zweij\u00e4hriger Bauzeit biegt das gro\u00dfe Bauprojekt \u201eSanierung historisches Haupthaus\u201c der Propstei St. Gerold allm\u00e4hlich in die Zielgerade. Insbesondere die Teilsanierung des Kirchendaches sowie der Einbau des Glasdaches f\u00fcr den Innenhof erwiesen sich als gro\u00dfe planerische und technische Herausforderungen. Bis zum Jahresende konnten die Neugestaltung der Au\u00dfenh\u00fclle, der Innenausbau und die Wiederherstellung der Au\u00dfenanlagen gr\u00f6\u00dftenteils&nbsp; abgeschlossen werden. Die Neuer\u00f6ffnung ist f\u00fcr M\u00e4rz 2024 geplant.<\/p>\n<figure id=\"attachment_17672\" aria-describedby=\"caption-attachment-17672\" style=\"width: 632px\" class=\"wp-caption aligncenter\"><img loading=\"lazy\" decoding=\"async\" class=\"wp-image-17672 size-full\" src=\"https:\/\/www.vorarlberger-walservereinigung.at\/vwvwp\/wp-content\/uploads\/2024\/02\/WH114_Chroniken-15.jpg\" alt=\"Sanierungsarbeiten am Dach der prosbstei St. Gerold\" width=\"632\" height=\"471\" srcset=\"https:\/\/www.vorarlberger-walservereinigung.at\/vwvwp\/wp-content\/uploads\/2024\/02\/WH114_Chroniken-15.jpg 632w, https:\/\/www.vorarlberger-walservereinigung.at\/vwvwp\/wp-content\/uploads\/2024\/02\/WH114_Chroniken-15-300x224.jpg 300w, https:\/\/www.vorarlberger-walservereinigung.at\/vwvwp\/wp-content\/uploads\/2024\/02\/WH114_Chroniken-15-150x112.jpg 150w\" sizes=\"auto, (max-width: 632px) 100vw, 632px\" \/><figcaption id=\"caption-attachment-17672\" class=\"wp-caption-text\">Sanierung historisches Haupthaus der Propstei St. Gerold. Foto: David Ganahl<\/figcaption><\/figure>\n<h3>Gesellschaftliche Ereignisse, besondere Vorkommnisse<\/h3>\n<p>Den Sieg bei der Gymnasial-Bundesolympiade in der Kategorie \u201eKurzlatein \u00dcbersetzung\u201c konnte Silvia Ganahl f\u00fcr sich verbuchen.<\/p>\n<p>Bei den Vorarlberger Nachwuchsmeisterschaften im Triathlon verteidigte Luisa Ganahl (Tri Team Bludenz) ihren letztj\u00e4hrigen Landesmeisterschaftstitel erfolgreich.<\/p>\n<p>Sehr vielseitig pr\u00e4sentierten sich die Aktivit\u00e4ten des Union-Sportverein St. Gerold. F\u00fcr die Ortsbev\u00f6lkerung wurden eine Skimeisterschaft, ein Volleyballturnier sowie ein Gauditurnier veranstaltet. Weiters agierte der Verein als Ausrichter von zehn Nachwuchsspielen der SPG Gro\u00dfwalsertal sowie eines VFV-U7- Nachwuchsturnieres (Vorarlberger Fu\u00dfballbverband). Mitte September konnte mit der l\u00e4ngst notwendigen Vergr\u00f6\u00dferung des St. Gerolder Sporthauses begonnen werden: Mit einem Zubau wird der Mannschaftsraum erweitert.<\/p>\n<p>Anl\u00e4sslich des Jubil\u00e4ums \u201e40 Jahre Feuerwehrjugend St. Gerold\u201c veranstaltete die Ortsfeuerwehr (OF) St. Gerold den Wissenstest 2023 f\u00fcr den Bezirk Bludenz. Insgesamt stellten sich 260 Jugendliche den Fragen der Bewerter. Das gro\u00dfe Rahmenprogramm mit Spezialfahrzeugen von verschiedenen Feuerwehren lockte&nbsp; weitere Interessierte zu dieser Veranstaltung. Den Abschluss bildete eine spektakul\u00e4re Schau\u00fcbung mit dem Notarzthubschrauber Christophorus C5, welcher eine Personenrettung mittels Taubergung durchf\u00fchrte. Mit dem traditionellen Oktoberfest beim Geroldshus organisierte die OF St. Gerold eine weitere Gro\u00dfveranstaltung in der Gemeinde.<\/p>\n<p>Mit der Veranstaltung des \u201eBunten Abends\u201c im Fasching setzte sich die Wiederaufnahme gesellschaftlicher Anl\u00e4sse in der Post-Coronazeit fort. Der Abschlussabend der Volksschule St. Gerold fand auch in diesem Jahr wieder in Kombination mit einem Platzkonzert des Musikvereins St. Gerold statt. Dar\u00fcber hinaus trug der Musikverein mit einem beeindruckenden Fr\u00fchjahrskonzert, mit dem Silvester-St\u00e4ndeln sowie mit zwei Gottesdienstgestaltungen im Advent zum kulturellen Leben in der Gemeinde bei. Auch der kleine Adventmarkt beim Gemeindebrunnen wurde von Gemeindeseite erfolgreich initiiert.<\/p>\n<p>Im Rahmen einer Jubil\u00e4ums-Viehausstellung am Nationalfeiertag feierte der Braunviehzuchtverband St. Gerold sein 120-j\u00e4hriges Bestehen.<\/p>\n<p>Erfreulicherweise wird das Gasthaus Kreuz in vierter Generation weitergef\u00fchrt. Im April 2023 \u00fcbernahm Pierre M\u00fcller die Geschicke von Vater Eugen M\u00fcller. Er hat den Betrieb mit neuer gastronomischer Philosophie weiterentwickelt.<\/p>\n<figure id=\"attachment_17673\" aria-describedby=\"caption-attachment-17673\" style=\"width: 632px\" class=\"wp-caption aligncenter\"><img loading=\"lazy\" decoding=\"async\" class=\"wp-image-17673 size-full\" src=\"https:\/\/www.vorarlberger-walservereinigung.at\/vwvwp\/wp-content\/uploads\/2024\/02\/WH114_Chroniken-16.jpg\" alt=\"Friedhof von St. Gerold\" width=\"632\" height=\"471\" srcset=\"https:\/\/www.vorarlberger-walservereinigung.at\/vwvwp\/wp-content\/uploads\/2024\/02\/WH114_Chroniken-16.jpg 632w, https:\/\/www.vorarlberger-walservereinigung.at\/vwvwp\/wp-content\/uploads\/2024\/02\/WH114_Chroniken-16-300x224.jpg 300w, https:\/\/www.vorarlberger-walservereinigung.at\/vwvwp\/wp-content\/uploads\/2024\/02\/WH114_Chroniken-16-150x112.jpg 150w\" sizes=\"auto, (max-width: 632px) 100vw, 632px\" \/><figcaption id=\"caption-attachment-17673\" class=\"wp-caption-text\">Der erweiterte Friedhof von St. Gerold. Foto: David Ganahl<\/figcaption><\/figure>\n<h3>Gemeindebev\u00f6lkerung<\/h3>\n<p>Aktuell z\u00e4hlt die Gemeinde St. Gerold mit Haupt- und Nebenwohnsitzen 386 Einwohner. Mit 16 Sch\u00fclerinnen und Sch\u00fclern im Schuljahr 2023\/24 wird die Volksschule St. Gerold weiterhin einklassig gef\u00fchrt.<\/p>\n<h3>Geburten<\/h3>\n<p>Pynda Burtscher, Eltern Parichat Burtscher und Peer M\u00fcller<br \/>\nSilas Burtscher, Eltern Sabrina M\u00fcller und James Burtscher<\/p>\n<h3>Hochzeiten<\/h3>\n<p>Ramona Nigsch und Bernd Natter<br \/>\nSascha und Annamaria D\u00fcnser<br \/>\nBenjamin und Lisa Vith<\/p>\n<h3>Jubil\u00e4en<\/h3>\n<p>95 Jahre: Alfons Nigsch<br \/>\n90 Jahre: Agnes Burtscher und Luzia D\u00fcnser<br \/>\n85 Jahre: Imelda Burtscher <br \/>\n80 Jahre: Irmtraud Huber und Margaretha Burtscher<br \/>\n75 Jahre: Luise Brandner, Renate M\u00fcller und Hans Keuschnigg<\/p>\n<h3>Sterbef\u00e4lle<\/h3>\n<p>Willibald Nigsch, 87 Jahre<br \/>\nAlfred Burtscher, 77 Jahre<br \/>\nImelda Burtscher, 85 Jahre<br \/>\nMarielle Walser, 27 Jahre<\/p>\n<hr>\n<p><em>David Ganahl<\/em><\/p>\n","protected":false},"excerpt":{"rendered":"<p>Das Jahr 2023 in der Gemeinde St. Gerold (mehr\u00a0&hellip;)<\/p>\n","protected":false},"author":1,"featured_media":0,"comment_status":"closed","ping_status":"closed","sticky":false,"template":"","format":"image","meta":{"ngg_post_thumbnail":0,"footnotes":""},"categories":[72],"tags":[763],"taetigkeiten":[],"chronik-jahre":[761],"chronik-gemeinden":[397],"walserheimat":[764],"gebiete":[],"superkategorien":[],"class_list":["post-17618","post","type-post","status-publish","format-image","hentry","category-chroniken","tag-763","post_format-post-format-image","chronik-jahre-761","chronik-gemeinden-st-gerold","walserheimat-wh114"],"_links":{"self":[{"href":"https:\/\/www.vorarlberger-walservereinigung.at\/vwvwp\/wp-json\/wp\/v2\/posts\/17618","targetHints":{"allow":["GET"]}}],"collection":[{"href":"https:\/\/www.vorarlberger-walservereinigung.at\/vwvwp\/wp-json\/wp\/v2\/posts"}],"about":[{"href":"https:\/\/www.vorarlberger-walservereinigung.at\/vwvwp\/wp-json\/wp\/v2\/types\/post"}],"author":[{"embeddable":true,"href":"https:\/\/www.vorarlberger-walservereinigung.at\/vwvwp\/wp-json\/wp\/v2\/users\/1"}],"replies":[{"embeddable":true,"href":"https:\/\/www.vorarlberger-walservereinigung.at\/vwvwp\/wp-json\/wp\/v2\/comments?post=17618"}],"version-history":[{"count":7,"href":"https:\/\/www.vorarlberger-walservereinigung.at\/vwvwp\/wp-json\/wp\/v2\/posts\/17618\/revisions"}],"predecessor-version":[{"id":17965,"href":"https:\/\/www.vorarlberger-walservereinigung.at\/vwvwp\/wp-json\/wp\/v2\/posts\/17618\/revisions\/17965"}],"wp:attachment":[{"href":"https:\/\/www.vorarlberger-walservereinigung.at\/vwvwp\/wp-json\/wp\/v2\/media?parent=17618"}],"wp:term":[{"taxonomy":"category","embeddable":true,"href":"https:\/\/www.vorarlberger-walservereinigung.at\/vwvwp\/wp-json\/wp\/v2\/categories?post=17618"},{"taxonomy":"post_tag","embeddable":true,"href":"https:\/\/www.vorarlberger-walservereinigung.at\/vwvwp\/wp-json\/wp\/v2\/tags?post=17618"},{"taxonomy":"taetigkeiten","embeddable":true,"href":"https:\/\/www.vorarlberger-walservereinigung.at\/vwvwp\/wp-json\/wp\/v2\/taetigkeiten?post=17618"},{"taxonomy":"chronik-jahre","embeddable":true,"href":"https:\/\/www.vorarlberger-walservereinigung.at\/vwvwp\/wp-json\/wp\/v2\/chronik-jahre?post=17618"},{"taxonomy":"chronik-gemeinden","embeddable":true,"href":"https:\/\/www.vorarlberger-walservereinigung.at\/vwvwp\/wp-json\/wp\/v2\/chronik-gemeinden?post=17618"},{"taxonomy":"walserheimat","embeddable":true,"href":"https:\/\/www.vorarlberger-walservereinigung.at\/vwvwp\/wp-json\/wp\/v2\/walserheimat?post=17618"},{"taxonomy":"gebiete","embeddable":true,"href":"https:\/\/www.vorarlberger-walservereinigung.at\/vwvwp\/wp-json\/wp\/v2\/gebiete?post=17618"},{"taxonomy":"superkategorien","embeddable":true,"href":"https:\/\/www.vorarlberger-walservereinigung.at\/vwvwp\/wp-json\/wp\/v2\/superkategorien?post=17618"}],"curies":[{"name":"wp","href":"https:\/\/api.w.org\/{rel}","templated":true}]}}