{"id":17606,"date":"2024-02-26T13:35:22","date_gmt":"2024-02-26T12:35:22","guid":{"rendered":"https:\/\/www.vorarlberger-walservereinigung.at\/vwvwp\/?p=17606"},"modified":"2024-02-28T17:15:22","modified_gmt":"2024-02-28T16:15:22","slug":"chronik-2023-grosses-walsertal","status":"publish","type":"post","link":"https:\/\/www.vorarlberger-walservereinigung.at\/vwvwp\/chronik-2023-grosses-walsertal\/","title":{"rendered":"Chronik 2023 Gro\u00dfes Walsertal"},"content":{"rendered":"<h2 data-wp-editing=\"1\"><img loading=\"lazy\" decoding=\"async\" class=\"alignleft wp-image-5314\" src=\"https:\/\/www.vorarlberger-walservereinigung.at\/vwvwp\/wp-content\/uploads\/2016\/11\/gwtkombi1.gif\" alt=\"\" width=\"150\" height=\"212\">Das Jahr 2023 im Gro\u00dfen Walsertal<\/h2>\n<p><!--more--><\/p>\n<h3>Planung und Entwicklung<\/h3>\n<p>Es erfolgten eine erste Sondierung und Grundlagenerhebungen zum regionalen Landschaftsentwicklungskonzept, welches als \u00fcberregionales Planungsinstrument unterst\u00fctzen soll. Au\u00dferdem gab es Vorarbeiten f\u00fcr den initialen Managementplan des Biosph\u00e4renparks Gro\u00dfes Walsertal, der in den kommenden zehn Jahren als ma\u00dfgebliches Instrument f\u00fcr Planung und Steuerung dienen soll.<\/p>\n<h3>Natur- und Landschaftsschutz<\/h3>\n<p>Unter Beteiligung von 163 Landwirtinnen und -wirten startete der regionale Naturschutzplan. In Kooperation mit der Region Walgau wird ein gemeinsames Projekt zur F\u00f6rderung von regionalen Begr\u00fcnungsmethoden wie die Gewinnung von regionalem Saatgut durchgef\u00fchrt. Zudem fanden wiederum zahlreiche&nbsp; Biotopexkursionen, Fachvortr\u00e4ge im biosph\u00e4renpark.haus und Fachexkursionen, beispielsweise zum Thema Gew\u00e4sser\u00f6kologie sowie zu vogelkundlichen Besonderheiten der Region, statt.<\/p>\n<h3>Klima, Energie und Mobilit\u00e4t<\/h3>\n<p>Es wurde beschlossen, das KEM-Programm (Klima- und Energiemodellregion) von 2023 bis 2026 mit insgesamt elf Ma\u00dfnahmen weiterzuf\u00fchren. Die Reparaturcaf\u00e9s in St. Gerold, Sonntag und Raggal konnten mit einer Reparaturquote von \u00fcber 65 Prozent durchgef\u00fchrt werden. Der Energiemanager unterst\u00fctzte die Volksschulen im Tal bei der Zertifizierung der Umweltzeichenschulen und sonstigen Klimaschutzaktivit\u00e4ten und f\u00fchrte die energiewerkstatt. schule durch. Im Zuge des Programms \u201e\u00d6lkesselfreies Walsertal\u201c konnten zehn Vorortberatungen zum Umstieg auf erneuerbare Heiz-\/Energiesysteme durchgef\u00fchrt werden.<\/p>\n<h3>Jugend, Soziales und Gesellschaft<\/h3>\n<p>Die Offene Jugendarbeit lud zu w\u00f6chentlichem offenen Betrieb, Ausfl\u00fcgen, Veranstaltungen und Bildungsangeboten. Zudem bot der M\u00e4dchentreff Angebote zur St\u00e4rkung und Vernetzung der M\u00e4dchen und jungen Frauen im Tal.<\/p>\n<p>Eine Arbeitsgruppe rund um Altobmann Josef T\u00fcrtscher arbeitete an der Gestaltung und Ver\u00f6ffentlichung des Liederbuchs \u201eUf da Berga\u201c, welches im Rahmen des Walserherbst Festivals pr\u00e4sentiert werden konnte.<\/p>\n<h3>Regionalentwicklung<\/h3>\n<p>Die gemeinsame Koordination und Organisation der Kinderbildung und -betreuung im Gro\u00dfen Walsertal wurde in einem Prozess vorbereitet. Zur St\u00e4rkung der Nahversorger erfolgte zusammen mit den handelnden Akteuren der Dorfl\u00e4den eine erste Vernetzung und Sammlung von Herausforderungen und Potenzialen.<\/p>\n<h3>Naturvermittlung und Bewusstseinsbildung<\/h3>\n<p>Im Zuge des Volksschulprogramms biosph\u00e4renparkschule wurden insgesamt 82 Exkursionen mit 187 Sch\u00fclerinnen und Sch\u00fclern der Region durchgef\u00fchrt. Diese&nbsp; Umweltbildungs- und Naturwissensinitiative, in Zusammenarbeit mit der inatura Erlebnis Naturschau Dornbirn, integriert Lehrplaninhalte sowie regionsspezifische Themen und f\u00f6rdert die Vermittlung im Freien und bei Besuchen von Biosph\u00e4renpark-Partnern vor Ort.<\/p>\n<p>Dar\u00fcber hinaus wurde ein Konzept f\u00fcr die Mittelschule im Biosph\u00e4renpark Gro\u00dfes Walsertal auf Basis der Module der Biosph\u00e4renpark-Volksschule entwickelt. Dieses Kooperationsprogramm wurde im Herbst 2023 mit der Einf\u00fchrung der ersten Schulstufe erfolgreich gestartet.<\/p>\n<p>An der Mittelschule Blons werden im Schuljahr 2023\/24 107 Sch\u00fclerinnen und Sch\u00fcler in sieben Klassen von 19 Lehrpersonen unterrichtet.<\/p>\n<p>Das \u00fcberregionale Projekt GE_NOW (Gebirge, grenz\u00fcberschreitend, Natur und Nachhaltigkeit, offen f\u00fcr Neues, Wirtschaft), das darauf abzielt, auf innovative, kreative und spielerische Weise ein Bewusstsein f\u00fcr klimarelevante Themen zu schaffen, wurde gestartet.<\/p>\n<figure id=\"attachment_17664\" aria-describedby=\"caption-attachment-17664\" style=\"width: 632px\" class=\"wp-caption aligncenter\"><img loading=\"lazy\" decoding=\"async\" class=\"wp-image-17664 size-full\" src=\"https:\/\/www.vorarlberger-walservereinigung.at\/vwvwp\/wp-content\/uploads\/2024\/02\/WH114_Chroniken-7.jpg\" alt=\"\u201e15 Jahre Bergsteigerdorf Gro\u00dfes Walsertal\u201c\" width=\"632\" height=\"373\" srcset=\"https:\/\/www.vorarlberger-walservereinigung.at\/vwvwp\/wp-content\/uploads\/2024\/02\/WH114_Chroniken-7.jpg 632w, https:\/\/www.vorarlberger-walservereinigung.at\/vwvwp\/wp-content\/uploads\/2024\/02\/WH114_Chroniken-7-300x177.jpg 300w, https:\/\/www.vorarlberger-walservereinigung.at\/vwvwp\/wp-content\/uploads\/2024\/02\/WH114_Chroniken-7-150x89.jpg 150w\" sizes=\"auto, (max-width: 632px) 100vw, 632px\" \/><figcaption id=\"caption-attachment-17664\" class=\"wp-caption-text\">Das Jubil\u00e4um \u201e15 Jahre Bergsteigerdorf Gro\u00dfes Walsertal\u201c wurde unter anderem mit einer Sonderausstellung im Wisswak des Alpenverein Vorarlberg und einer Jubil\u00e4umswanderung ins Gadental gefeiert. Vertreterinnen und Vertreter der Bergsteigerdorf-Partnerbetriebe sowie des Biosph\u00e4renparks haben einen Bergsteigerdorf-Schilderbaum errichtet.<\/figcaption><\/figure>\n<h3>Forschung<\/h3>\n<p>Das Projekt MultiBios wurde gestartet. Das Forschungsprojekt von CIPRA und der Universit\u00e4t f\u00fcr Bodenkultur befasst sich mit den multiplen&nbsp; klimawandelbedingten Risiken, mit Fokus auf wassergebundene Risikofaktoren wie Hochw\u00e4sser, Trockenheit, Lawinen und Muren.<\/p>\n<p>Das Projekt \u201eAlpanach\u201c befasst sich mit der Bewertung von Ver\u00e4nderungen auf Alpfl\u00e4chen.<\/p>\n<p>Der ausf\u00fchrliche Jahresbericht der Biosph\u00e4renparkregion Gro\u00dfes Walsertal erscheint j\u00e4hrlich zur Jahreshauptversammlung Ende Mai.<\/p>\n<h3>Jubil\u00e4en regionaler Vereine und Einrichtungen<\/h3>\n<h4>10 Jahre Familienverband<\/h4>\n<p>2013 entstand aus der Eltern-Kind- Gruppe der gemeinn\u00fctzige Verein Familienverband Gro\u00dfes Walsertal. Ziel ist es, die Interessen der Familien im Gro\u00dfen Walsertal zu vertreten sowie einen Beitrag zu leisten, die Region familienfreundlich zu gestalten und besonders die Kinder zu f\u00f6rdern. Insgesamt konnten bisher den \u00fcber 150 Mitgliedern 372 Veranstaltungen von sportlich bis kreativ geboten werden.<\/p>\n<figure id=\"attachment_17665\" aria-describedby=\"caption-attachment-17665\" style=\"width: 632px\" class=\"wp-caption aligncenter\"><img loading=\"lazy\" decoding=\"async\" class=\"wp-image-17665 size-full\" src=\"https:\/\/www.vorarlberger-walservereinigung.at\/vwvwp\/wp-content\/uploads\/2024\/02\/WH114_Chroniken-8.jpg\" alt=\"Quellursprung des Lutzbach in L\u00e4gazun\" width=\"632\" height=\"374\" srcset=\"https:\/\/www.vorarlberger-walservereinigung.at\/vwvwp\/wp-content\/uploads\/2024\/02\/WH114_Chroniken-8.jpg 632w, https:\/\/www.vorarlberger-walservereinigung.at\/vwvwp\/wp-content\/uploads\/2024\/02\/WH114_Chroniken-8-300x178.jpg 300w, https:\/\/www.vorarlberger-walservereinigung.at\/vwvwp\/wp-content\/uploads\/2024\/02\/WH114_Chroniken-8-150x89.jpg 150w\" sizes=\"auto, (max-width: 632px) 100vw, 632px\" \/><figcaption id=\"caption-attachment-17665\" class=\"wp-caption-text\">Die Suche nach der Quelle des Lutzbachs begann beim Walserherbst schon bei der Fahrt mit dem Alpbus auf die Metzgertobel Alpe. Von dort aus nahm Clownin Martha zusammen mit wanderfreudigen Familien Witterung auf, setzte ein Bein vor das andere und kam dem Ursprung der Quelle auf die Spur. Auf L\u00e4gazun, auf zirka 2.100 m H\u00f6he, sprudeln diese als kleine Wasserf\u00e4lle aus dem Bergmassiv. Mit den F\u00fc\u00dfen im k\u00fchlen Gebirgsbach konnten die Teilnehmerinnen und Teilnehmer das Naturschauspiel bestaunen.<\/figcaption><\/figure>\n<h4>20 Jahre Musikschule Blumenegg\u2013 Gro\u00dfes Walsertal<\/h4>\n<p>Die Erfolgsgeschichte der Musikschule Blumenegg-Gro\u00dfes Walsertal begann im ersten Jahr mit 114 Sch\u00fclerinnen und Sch\u00fclern. Im vergangen Schuljahr 2022\/23 waren es 581 Sch\u00fcler, die von 28 Lehrerinnen und Lehrern in 31 Instrumenten mit 314 Unterrichtsstunden je Woche unterrichtet wurden. Zusammen mit Vertretern der Mitgliedsgemeinden Blons, Fontanella, Ludesch, Raggal, St. Gerold, Sonntag, Th\u00fcringen und Th\u00fcringerberg wurde der Anlass mit einer Festmesse&nbsp; und einem Festakt in der Propstei St. Gerold geb\u00fchrend gefeiert.<\/p>\n<h4>30 Jahre Krankenpflegeverein<\/h4>\n<p>Am 26. M\u00e4rz konnte der Krankenpflegeverein Gro\u00dfes Walsertal sein 30 Jahre Jubil\u00e4um begehen.<\/p>\n<figure id=\"attachment_17666\" aria-describedby=\"caption-attachment-17666\" style=\"width: 313px\" class=\"wp-caption alignleft\"><img loading=\"lazy\" decoding=\"async\" class=\"wp-image-17666 size-full\" src=\"https:\/\/www.vorarlberger-walservereinigung.at\/vwvwp\/wp-content\/uploads\/2024\/02\/WH114_Chroniken-9.jpg\" alt=\"\u201eTenores di Thiesi\u201c und das Hirtentrio \u201eTre Pastori Sardi\u201c\" width=\"313\" height=\"361\" srcset=\"https:\/\/www.vorarlberger-walservereinigung.at\/vwvwp\/wp-content\/uploads\/2024\/02\/WH114_Chroniken-9.jpg 313w, https:\/\/www.vorarlberger-walservereinigung.at\/vwvwp\/wp-content\/uploads\/2024\/02\/WH114_Chroniken-9-260x300.jpg 260w, https:\/\/www.vorarlberger-walservereinigung.at\/vwvwp\/wp-content\/uploads\/2024\/02\/WH114_Chroniken-9-130x150.jpg 130w\" sizes=\"auto, (max-width: 313px) 100vw, 313px\" \/><figcaption id=\"caption-attachment-17666\" class=\"wp-caption-text\">Die sardische Musiktradition \u201eCanto a Tenore\u201c z\u00e4hlt seit 2018 zum Immateriellen Kulturerbe der Menschheit. Durch die Unterst\u00fctzung von Josef A. Amann aus Schnifis gelang es den Walserherbst-Kuratoren, die \u201eTenores di Thiesi\u201c und das Hirtentrio \u201eTre Pastori Sardi\u201c ins Gro\u00dfe Walsertal und nach Dam\u00fcls zu bringen.<\/figcaption><\/figure>\n<h4>10. Walserherbst Festival<\/h4>\n<p>Seit 2004 verbindet der Walserherbst im Zweijahresrhythmus gelebte Tradition mit zeitgen\u00f6ssischer Kunst vor der beeindruckenden Kulisse des UNESCO Biosph\u00e4renparks. Vom 17. August bis 10. September 2023 war es wieder soweit. Die zehnte Ausgabe des Festivals lud mit neuen Formaten wie den \u201eWirtshausgespr\u00e4chen\u201c zum gemeinsamen Diskutieren und Essen in tempor\u00e4re Wirtsh\u00e4user. An der langen Tafel am Dorfplatz wurde fein gespeist.<\/p>\n<p>In drei Festivalwochen mit 45 Veranstaltungen konnten eine F\u00fclle an gro\u00dfartigen K\u00fcnstlerinnen und K\u00fcnstlern ins Tal eingeladen werden. So beindruckte der Schweizer Jazz- und Improvisationsk\u00fcnstler Julian Sartorius zur Er\u00f6ffnung mit seiner Kuhglocken-Performance.<\/p>\n<p>Das Abschlussfest der Radix Musikwerkstatt verwandelte den Dorfplatz von Raggal f\u00fcr einen lauen Sommerabend in eine Klangwolke mit Gesang und Tanz.<\/p>\n<p>Dr. Guntram Plangg konnte in Begleitung r\u00e4toromanischer Lieder das R\u00e4toromanische Flurnamenbuch des Gro\u00dfen Walsertales vorstellen.<\/p>\n<p>Fixer Bestandteil des Walserherbstes sind Ausstellungen. 2023 beispielsweise jene von Nikolaus Walter, Heidi Comploj und anderen sowie die Gruppenausstellung der Scheune Lehen.<\/p>\n<p>Nicht fehlen darf Clownin Martha Laschkolnig, wenn Walserherbstzeit ist. Im Rahmen ihrer Jubil\u00e4ums Post Produktion waren Bev\u00f6lkerung wie Festivalbesucher eingeladen, ihre pers\u00f6nlichen Erinnerungen und Geschichten aus fast 20 Jahren Walserherbst in eigens platzierte Briefk\u00e4sten einzuwerfen. Zudem begab sie sich auf Quellensuche.<\/p>\n<figure id=\"attachment_17667\" aria-describedby=\"caption-attachment-17667\" style=\"width: 314px\" class=\"wp-caption alignright\"><img loading=\"lazy\" decoding=\"async\" class=\"size-full wp-image-17667\" src=\"https:\/\/www.vorarlberger-walservereinigung.at\/vwvwp\/wp-content\/uploads\/2024\/02\/WH114_Chroniken-10.jpg\" alt=\"Rauminstallation zur Lawinenkatastrophe von Blons\" width=\"314\" height=\"362\" srcset=\"https:\/\/www.vorarlberger-walservereinigung.at\/vwvwp\/wp-content\/uploads\/2024\/02\/WH114_Chroniken-10.jpg 314w, https:\/\/www.vorarlberger-walservereinigung.at\/vwvwp\/wp-content\/uploads\/2024\/02\/WH114_Chroniken-10-260x300.jpg 260w, https:\/\/www.vorarlberger-walservereinigung.at\/vwvwp\/wp-content\/uploads\/2024\/02\/WH114_Chroniken-10-130x150.jpg 130w\" sizes=\"auto, (max-width: 314px) 100vw, 314px\" \/><figcaption id=\"caption-attachment-17667\" class=\"wp-caption-text\">Mit der Rauminstallation und dem Buch \u201ebettfederleicht<br \/>\ntief unten im Schnee\u201c hat Dokumentarfotografin<br \/>\nSarah Schneider die Lawinenkatastrophe<br \/>\nvon Blons, die sich 2024 zum 70. Mal j\u00e4hrt,<br \/>\naufgearbeitet.<\/figcaption><\/figure>\n<p>Eine feine Auswahl an Dokumentarfilmen sowie die Vorf\u00fchrung des Animationsfilmes \u201eDer Blonser Engel\u201c rundeten die Festivalwochen ab.<\/p>\n<p>Mit einem H\u00f6rfenster in die musikalische Dorfkultur des Musikantendorfs Fontanella fand das Festival f\u00fcr dieses Mal seinen geb\u00fchrenden Abschluss. An diesem Abend konnte das Liederbuch f\u00fcr ein gutes Miteinander im UNESCO Biosph\u00e4renpark Gro\u00dfes Walsertal \u201eUf da Berga\u201c pr\u00e4sentiert werden.<\/p>\n<p>Schnell hatte es sich herumgesprochen: Wer ein Ticket m\u00f6chte, muss schnell sein. Nahezu alle Veranstaltungen waren bereits im Vorhinein ausgebucht. Dies und die unz\u00e4hligen begeisterten R\u00fcckmeldungen best\u00e4tigen die Arbeit der Kuratoren Dietmar Nigsch, Eugen Fulterer und Evelyn Fink-Mennel.<\/p>\n<p>Der Walserherbst: ein unterhaltsamer, nachhaltiger Impulsgeber f\u00fcr die Region mit vielen Fenstern in die Welt.<\/p>\n<hr>\n<p><em>Fotos und Text: Monika Bischof<\/em><\/p>\n","protected":false},"excerpt":{"rendered":"<p>Das Jahr 2023 im Gro\u00dfen Walsertal (mehr\u00a0&hellip;)<\/p>\n","protected":false},"author":1,"featured_media":0,"comment_status":"closed","ping_status":"closed","sticky":false,"template":"","format":"image","meta":{"ngg_post_thumbnail":0,"footnotes":""},"categories":[72],"tags":[763],"taetigkeiten":[],"chronik-jahre":[761],"chronik-gemeinden":[521],"walserheimat":[764],"gebiete":[],"superkategorien":[],"class_list":["post-17606","post","type-post","status-publish","format-image","hentry","category-chroniken","tag-763","post_format-post-format-image","chronik-jahre-761","chronik-gemeinden-grosses-walsertal","walserheimat-wh114"],"_links":{"self":[{"href":"https:\/\/www.vorarlberger-walservereinigung.at\/vwvwp\/wp-json\/wp\/v2\/posts\/17606","targetHints":{"allow":["GET"]}}],"collection":[{"href":"https:\/\/www.vorarlberger-walservereinigung.at\/vwvwp\/wp-json\/wp\/v2\/posts"}],"about":[{"href":"https:\/\/www.vorarlberger-walservereinigung.at\/vwvwp\/wp-json\/wp\/v2\/types\/post"}],"author":[{"embeddable":true,"href":"https:\/\/www.vorarlberger-walservereinigung.at\/vwvwp\/wp-json\/wp\/v2\/users\/1"}],"replies":[{"embeddable":true,"href":"https:\/\/www.vorarlberger-walservereinigung.at\/vwvwp\/wp-json\/wp\/v2\/comments?post=17606"}],"version-history":[{"count":10,"href":"https:\/\/www.vorarlberger-walservereinigung.at\/vwvwp\/wp-json\/wp\/v2\/posts\/17606\/revisions"}],"predecessor-version":[{"id":17951,"href":"https:\/\/www.vorarlberger-walservereinigung.at\/vwvwp\/wp-json\/wp\/v2\/posts\/17606\/revisions\/17951"}],"wp:attachment":[{"href":"https:\/\/www.vorarlberger-walservereinigung.at\/vwvwp\/wp-json\/wp\/v2\/media?parent=17606"}],"wp:term":[{"taxonomy":"category","embeddable":true,"href":"https:\/\/www.vorarlberger-walservereinigung.at\/vwvwp\/wp-json\/wp\/v2\/categories?post=17606"},{"taxonomy":"post_tag","embeddable":true,"href":"https:\/\/www.vorarlberger-walservereinigung.at\/vwvwp\/wp-json\/wp\/v2\/tags?post=17606"},{"taxonomy":"taetigkeiten","embeddable":true,"href":"https:\/\/www.vorarlberger-walservereinigung.at\/vwvwp\/wp-json\/wp\/v2\/taetigkeiten?post=17606"},{"taxonomy":"chronik-jahre","embeddable":true,"href":"https:\/\/www.vorarlberger-walservereinigung.at\/vwvwp\/wp-json\/wp\/v2\/chronik-jahre?post=17606"},{"taxonomy":"chronik-gemeinden","embeddable":true,"href":"https:\/\/www.vorarlberger-walservereinigung.at\/vwvwp\/wp-json\/wp\/v2\/chronik-gemeinden?post=17606"},{"taxonomy":"walserheimat","embeddable":true,"href":"https:\/\/www.vorarlberger-walservereinigung.at\/vwvwp\/wp-json\/wp\/v2\/walserheimat?post=17606"},{"taxonomy":"gebiete","embeddable":true,"href":"https:\/\/www.vorarlberger-walservereinigung.at\/vwvwp\/wp-json\/wp\/v2\/gebiete?post=17606"},{"taxonomy":"superkategorien","embeddable":true,"href":"https:\/\/www.vorarlberger-walservereinigung.at\/vwvwp\/wp-json\/wp\/v2\/superkategorien?post=17606"}],"curies":[{"name":"wp","href":"https:\/\/api.w.org\/{rel}","templated":true}]}}