{"id":17589,"date":"2024-02-21T14:41:17","date_gmt":"2024-02-21T13:41:17","guid":{"rendered":"https:\/\/www.vorarlberger-walservereinigung.at\/vwvwp\/?p=17589"},"modified":"2024-02-28T17:17:44","modified_gmt":"2024-02-28T16:17:44","slug":"chronik-2023-buerserberg","status":"publish","type":"post","link":"https:\/\/www.vorarlberger-walservereinigung.at\/vwvwp\/chronik-2023-buerserberg\/","title":{"rendered":"Chronik 2023 B\u00fcrserberg"},"content":{"rendered":"<h2><img loading=\"lazy\" decoding=\"async\" class=\"alignleft wp-image-1081\" src=\"https:\/\/www.vorarlberger-walservereinigung.at\/vwvwp\/wp-content\/uploads\/2015\/06\/buerserberg.gif\" alt=\"\" width=\"150\" height=\"171\">Das Jahr 2023 in der Gemeinde <a href=\"https:\/\/www.vorarlberger-walservereinigung.at\/vwvwp\/?p=694\">B\u00fcrserberg<\/a><\/h2>\n<p><!--more--><\/p>\n<p>Das Jahr 2023 hat so vieles f\u00fcr die Gemeinde gebracht, dass der zur Verf\u00fcgung stehende Raum in der Walserheimat nur einen kurzen \u00dcberblick erlaubt.<\/p>\n<p>Das Wettergeschehen hat im w\u00e4rmsten Jahr der Messgeschichte nat\u00fcrlich auch bei uns Spuren hinterlassen. Aber es waren weder Trockenheit noch besondere Niederschlagsmengen zu verzeichnen.<\/p>\n<p>Der starke Schneefall Anfang Dezember 2023 verzauberte die Landschaft wie im M\u00e4rchen und lie\u00df erwarten, dass eine ungest\u00f6rte Wintersaison starten kann. Doch bereits nach zwei Wochen waren die Hoffnungen sehr ged\u00e4mpft.<\/p>\n<p>Der durch Corona entstandene R\u00fcckstau von Festveranstaltungen hat dieses Jahr eine Reihe von Jubil\u00e4en gebracht. Mit drei Jahren Versp\u00e4tung wurde am 13. Juli im Rahmen eines kleinen Festes beim Museum \u201eB\u00fcrserberg \u2013 250 Jahre selbstst\u00e4ndige Gemeinde\u201c gefeiert. Die Historiker Mag. Christof Th\u00f6ny und Dr. Manfred Tschaikner gaben einen Abriss \u00fcber diesen m\u00fchsamen Werdegang in die Selbstst\u00e4ndigkeit.<\/p>\n<p>Am 7. Juni feierte unsere Dorfmusik unter Obmann Elias Fritsche das Fest ihres 70-j\u00e4hrigen Bestehens mit einem gro\u00dfartigen Konzert unter Leitung von Kapellmeister Bitschnau im Gemeindesaal von Brand und den Ehrungen der langj\u00e4hrigen Mitglieder. Der Auftrittskalender im Jahreslauf unterstreicht die kulturelle Bedeutung der Musik f\u00fcr unser Dorf.<\/p>\n<p>Die Chorgemeinschaft Cantemus feierte am 13. und 14. Oktober unter Obmann Josef Fritsche ihr 25-j\u00e4hriges Bestehen. Das Konzert \u201eEin Fest der Freude mit Freunden\u201c war ebenfalls im Gemeindesaal von Brand unter Leitung von Philipp Nesensohn ein gro\u00dfer Erfolg.<\/p>\n<p>Am 5. Februar hat der langj\u00e4hrige Kommandant der Feuerwehr, Ernst Wehinger, dieses Amt an seinen Sohn Thomas \u00fcbergeben. Ernst Wehinger war 48 Jahre Mitglied der Feuerwehr und 25 Jahre Kommandant. Die Ehrung f\u00fcr seine langj\u00e4hrige T\u00e4tigkeit im Dienst der Gemeinde fand im Rahmen der \u00dcbergabe und Segnung eines KLFA (Kleinl\u00f6schfahrzeug) am 7. Mai statt.<\/p>\n<figure id=\"attachment_17658\" aria-describedby=\"caption-attachment-17658\" style=\"width: 370px\" class=\"wp-caption aligncenter\"><img loading=\"lazy\" decoding=\"async\" class=\"wp-image-17658 size-full\" src=\"https:\/\/www.vorarlberger-walservereinigung.at\/vwvwp\/wp-content\/uploads\/2024\/02\/WH114_Chroniken-1.jpg\" alt=\"\" width=\"370\" height=\"463\" srcset=\"https:\/\/www.vorarlberger-walservereinigung.at\/vwvwp\/wp-content\/uploads\/2024\/02\/WH114_Chroniken-1.jpg 370w, https:\/\/www.vorarlberger-walservereinigung.at\/vwvwp\/wp-content\/uploads\/2024\/02\/WH114_Chroniken-1-240x300.jpg 240w, https:\/\/www.vorarlberger-walservereinigung.at\/vwvwp\/wp-content\/uploads\/2024\/02\/WH114_Chroniken-1-120x150.jpg 120w\" sizes=\"auto, (max-width: 370px) 100vw, 370px\" \/><figcaption id=\"caption-attachment-17658\" class=\"wp-caption-text\">Zum Gedenkjahr \u201e175 Jahre Erstbesteigung der Zimba\u201c wurde von B\u00fcrserberg ein neues Kreuz f\u00fcr die Zimba organisiert. Die Weihe fand am 15. August beim traditionellen Alpfest auf der Alpe Rona statt. Hunderte Menschen erlebten ein emotionales Feuerwerk, als dieses Kreuz direkt nach der Weihe vom Hubschrauber nach einer gro\u00dfen Runde um den Festplatz auf den Gipfel geflogen wurde. Die Bergrettung Brand- B\u00fcrserberg hat die Montage und die Verankerung am Gipfel \u00fcbernommen. Das Kreuz tr\u00e4gt die Worte: \u201eHerr gib Frieden dieser Welt\u201c. Foto: Karl Fritsche<\/figcaption><\/figure>\n<p>Die Gr\u00fcnderin und langj\u00e4hrige Einsatzleiterin des Mobilen Hilfsdienstes Martha Fritsche hat diese Aufgabe an Esther Berlinger \u00fcbergeben. F\u00fcr ihr langj\u00e4hriges Engagement und ihre Bereitschaft, immer und \u00fcberall zu helfen, wurde ihr bei der Weihnachtsfeier der Gemeinde geb\u00fchrend gedankt.<\/p>\n<p>Das Fest \u201e40 Jahre Partnerschaft Durbach &#8211; B\u00fcrserberg\u201c musste aus organisatorischen Gr\u00fcnden verschoben werden.<\/p>\n<p>Der Bau der neuen Loischbahn verz\u00f6gert sich nach Einspr\u00fcchen vom Naturschutz um ein weiteres Jahr. \u00dcber Jahrzehnte war der Auerhahn am B\u00fcrserberg nicht mehr gesehen worden. Seit drei Jahren ist er wieder pr\u00e4sent, und nun wurde er zur zentralen Frage f\u00fcr die Entscheidung zwischen Naturschutz und Sommer-&nbsp; bzw. Wintertourismus.<\/p>\n<p>Die Volksschule besuchen derzeit 36 Kinder. In der Kinderbetreuung sind zurzeit bis zu 28 Kinder. Die Einwohnerzahl stieg im vergangenen Jahr auf 576 Personen.<\/p>\n<h3>Geburten<\/h3>\n<p>Mika Lea, Eltern Kim und Philipp Kettner<br \/>\nJonas, Eltern Isabel Vonbun und Pascal Jenny<br \/>\nNoah, Eltern Jasmin Frainer und Andreas Wehinger<\/p>\n<h3>Sterbef\u00e4lle<\/h3>\n<p>Josef Wehinger, Jg. 1942<br \/>\nIrma M\u00fcller, Jg. 1928<br \/>\nHubert Pretterhofer, Jg. 1941<br \/>\nHelmut Koch, Jg. 1943<\/p>\n<hr>\n<p>Karl Fritsche<\/p>\n<p><\/p>\n","protected":false},"excerpt":{"rendered":"<p>Das Jahr 2023 in der Gemeinde B\u00fcrserberg (mehr\u00a0&hellip;)<\/p>\n","protected":false},"author":1,"featured_media":0,"comment_status":"closed","ping_status":"closed","sticky":false,"template":"","format":"image","meta":{"ngg_post_thumbnail":0,"footnotes":""},"categories":[72],"tags":[763],"taetigkeiten":[],"chronik-jahre":[761],"chronik-gemeinden":[385],"walserheimat":[764],"gebiete":[],"superkategorien":[],"class_list":["post-17589","post","type-post","status-publish","format-image","hentry","category-chroniken","tag-763","post_format-post-format-image","chronik-jahre-761","chronik-gemeinden-buerserberg","walserheimat-wh114"],"_links":{"self":[{"href":"https:\/\/www.vorarlberger-walservereinigung.at\/vwvwp\/wp-json\/wp\/v2\/posts\/17589","targetHints":{"allow":["GET"]}}],"collection":[{"href":"https:\/\/www.vorarlberger-walservereinigung.at\/vwvwp\/wp-json\/wp\/v2\/posts"}],"about":[{"href":"https:\/\/www.vorarlberger-walservereinigung.at\/vwvwp\/wp-json\/wp\/v2\/types\/post"}],"author":[{"embeddable":true,"href":"https:\/\/www.vorarlberger-walservereinigung.at\/vwvwp\/wp-json\/wp\/v2\/users\/1"}],"replies":[{"embeddable":true,"href":"https:\/\/www.vorarlberger-walservereinigung.at\/vwvwp\/wp-json\/wp\/v2\/comments?post=17589"}],"version-history":[{"count":6,"href":"https:\/\/www.vorarlberger-walservereinigung.at\/vwvwp\/wp-json\/wp\/v2\/posts\/17589\/revisions"}],"predecessor-version":[{"id":17930,"href":"https:\/\/www.vorarlberger-walservereinigung.at\/vwvwp\/wp-json\/wp\/v2\/posts\/17589\/revisions\/17930"}],"wp:attachment":[{"href":"https:\/\/www.vorarlberger-walservereinigung.at\/vwvwp\/wp-json\/wp\/v2\/media?parent=17589"}],"wp:term":[{"taxonomy":"category","embeddable":true,"href":"https:\/\/www.vorarlberger-walservereinigung.at\/vwvwp\/wp-json\/wp\/v2\/categories?post=17589"},{"taxonomy":"post_tag","embeddable":true,"href":"https:\/\/www.vorarlberger-walservereinigung.at\/vwvwp\/wp-json\/wp\/v2\/tags?post=17589"},{"taxonomy":"taetigkeiten","embeddable":true,"href":"https:\/\/www.vorarlberger-walservereinigung.at\/vwvwp\/wp-json\/wp\/v2\/taetigkeiten?post=17589"},{"taxonomy":"chronik-jahre","embeddable":true,"href":"https:\/\/www.vorarlberger-walservereinigung.at\/vwvwp\/wp-json\/wp\/v2\/chronik-jahre?post=17589"},{"taxonomy":"chronik-gemeinden","embeddable":true,"href":"https:\/\/www.vorarlberger-walservereinigung.at\/vwvwp\/wp-json\/wp\/v2\/chronik-gemeinden?post=17589"},{"taxonomy":"walserheimat","embeddable":true,"href":"https:\/\/www.vorarlberger-walservereinigung.at\/vwvwp\/wp-json\/wp\/v2\/walserheimat?post=17589"},{"taxonomy":"gebiete","embeddable":true,"href":"https:\/\/www.vorarlberger-walservereinigung.at\/vwvwp\/wp-json\/wp\/v2\/gebiete?post=17589"},{"taxonomy":"superkategorien","embeddable":true,"href":"https:\/\/www.vorarlberger-walservereinigung.at\/vwvwp\/wp-json\/wp\/v2\/superkategorien?post=17589"}],"curies":[{"name":"wp","href":"https:\/\/api.w.org\/{rel}","templated":true}]}}