{"id":13854,"date":"2017-10-26T23:10:16","date_gmt":"2017-10-26T21:10:16","guid":{"rendered":"http:\/\/www.vorarlberger-walservereinigung.at\/vwvwp\/?p=13854"},"modified":"2024-03-10T15:13:48","modified_gmt":"2024-03-10T14:13:48","slug":"der-koerbersee-ist-schoenster-platz-oesterreichs","status":"publish","type":"post","link":"https:\/\/www.vorarlberger-walservereinigung.at\/vwvwp\/der-koerbersee-ist-schoenster-platz-oesterreichs\/","title":{"rendered":"Der K\u00f6rbersee ist sch\u00f6nster Platz \u00d6sterreichs"},"content":{"rendered":"\n<div class=\"wp-block-media-text is-stacked-on-mobile\"><figure class=\"wp-block-media-text__media\"><img loading=\"lazy\" decoding=\"async\" width=\"540\" height=\"405\" src=\"https:\/\/www.vorarlberger-walservereinigung.at\/vwvwp\/wp-content\/uploads\/2017\/05\/koerbersee.jpg\" alt=\"\" class=\"wp-image-11789 size-full\" srcset=\"https:\/\/www.vorarlberger-walservereinigung.at\/vwvwp\/wp-content\/uploads\/2017\/05\/koerbersee.jpg 540w, https:\/\/www.vorarlberger-walservereinigung.at\/vwvwp\/wp-content\/uploads\/2017\/05\/koerbersee-300x225.jpg 300w, https:\/\/www.vorarlberger-walservereinigung.at\/vwvwp\/wp-content\/uploads\/2017\/05\/koerbersee-150x113.jpg 150w\" sizes=\"auto, (max-width: 540px) 100vw, 540px\" \/><\/figure><div class=\"wp-block-media-text__content\">\n<p class=\"has-text-align-left\">Der K\u00f6rbersee in <a href=\"https:\/\/www.vorarlberger-walservereinigung.at\/vwvwp\/schroecken\/\">Schr\u00f6cken <\/a>hat am 26. Oktober 2017 Vorarlberg bei der \u00f6sterreichweiten ORF-Show \u201e9 Pl\u00e4tze \u2013 9 Sch\u00e4tze\u201c vertreten und wurde zum sch\u00f6nsten Platz Vorarlbergs gek\u00fcrt.<\/p>\n\n\n\n<p>Wer diesen Schatz finden m\u00f6chte, muss das Auto stehen lassen: Zum K\u00f6rbersee kommt man im Winter am einfachsten auf Skiern und im Sommer zu Fu\u00df. Der Weg f\u00fchrt durch eine idyllische Bergwelt &#8211; bis sich hinter einer Kuppe der Blick auf den See auftut.<\/p>\n<\/div><\/div>\n\n\n\n<!--more-->\n\n\n\n<p>Der K\u00f6rbersee liegt inmitten der Lechtaler Alpen, s\u00fcdwestlich des Hochtannbergpasses auf 1.656 Meter Seeh\u00f6he. Umgeben ist er von m\u00e4chtigen Bergen: Auf der einen Seite besticht die Braunarlgruppe, links daneben die Juppenspitze und schr\u00e4g gegen\u00fcber, im Norden, ragt der Widderstein empor.<\/p>\n\n\n\n<p>Der See erstreckt sich \u00fcber eine Fl\u00e4che von rund drei Hektar, an der tiefsten Stelle misst er acht Meter. Das Wasser ist klar, baden ist erlaubt und der See hat Trinkwasserqualit\u00e4t. Das Gebiet rund um den K\u00f6rbersee steht unter Naturschutz, in diesem subalpinen Klima gedeihen viele seltene Pflanzen.<\/p>\n","protected":false},"excerpt":{"rendered":"<p>Der K\u00f6rbersee in Schr\u00f6cken hat am 26. Oktober 2017 Vorarlberg bei der \u00f6sterreichweiten ORF-Show \u201e9 Pl\u00e4tze \u2013 9 Sch\u00e4tze\u201c vertreten und wurde zum sch\u00f6nsten Platz Vorarlbergs gek\u00fcrt. Wer diesen Schatz finden m\u00f6chte, muss das Auto stehen lassen: Zum K\u00f6rbersee kommt man im Winter am einfachsten auf Skiern und im Sommer zu Fu\u00df. Der Weg f\u00fchrt [&#8230;]<\/p>\n","protected":false},"author":9,"featured_media":11789,"comment_status":"closed","ping_status":"closed","sticky":false,"template":"","format":"standard","meta":{"ngg_post_thumbnail":0,"footnotes":""},"categories":[1],"tags":[],"taetigkeiten":[],"chronik-jahre":[],"chronik-gemeinden":[],"walserheimat":[],"gebiete":[],"superkategorien":[644],"class_list":["post-13854","post","type-post","status-publish","format-standard","has-post-thumbnail","hentry","category-allgemein","superkategorien-fernsehen"],"_links":{"self":[{"href":"https:\/\/www.vorarlberger-walservereinigung.at\/vwvwp\/wp-json\/wp\/v2\/posts\/13854","targetHints":{"allow":["GET"]}}],"collection":[{"href":"https:\/\/www.vorarlberger-walservereinigung.at\/vwvwp\/wp-json\/wp\/v2\/posts"}],"about":[{"href":"https:\/\/www.vorarlberger-walservereinigung.at\/vwvwp\/wp-json\/wp\/v2\/types\/post"}],"author":[{"embeddable":true,"href":"https:\/\/www.vorarlberger-walservereinigung.at\/vwvwp\/wp-json\/wp\/v2\/users\/9"}],"replies":[{"embeddable":true,"href":"https:\/\/www.vorarlberger-walservereinigung.at\/vwvwp\/wp-json\/wp\/v2\/comments?post=13854"}],"version-history":[{"count":6,"href":"https:\/\/www.vorarlberger-walservereinigung.at\/vwvwp\/wp-json\/wp\/v2\/posts\/13854\/revisions"}],"predecessor-version":[{"id":18924,"href":"https:\/\/www.vorarlberger-walservereinigung.at\/vwvwp\/wp-json\/wp\/v2\/posts\/13854\/revisions\/18924"}],"wp:featuredmedia":[{"embeddable":true,"href":"https:\/\/www.vorarlberger-walservereinigung.at\/vwvwp\/wp-json\/wp\/v2\/media\/11789"}],"wp:attachment":[{"href":"https:\/\/www.vorarlberger-walservereinigung.at\/vwvwp\/wp-json\/wp\/v2\/media?parent=13854"}],"wp:term":[{"taxonomy":"category","embeddable":true,"href":"https:\/\/www.vorarlberger-walservereinigung.at\/vwvwp\/wp-json\/wp\/v2\/categories?post=13854"},{"taxonomy":"post_tag","embeddable":true,"href":"https:\/\/www.vorarlberger-walservereinigung.at\/vwvwp\/wp-json\/wp\/v2\/tags?post=13854"},{"taxonomy":"taetigkeiten","embeddable":true,"href":"https:\/\/www.vorarlberger-walservereinigung.at\/vwvwp\/wp-json\/wp\/v2\/taetigkeiten?post=13854"},{"taxonomy":"chronik-jahre","embeddable":true,"href":"https:\/\/www.vorarlberger-walservereinigung.at\/vwvwp\/wp-json\/wp\/v2\/chronik-jahre?post=13854"},{"taxonomy":"chronik-gemeinden","embeddable":true,"href":"https:\/\/www.vorarlberger-walservereinigung.at\/vwvwp\/wp-json\/wp\/v2\/chronik-gemeinden?post=13854"},{"taxonomy":"walserheimat","embeddable":true,"href":"https:\/\/www.vorarlberger-walservereinigung.at\/vwvwp\/wp-json\/wp\/v2\/walserheimat?post=13854"},{"taxonomy":"gebiete","embeddable":true,"href":"https:\/\/www.vorarlberger-walservereinigung.at\/vwvwp\/wp-json\/wp\/v2\/gebiete?post=13854"},{"taxonomy":"superkategorien","embeddable":true,"href":"https:\/\/www.vorarlberger-walservereinigung.at\/vwvwp\/wp-json\/wp\/v2\/superkategorien?post=13854"}],"curies":[{"name":"wp","href":"https:\/\/api.w.org\/{rel}","templated":true}]}}