{"id":1296,"date":"2015-07-22T22:06:58","date_gmt":"2015-07-22T20:06:58","guid":{"rendered":"http:\/\/www.wordpress.vorarlberger-walservereinigung.at\/?p=1296"},"modified":"2023-03-22T13:29:27","modified_gmt":"2023-03-22T12:29:27","slug":"mag-mag-verena-gillard-fritz","status":"publish","type":"post","link":"https:\/\/www.vorarlberger-walservereinigung.at\/vwvwp\/mag-mag-verena-gillard-fritz\/","title":{"rendered":"Gillard-Fritz, Verena Mag. Mag."},"content":{"rendered":"<h4><img loading=\"lazy\" decoding=\"async\" class=\"alignleft wp-image-11114\" src=\"https:\/\/www.vorarlberger-walservereinigung.at\/vwvwp\/wp-content\/uploads\/2015\/07\/vgillard-150x150.jpg\" width=\"120\" height=\"115\" srcset=\"https:\/\/www.vorarlberger-walservereinigung.at\/vwvwp\/wp-content\/uploads\/2015\/07\/vgillard-150x143.jpg 150w, https:\/\/www.vorarlberger-walservereinigung.at\/vwvwp\/wp-content\/uploads\/2015\/07\/vgillard.jpg 158w\" sizes=\"auto, (max-width: 120px) 100vw, 120px\" \/>Redakteurin der Walserheimat<\/h4>\n<p>Im Wingat 2<br \/>\nA-6901 Bregenz<br \/>\nTel. u. Fax +43 5574 70097<br \/>\n<a href=\"mailto:verena@gillard.at\">verena@gillard.at<\/a><\/p>\n<p align=\"LEFT\">AHS-Lehrerin f\u00fcr Musik und Englisch i. R., Chorleiterin, Komponistin und Arrangeurin f\u00fcr Chormusik. Sie ist stellvertretende Chefredakteurin.<\/p>\n<p><em>&#8222;Oobacht g\u00e4\u00e4 uf ds F\u00fc\u00fcr, ned uf d \u00c4scha.&#8220;<\/em><\/p>\n","protected":false},"excerpt":{"rendered":"<p>Redakteurin der Walserheimat Im Wingat 2 A-6901 Bregenz Tel. u. Fax +43 5574 70097 verena@gillard.at AHS-Lehrerin f\u00fcr Musik und Englisch i. R., Chorleiterin, Komponistin und Arrangeurin f\u00fcr Chormusik. Sie ist stellvertretende Chefredakteurin. &#8222;Oobacht g\u00e4\u00e4 uf ds F\u00fc\u00fcr, ned uf d \u00c4scha.&#8220;<\/p>\n","protected":false},"author":1,"featured_media":0,"comment_status":"closed","ping_status":"closed","sticky":false,"template":"","format":"image","meta":{"ngg_post_thumbnail":0,"footnotes":""},"categories":[340],"tags":[],"taetigkeiten":[365,362],"chronik-jahre":[],"chronik-gemeinden":[],"walserheimat":[],"gebiete":[],"superkategorien":[],"class_list":["post-1296","post","type-post","status-publish","format-image","hentry","category-personen","post_format-post-format-image","taetigkeiten-chefredaktion","taetigkeiten-redaktion"],"_links":{"self":[{"href":"https:\/\/www.vorarlberger-walservereinigung.at\/vwvwp\/wp-json\/wp\/v2\/posts\/1296","targetHints":{"allow":["GET"]}}],"collection":[{"href":"https:\/\/www.vorarlberger-walservereinigung.at\/vwvwp\/wp-json\/wp\/v2\/posts"}],"about":[{"href":"https:\/\/www.vorarlberger-walservereinigung.at\/vwvwp\/wp-json\/wp\/v2\/types\/post"}],"author":[{"embeddable":true,"href":"https:\/\/www.vorarlberger-walservereinigung.at\/vwvwp\/wp-json\/wp\/v2\/users\/1"}],"replies":[{"embeddable":true,"href":"https:\/\/www.vorarlberger-walservereinigung.at\/vwvwp\/wp-json\/wp\/v2\/comments?post=1296"}],"version-history":[{"count":15,"href":"https:\/\/www.vorarlberger-walservereinigung.at\/vwvwp\/wp-json\/wp\/v2\/posts\/1296\/revisions"}],"predecessor-version":[{"id":16747,"href":"https:\/\/www.vorarlberger-walservereinigung.at\/vwvwp\/wp-json\/wp\/v2\/posts\/1296\/revisions\/16747"}],"wp:attachment":[{"href":"https:\/\/www.vorarlberger-walservereinigung.at\/vwvwp\/wp-json\/wp\/v2\/media?parent=1296"}],"wp:term":[{"taxonomy":"category","embeddable":true,"href":"https:\/\/www.vorarlberger-walservereinigung.at\/vwvwp\/wp-json\/wp\/v2\/categories?post=1296"},{"taxonomy":"post_tag","embeddable":true,"href":"https:\/\/www.vorarlberger-walservereinigung.at\/vwvwp\/wp-json\/wp\/v2\/tags?post=1296"},{"taxonomy":"taetigkeiten","embeddable":true,"href":"https:\/\/www.vorarlberger-walservereinigung.at\/vwvwp\/wp-json\/wp\/v2\/taetigkeiten?post=1296"},{"taxonomy":"chronik-jahre","embeddable":true,"href":"https:\/\/www.vorarlberger-walservereinigung.at\/vwvwp\/wp-json\/wp\/v2\/chronik-jahre?post=1296"},{"taxonomy":"chronik-gemeinden","embeddable":true,"href":"https:\/\/www.vorarlberger-walservereinigung.at\/vwvwp\/wp-json\/wp\/v2\/chronik-gemeinden?post=1296"},{"taxonomy":"walserheimat","embeddable":true,"href":"https:\/\/www.vorarlberger-walservereinigung.at\/vwvwp\/wp-json\/wp\/v2\/walserheimat?post=1296"},{"taxonomy":"gebiete","embeddable":true,"href":"https:\/\/www.vorarlberger-walservereinigung.at\/vwvwp\/wp-json\/wp\/v2\/gebiete?post=1296"},{"taxonomy":"superkategorien","embeddable":true,"href":"https:\/\/www.vorarlberger-walservereinigung.at\/vwvwp\/wp-json\/wp\/v2\/superkategorien?post=1296"}],"curies":[{"name":"wp","href":"https:\/\/api.w.org\/{rel}","templated":true}]}}