{"id":1294,"date":"2015-07-22T22:05:24","date_gmt":"2015-07-22T20:05:24","guid":{"rendered":"http:\/\/www.wordpress.vorarlberger-walservereinigung.at\/?p=1294"},"modified":"2023-03-22T13:31:16","modified_gmt":"2023-03-22T12:31:16","slug":"jodok-mueller-b-a","status":"publish","type":"post","link":"https:\/\/www.vorarlberger-walservereinigung.at\/vwvwp\/jodok-mueller-b-a\/","title":{"rendered":"M\u00fcller, Jodok B.A."},"content":{"rendered":"<h4><img loading=\"lazy\" decoding=\"async\" class=\"wp-image-16547 size-medium alignleft\" title=\"Jodok M\u00fcller B.A.\" src=\"https:\/\/www.vorarlberger-walservereinigung.at\/vwvwp\/wp-content\/uploads\/2022\/08\/Jodok-300x249.jpg\" alt=\"Jodok M\u00fcller\" width=\"300\" height=\"249\" srcset=\"https:\/\/www.vorarlberger-walservereinigung.at\/vwvwp\/wp-content\/uploads\/2022\/08\/Jodok-300x249.jpg 300w, https:\/\/www.vorarlberger-walservereinigung.at\/vwvwp\/wp-content\/uploads\/2022\/08\/Jodok-1024x848.jpg 1024w, https:\/\/www.vorarlberger-walservereinigung.at\/vwvwp\/wp-content\/uploads\/2022\/08\/Jodok-768x636.jpg 768w, https:\/\/www.vorarlberger-walservereinigung.at\/vwvwp\/wp-content\/uploads\/2022\/08\/Jodok-1536x1273.jpg 1536w, https:\/\/www.vorarlberger-walservereinigung.at\/vwvwp\/wp-content\/uploads\/2022\/08\/Jodok-2048x1697.jpg 2048w, https:\/\/www.vorarlberger-walservereinigung.at\/vwvwp\/wp-content\/uploads\/2022\/08\/Jodok-150x124.jpg 150w, https:\/\/www.vorarlberger-walservereinigung.at\/vwvwp\/wp-content\/uploads\/2022\/08\/Jodok-600x497.jpg 600w\" sizes=\"auto, (max-width: 300px) 100vw, 300px\" \/>Chefredakteur der Walserheimat<\/h4>\n<p>K\u00f6pfleweg 7<br \/>\nA-6991 Riezlern<br \/>\nTel. +43 5517 5677<br \/>\n<a href=\"mailto:walserheimat@aon.at\">walserheimat@aon.at<\/a><\/p>\n<p>Jodok ist seit dem Sommer 2011 Chefredakteur der Walserheimat und seit 2018 au\u00dferdem Kassier der Vorarlberger Walservereinigung. Man trifft ihn oft in den Walser Bergen und im Winter in der Loipe.<\/p>\n<p align=\"LEFT\"><em>\u201eGeschichte, Kultur und Tradtitionen sind ein gro\u00dfes Lernfeld &#8211; das m\u00f6chte ich mit der Walserheimat den Leserinnen und Lesern n\u00e4herbringen.\u201c<\/em><\/p>\n","protected":false},"excerpt":{"rendered":"<p>Chefredakteur der Walserheimat K\u00f6pfleweg 7 A-6991 Riezlern Tel. +43 5517 5677 walserheimat@aon.at Jodok ist seit dem Sommer 2011 Chefredakteur der Walserheimat und seit 2018 au\u00dferdem Kassier der Vorarlberger Walservereinigung. Man trifft ihn oft in den Walser Bergen und im Winter in der Loipe. \u201eGeschichte, Kultur und Tradtitionen sind ein gro\u00dfes Lernfeld &#8211; das m\u00f6chte ich [&#8230;]<\/p>\n","protected":false},"author":1,"featured_media":16547,"comment_status":"closed","ping_status":"closed","sticky":false,"template":"","format":"image","meta":{"ngg_post_thumbnail":0,"footnotes":""},"categories":[340],"tags":[],"taetigkeiten":[365,362,672,543],"chronik-jahre":[],"chronik-gemeinden":[],"walserheimat":[],"gebiete":[],"superkategorien":[],"class_list":["post-1294","post","type-post","status-publish","format-image","has-post-thumbnail","hentry","category-personen","post_format-post-format-image","taetigkeiten-chefredaktion","taetigkeiten-redaktion","taetigkeiten-vorstand","taetigkeiten-webseite"],"_links":{"self":[{"href":"https:\/\/www.vorarlberger-walservereinigung.at\/vwvwp\/wp-json\/wp\/v2\/posts\/1294","targetHints":{"allow":["GET"]}}],"collection":[{"href":"https:\/\/www.vorarlberger-walservereinigung.at\/vwvwp\/wp-json\/wp\/v2\/posts"}],"about":[{"href":"https:\/\/www.vorarlberger-walservereinigung.at\/vwvwp\/wp-json\/wp\/v2\/types\/post"}],"author":[{"embeddable":true,"href":"https:\/\/www.vorarlberger-walservereinigung.at\/vwvwp\/wp-json\/wp\/v2\/users\/1"}],"replies":[{"embeddable":true,"href":"https:\/\/www.vorarlberger-walservereinigung.at\/vwvwp\/wp-json\/wp\/v2\/comments?post=1294"}],"version-history":[{"count":22,"href":"https:\/\/www.vorarlberger-walservereinigung.at\/vwvwp\/wp-json\/wp\/v2\/posts\/1294\/revisions"}],"predecessor-version":[{"id":16748,"href":"https:\/\/www.vorarlberger-walservereinigung.at\/vwvwp\/wp-json\/wp\/v2\/posts\/1294\/revisions\/16748"}],"wp:featuredmedia":[{"embeddable":true,"href":"https:\/\/www.vorarlberger-walservereinigung.at\/vwvwp\/wp-json\/wp\/v2\/media\/16547"}],"wp:attachment":[{"href":"https:\/\/www.vorarlberger-walservereinigung.at\/vwvwp\/wp-json\/wp\/v2\/media?parent=1294"}],"wp:term":[{"taxonomy":"category","embeddable":true,"href":"https:\/\/www.vorarlberger-walservereinigung.at\/vwvwp\/wp-json\/wp\/v2\/categories?post=1294"},{"taxonomy":"post_tag","embeddable":true,"href":"https:\/\/www.vorarlberger-walservereinigung.at\/vwvwp\/wp-json\/wp\/v2\/tags?post=1294"},{"taxonomy":"taetigkeiten","embeddable":true,"href":"https:\/\/www.vorarlberger-walservereinigung.at\/vwvwp\/wp-json\/wp\/v2\/taetigkeiten?post=1294"},{"taxonomy":"chronik-jahre","embeddable":true,"href":"https:\/\/www.vorarlberger-walservereinigung.at\/vwvwp\/wp-json\/wp\/v2\/chronik-jahre?post=1294"},{"taxonomy":"chronik-gemeinden","embeddable":true,"href":"https:\/\/www.vorarlberger-walservereinigung.at\/vwvwp\/wp-json\/wp\/v2\/chronik-gemeinden?post=1294"},{"taxonomy":"walserheimat","embeddable":true,"href":"https:\/\/www.vorarlberger-walservereinigung.at\/vwvwp\/wp-json\/wp\/v2\/walserheimat?post=1294"},{"taxonomy":"gebiete","embeddable":true,"href":"https:\/\/www.vorarlberger-walservereinigung.at\/vwvwp\/wp-json\/wp\/v2\/gebiete?post=1294"},{"taxonomy":"superkategorien","embeddable":true,"href":"https:\/\/www.vorarlberger-walservereinigung.at\/vwvwp\/wp-json\/wp\/v2\/superkategorien?post=1294"}],"curies":[{"name":"wp","href":"https:\/\/api.w.org\/{rel}","templated":true}]}}