{"id":1229,"date":"2015-07-19T21:19:45","date_gmt":"2015-07-19T19:19:45","guid":{"rendered":"http:\/\/www.wordpress.vorarlberger-walservereinigung.at\/?p=1229"},"modified":"2018-09-18T14:11:17","modified_gmt":"2018-09-18T12:11:17","slug":"josef-eberle","status":"publish","type":"post","link":"https:\/\/www.vorarlberger-walservereinigung.at\/vwvwp\/josef-eberle\/","title":{"rendered":"Eberle, Josef"},"content":{"rendered":"<p><img loading=\"lazy\" decoding=\"async\" class=\"alignleft wp-image-1198\" title=\"Josef Eberle\" src=\"https:\/\/www.vorarlberger-walservereinigung.at\/vwvwp\/wp-content\/uploads\/2017\/06\/eberle-josef.jpg\" width=\"110\" height=\"156\"><strong>Fachbeirat&nbsp;der Vorarlberger Walservereinigung<br \/>\nRedakteur der Walserheimat<br \/>\nChronist der Walserheimat f\u00fcr <a href=\"https:\/\/www.vorarlberger-walservereinigung.at\/vwvwp\/triesenberg\/\">Triesenberg<\/a><\/strong><\/p>\n<p>Bodastrasse 39<br \/>\nFL-9497 Triesenberg<br \/>\nTel. gesch.: +423 262 4859<br \/>\nNATEL +41&nbsp;79 960 6010<br \/>\n<a href=\"mailto:joeberle@powersurf.li\">joeberle@powersurf.li<\/a><\/p>\n<p>Josef war viele Jahre Leiter des Walsermuseums <a href=\"https:\/\/www.vorarlberger-walservereinigung.at\/vwvwp\/triesenberg\/\">Triesenberg<\/a>. F\u00fcr die VWV ist er seit 1996 (Aufnahme der Gemeinde Triesenberg in die VWV) als Verfasser der Chronikbeitr\u00e4ge und anderer Artikel t\u00e4tig. Er ist Fachbeirat im Vorstand und Mitglied des Redaktionsteams der Walserheimat.<\/p>\n<p align=\"LEFT\"><em>Die Arbeit im Dienste des Walsertums ist aus meiner Sicht ein wichtiger Kulturauftrag zu dem ich gerne etwas beitrage.\u201c<\/em><\/p>\n","protected":false},"excerpt":{"rendered":"<p>Fachbeirat&nbsp;der Vorarlberger Walservereinigung Redakteur der Walserheimat Chronist der Walserheimat f\u00fcr Triesenberg Bodastrasse 39 FL-9497 Triesenberg Tel. gesch.: +423 262 4859 NATEL +41&nbsp;79 960 6010 joeberle@powersurf.li Josef war viele Jahre Leiter des Walsermuseums Triesenberg. F\u00fcr die VWV ist er seit 1996 (Aufnahme der Gemeinde Triesenberg in die VWV) als Verfasser der Chronikbeitr\u00e4ge und anderer Artikel t\u00e4tig. [&#8230;]<\/p>\n","protected":false},"author":1,"featured_media":12367,"comment_status":"closed","ping_status":"closed","sticky":false,"template":"","format":"image","meta":{"ngg_post_thumbnail":0,"footnotes":""},"categories":[340],"tags":[],"taetigkeiten":[],"chronik-jahre":[],"chronik-gemeinden":[],"walserheimat":[],"gebiete":[],"superkategorien":[],"class_list":["post-1229","post","type-post","status-publish","format-image","has-post-thumbnail","hentry","category-personen","post_format-post-format-image"],"_links":{"self":[{"href":"https:\/\/www.vorarlberger-walservereinigung.at\/vwvwp\/wp-json\/wp\/v2\/posts\/1229","targetHints":{"allow":["GET"]}}],"collection":[{"href":"https:\/\/www.vorarlberger-walservereinigung.at\/vwvwp\/wp-json\/wp\/v2\/posts"}],"about":[{"href":"https:\/\/www.vorarlberger-walservereinigung.at\/vwvwp\/wp-json\/wp\/v2\/types\/post"}],"author":[{"embeddable":true,"href":"https:\/\/www.vorarlberger-walservereinigung.at\/vwvwp\/wp-json\/wp\/v2\/users\/1"}],"replies":[{"embeddable":true,"href":"https:\/\/www.vorarlberger-walservereinigung.at\/vwvwp\/wp-json\/wp\/v2\/comments?post=1229"}],"version-history":[{"count":26,"href":"https:\/\/www.vorarlberger-walservereinigung.at\/vwvwp\/wp-json\/wp\/v2\/posts\/1229\/revisions"}],"predecessor-version":[{"id":1442,"href":"https:\/\/www.vorarlberger-walservereinigung.at\/vwvwp\/wp-json\/wp\/v2\/posts\/1229\/revisions\/1442"}],"wp:featuredmedia":[{"embeddable":true,"href":"https:\/\/www.vorarlberger-walservereinigung.at\/vwvwp\/wp-json\/wp\/v2\/media\/12367"}],"wp:attachment":[{"href":"https:\/\/www.vorarlberger-walservereinigung.at\/vwvwp\/wp-json\/wp\/v2\/media?parent=1229"}],"wp:term":[{"taxonomy":"category","embeddable":true,"href":"https:\/\/www.vorarlberger-walservereinigung.at\/vwvwp\/wp-json\/wp\/v2\/categories?post=1229"},{"taxonomy":"post_tag","embeddable":true,"href":"https:\/\/www.vorarlberger-walservereinigung.at\/vwvwp\/wp-json\/wp\/v2\/tags?post=1229"},{"taxonomy":"taetigkeiten","embeddable":true,"href":"https:\/\/www.vorarlberger-walservereinigung.at\/vwvwp\/wp-json\/wp\/v2\/taetigkeiten?post=1229"},{"taxonomy":"chronik-jahre","embeddable":true,"href":"https:\/\/www.vorarlberger-walservereinigung.at\/vwvwp\/wp-json\/wp\/v2\/chronik-jahre?post=1229"},{"taxonomy":"chronik-gemeinden","embeddable":true,"href":"https:\/\/www.vorarlberger-walservereinigung.at\/vwvwp\/wp-json\/wp\/v2\/chronik-gemeinden?post=1229"},{"taxonomy":"walserheimat","embeddable":true,"href":"https:\/\/www.vorarlberger-walservereinigung.at\/vwvwp\/wp-json\/wp\/v2\/walserheimat?post=1229"},{"taxonomy":"gebiete","embeddable":true,"href":"https:\/\/www.vorarlberger-walservereinigung.at\/vwvwp\/wp-json\/wp\/v2\/gebiete?post=1229"},{"taxonomy":"superkategorien","embeddable":true,"href":"https:\/\/www.vorarlberger-walservereinigung.at\/vwvwp\/wp-json\/wp\/v2\/superkategorien?post=1229"}],"curies":[{"name":"wp","href":"https:\/\/api.w.org\/{rel}","templated":true}]}}