{"id":12254,"date":"2017-05-25T16:21:12","date_gmt":"2017-05-25T14:21:12","guid":{"rendered":"http:\/\/www.vorarlberger-walservereinigung.at\/vwvwp\/?p=12254"},"modified":"2024-03-02T16:03:17","modified_gmt":"2024-03-02T15:03:17","slug":"walserbewusstsein-blitzlichter-aus-den-walsergemeinden","status":"publish","type":"post","link":"https:\/\/www.vorarlberger-walservereinigung.at\/vwvwp\/walserbewusstsein-blitzlichter-aus-den-walsergemeinden\/","title":{"rendered":"Walserbewusstsein &#8211; Blitzlichter aus den Walsergemeinden"},"content":{"rendered":"<p>700 Jahre Walser. 700 Jahre, in denen sich in Mitteleuropa vieles ver\u00e4ndert und gewandelt hat. Und die Walser? Ganz sicher, auch sie haben sich ver\u00e4ndert und dennoch, der besondere Menschenschlag der Walser ist geblieben. Das Walserbewusstsein zeigt sich heute noch unter anderem in der Pflege des Brauchtums, im gesprochenen Walserdialekt und im stolzen Tragen der Walsertrachten. Doch ist das alles oder ist das Walserbewusstsein tiefer verankert?<\/p>\n<p><!--more--><\/p>\n<p>Ich habe Frauen und M\u00e4nner aus den Walsergemeinden in Vorarlberg, Tirol und Liechtenstein gefragt, was es f\u00fcr sie bedeutet, Walser oder Walserin zu sein. Lesen Sie selbst, wie vielf\u00e4ltig das heutige Walserbewusstsein zum Ausdruck kommt.<\/p>\n<p><strong>Monika Bischof, Sonntag<\/strong><\/p>\n<blockquote>\n<p>Walserin zu sein bedeutet f\u00fcr mich, einen besonderen Dialekt zu haben.<\/p>\n<\/blockquote>\n<p><i>Annalena Beck, Brand<\/i><\/p>\n<p>&nbsp;<\/p>\n<blockquote>\n<p style=\"text-align: left;\">Walser zu sein bedeutet f\u00fcr mich, stolz auf meine Vorfahren zu sein, die im Kampf mit der Natur mir eine wundersch\u00f6ne Heimat geschaffen haben, in der wir heute eine Landwirtschaft betreiben.<\/p>\n<\/blockquote>\n<p style=\"text-align: left;\"><i>Florian Jochum, Schr\u00f6cken<\/i><\/p>\n<blockquote>\n<p>Walser zu sein bedeutet f\u00fcr mich, stolz auf die Geschichte und die Vergangenheit zu sein und f\u00fcr die Zukunft unseren Dialekt und die sch\u00f6ne Tracht weiter zu erhalten.<\/p>\n<\/blockquote>\n<p><i>Florian Wirth, Einzelhandelskaufmann und Seilbahnfachmann, Mittelberg<\/i><\/p>\n<blockquote>\n<p>Walserin zu sein bedeutet f\u00fcr mich, Modernes mit Tradition leben.<\/p>\n<\/blockquote>\n<p><i>Zita Sohm, Dam\u00fcls<\/i><\/p>\n<blockquote>\n<p>Walserin zu sein bedeutet f\u00fcr mich, dass ich stolz darauf bin, meine Vorfahren in Schr\u00f6cken zur\u00fcckverfolgen zu k\u00f6nnen und in einem alten renovierten Walserhaus zu Hause sein.<\/p>\n<\/blockquote>\n<p><i>Renate Schrammel, Schr\u00f6cken<\/i><\/p>\n<blockquote>\n<p>Walserin zu sein bedeutet f\u00fcr mich, stolz zu sein!<\/p>\n<\/blockquote>\n<p><i>Christina Jenny, Raggal<\/i><\/p>\n<blockquote>\n<p>Walser zu sein bedeutet f\u00fcr mich, in einer Gemeinde wie Laterns wohnen zu k\u00f6nnen, wo es einfach sch\u00f6n ist, wo man einander noch kennt und im Dialekt reden kann.<\/p>\n<\/blockquote>\n<p><i>David Nesensohn, Sch\u00fcler, Laterns<\/i><\/p>\n<blockquote>\n<p>Walser zu sein bedeutet f\u00fcr mich, Angeh\u00f6riger einer Volksgruppe zu sein, welche durch ihre Sprache, Brauchtumspflege und das geradlinige Wesen sehr gesch\u00e4tzt wird.<\/p>\n<\/blockquote>\n<p><i>Andreas Burtscher, Raggal<\/i><\/p>\n<blockquote>\n<p>Walser zu sein bedeutet f\u00fcr mich, Mitglied einer Volksgruppe zu sein, die bodenst\u00e4ndig, flei\u00dfig, ehrlich und heimattreu ist, das erf\u00fcllt mich mit Stolz.<\/p>\n<\/blockquote>\n<p><i>Eduard Jochum, Skilehrer und Pensionist, Lech<\/i><\/p>\n<blockquote>\n<p>Walser zu sein bedeutet f\u00fcr mich Zusammenhalt von Mensch und Natur in unseren Bergregionen.<\/p>\n<\/blockquote>\n<p><i>Rainer M\u00fcller, Brand<\/i><\/p>\n<blockquote>\n<p>Walserin zu sein bedeutet f\u00fcr mich, mit diesem Bergvolk und dessen Kultur verwurzelt zu sein, am sch\u00f6nsten Platz in einer wundersch\u00f6nen Landschaft zu leben. Hier f\u00fchle ich mich daheim und ich sch\u00e4tze das unmittelbare Naturerleben und das Zusammentreffen mit den Menschen im Tal. Das sind f\u00fcr mich besonders wertvolle Sch\u00e4tze.<\/p>\n<\/blockquote>\n<p><i>Herta Studer, St. Gerold<\/i><\/p>\n<blockquote>\n<p>Walserin zu sein bedeutet f\u00fcr mich, den Dialekt als etwas Wertvolles zu betrachten und mit der Dorfgeschichte verbunden zu sein.<\/p>\n<\/blockquote>\n<p><i>Carina Gassner, Triesenberg<\/i><\/p>\n<blockquote>\n<p>Walser zu sein bedeutet f\u00fcr mich Heimatgef\u00fchl, Stolz dazu zugeh\u00f6ren und auch ein Geborgensein in der Gemeinschaft der Walser.<\/p>\n<\/blockquote>\n<p><i>Peter Beck, Triesenberg<\/i><\/p>\n<blockquote>\n<p>Walser zu sein bedeutet f\u00fcr mich zu wissen, woher unsere Wurzeln sind. Walser zu sein bedeutet f\u00fcr mich, die Gemeinschaft im Dorf und die Natur in der wir leben so zu nehmen, wie sie ist, mit allen Vor- und Nachteilen.<\/p>\n<\/blockquote>\n<p><i>Klaus Raggl, Galt\u00fcr<\/i><\/p>\n<blockquote>\n<p>Walserin zu sein bedeutet f\u00fcr mich, sehr viel Gl\u00fcck in so einem sch\u00f6nen Tal wie das Gro\u00dfe Walsertal leben zu d\u00fcrfen, sowie ein gro\u00dfer Stolz auf unsere Kultur und Heimat.<\/p>\n<\/blockquote>\n<p><i>Blandine Heckmann, Pensionistin, Sonntag<\/i><\/p>\n<blockquote>\n<p>Walserin zu sein bedeutet f\u00fcr mich, aus dem einzigen Tiroler Dorf mit Walserwurzeln zu kommen!<\/p>\n<\/blockquote>\n<p><i>Alexandra Mattle, Studentin, Galt\u00fcr<\/i><\/p>\n<blockquote>\n<p>Walser zu sein bedeutet f\u00fcr mich Ehrfurcht vor Gott und der Natur. Die Walser sind ein freiheitsliebendes, flei\u00dfiges V\u00f6lklein mit gro\u00dfer Liebe zur Heimat. Die \u00e4ltere Generation wirkt zur\u00fcckhaltend und manchmal verschlossen gegen\u00fcber Neuem.<\/p>\n<\/blockquote>\n<p><i>Erich T\u00fcrtscher, Pensionist, Blons<\/i><\/p>\n<blockquote>\n<p>Die Walservereinigung bedeutet f\u00fcr mich, die Kultur und das Brauchtum der Walser zu f\u00f6rdern und zu erhalten.<\/p>\n<\/blockquote>\n<p><i>Hermann Brugger, Silbertal<\/i><\/p>\n<p>Dieser Artikel ist in <a href=\"https:\/\/www.vorarlberger-walservereinigung.at\/vwvwp\/walserheimat-91-august-2012\/\">Heft 91 <\/a>der &#8222;Walserheimat&#8220; zu finden.<\/p>\n","protected":false},"excerpt":{"rendered":"<p>700 Jahre Walser. 700 Jahre, in denen sich in Mitteleuropa vieles ver\u00e4ndert und gewandelt hat. Und die Walser? Ganz sicher, auch sie haben sich ver\u00e4ndert und dennoch, der besondere Menschenschlag der Walser ist geblieben. Das Walserbewusstsein zeigt sich heute noch unter anderem in der Pflege des Brauchtums, im gesprochenen Walserdialekt und im stolzen Tragen der [&#8230;]<\/p>\n","protected":false},"author":1,"featured_media":0,"comment_status":"closed","ping_status":"closed","sticky":false,"template":"","format":"standard","meta":{"ngg_post_thumbnail":0,"footnotes":""},"categories":[154],"tags":[],"taetigkeiten":[],"chronik-jahre":[],"chronik-gemeinden":[],"walserheimat":[450],"gebiete":[],"superkategorien":[],"class_list":["post-12254","post","type-post","status-publish","format-standard","hentry","category-online-artikel","walserheimat-wh91"],"_links":{"self":[{"href":"https:\/\/www.vorarlberger-walservereinigung.at\/vwvwp\/wp-json\/wp\/v2\/posts\/12254","targetHints":{"allow":["GET"]}}],"collection":[{"href":"https:\/\/www.vorarlberger-walservereinigung.at\/vwvwp\/wp-json\/wp\/v2\/posts"}],"about":[{"href":"https:\/\/www.vorarlberger-walservereinigung.at\/vwvwp\/wp-json\/wp\/v2\/types\/post"}],"author":[{"embeddable":true,"href":"https:\/\/www.vorarlberger-walservereinigung.at\/vwvwp\/wp-json\/wp\/v2\/users\/1"}],"replies":[{"embeddable":true,"href":"https:\/\/www.vorarlberger-walservereinigung.at\/vwvwp\/wp-json\/wp\/v2\/comments?post=12254"}],"version-history":[{"count":18,"href":"https:\/\/www.vorarlberger-walservereinigung.at\/vwvwp\/wp-json\/wp\/v2\/posts\/12254\/revisions"}],"predecessor-version":[{"id":18689,"href":"https:\/\/www.vorarlberger-walservereinigung.at\/vwvwp\/wp-json\/wp\/v2\/posts\/12254\/revisions\/18689"}],"wp:attachment":[{"href":"https:\/\/www.vorarlberger-walservereinigung.at\/vwvwp\/wp-json\/wp\/v2\/media?parent=12254"}],"wp:term":[{"taxonomy":"category","embeddable":true,"href":"https:\/\/www.vorarlberger-walservereinigung.at\/vwvwp\/wp-json\/wp\/v2\/categories?post=12254"},{"taxonomy":"post_tag","embeddable":true,"href":"https:\/\/www.vorarlberger-walservereinigung.at\/vwvwp\/wp-json\/wp\/v2\/tags?post=12254"},{"taxonomy":"taetigkeiten","embeddable":true,"href":"https:\/\/www.vorarlberger-walservereinigung.at\/vwvwp\/wp-json\/wp\/v2\/taetigkeiten?post=12254"},{"taxonomy":"chronik-jahre","embeddable":true,"href":"https:\/\/www.vorarlberger-walservereinigung.at\/vwvwp\/wp-json\/wp\/v2\/chronik-jahre?post=12254"},{"taxonomy":"chronik-gemeinden","embeddable":true,"href":"https:\/\/www.vorarlberger-walservereinigung.at\/vwvwp\/wp-json\/wp\/v2\/chronik-gemeinden?post=12254"},{"taxonomy":"walserheimat","embeddable":true,"href":"https:\/\/www.vorarlberger-walservereinigung.at\/vwvwp\/wp-json\/wp\/v2\/walserheimat?post=12254"},{"taxonomy":"gebiete","embeddable":true,"href":"https:\/\/www.vorarlberger-walservereinigung.at\/vwvwp\/wp-json\/wp\/v2\/gebiete?post=12254"},{"taxonomy":"superkategorien","embeddable":true,"href":"https:\/\/www.vorarlberger-walservereinigung.at\/vwvwp\/wp-json\/wp\/v2\/superkategorien?post=12254"}],"curies":[{"name":"wp","href":"https:\/\/api.w.org\/{rel}","templated":true}]}}