{"id":1219,"date":"2015-07-19T21:14:33","date_gmt":"2015-07-19T19:14:33","guid":{"rendered":"http:\/\/www.wordpress.vorarlberger-walservereinigung.at\/?p=1219"},"modified":"2023-03-22T13:46:14","modified_gmt":"2023-03-22T12:46:14","slug":"cilly-nesensohn","status":"publish","type":"post","link":"https:\/\/www.vorarlberger-walservereinigung.at\/vwvwp\/cilly-nesensohn\/","title":{"rendered":"Nesensohn, Cilly"},"content":{"rendered":"<h4><img loading=\"lazy\" decoding=\"async\" class=\"alignleft wp-image-1195\" title=\"Cilly Nesensohn\" src=\"https:\/\/www.vorarlberger-walservereinigung.at\/vwvwp\/wp-content\/uploads\/2022\/08\/Cilly-150x150.jpg\" alt=\"Cilly Nesensohn\" width=\"150\" height=\"150\">Schriftf\u00fchrerin&nbsp;der Vorarlberger Walservereinigung<br \/>\nOrtsvertreterin von <a href=\"https:\/\/www.vorarlberger-walservereinigung.at\/vwvwp\/laterns\/\">Laterns<\/a><\/h4>\n<p>Grabenstallstr. 8<br \/>\nA-6830 Laterns<br \/>\nMobil +43 650 752 7020<br \/>\n<a href=\"mailto:cilly_nesensohn@yahoo.de\">cilly_nesensohn@yahoo.de<\/a><\/p>\n<p>Cilly ist geb\u00fcrtige Kleinwalsertalerin, jedoch seit ihrer Heirat im Jahre 1973 in Laterns wohnhaft. Lange Zeit hat sie sich ausschlie\u00dflich der Familie gewidmet. Seit 1991 arbeitet sie auf der Gemeinde Laterns und ist dort f\u00fcr das Meldewesen und den Tourismus zust\u00e4ndig. Nebenher ist sie im Sozialkreis der Pfarre Laterns t\u00e4tig mit der Aufgabe, den Kontakt zu den \u00e4lteren Menschen zu pflegen.<\/p>\n","protected":false},"excerpt":{"rendered":"<p>Schriftf\u00fchrerin&nbsp;der Vorarlberger Walservereinigung Ortsvertreterin von Laterns Grabenstallstr. 8 A-6830 Laterns Mobil +43 650 752 7020 cilly_nesensohn@yahoo.de Cilly ist geb\u00fcrtige Kleinwalsertalerin, jedoch seit ihrer Heirat im Jahre 1973 in Laterns wohnhaft. Lange Zeit hat sie sich ausschlie\u00dflich der Familie gewidmet. Seit 1991 arbeitet sie auf der Gemeinde Laterns und ist dort f\u00fcr das Meldewesen und den [&#8230;]<\/p>\n","protected":false},"author":1,"featured_media":16546,"comment_status":"closed","ping_status":"closed","sticky":false,"template":"","format":"image","meta":{"ngg_post_thumbnail":0,"footnotes":""},"categories":[340],"tags":[],"taetigkeiten":[364,672],"chronik-jahre":[],"chronik-gemeinden":[],"walserheimat":[],"gebiete":[],"superkategorien":[],"class_list":["post-1219","post","type-post","status-publish","format-image","has-post-thumbnail","hentry","category-personen","post_format-post-format-image","taetigkeiten-ortsvertreter","taetigkeiten-vorstand"],"_links":{"self":[{"href":"https:\/\/www.vorarlberger-walservereinigung.at\/vwvwp\/wp-json\/wp\/v2\/posts\/1219","targetHints":{"allow":["GET"]}}],"collection":[{"href":"https:\/\/www.vorarlberger-walservereinigung.at\/vwvwp\/wp-json\/wp\/v2\/posts"}],"about":[{"href":"https:\/\/www.vorarlberger-walservereinigung.at\/vwvwp\/wp-json\/wp\/v2\/types\/post"}],"author":[{"embeddable":true,"href":"https:\/\/www.vorarlberger-walservereinigung.at\/vwvwp\/wp-json\/wp\/v2\/users\/1"}],"replies":[{"embeddable":true,"href":"https:\/\/www.vorarlberger-walservereinigung.at\/vwvwp\/wp-json\/wp\/v2\/comments?post=1219"}],"version-history":[{"count":27,"href":"https:\/\/www.vorarlberger-walservereinigung.at\/vwvwp\/wp-json\/wp\/v2\/posts\/1219\/revisions"}],"predecessor-version":[{"id":16758,"href":"https:\/\/www.vorarlberger-walservereinigung.at\/vwvwp\/wp-json\/wp\/v2\/posts\/1219\/revisions\/16758"}],"wp:featuredmedia":[{"embeddable":true,"href":"https:\/\/www.vorarlberger-walservereinigung.at\/vwvwp\/wp-json\/wp\/v2\/media\/16546"}],"wp:attachment":[{"href":"https:\/\/www.vorarlberger-walservereinigung.at\/vwvwp\/wp-json\/wp\/v2\/media?parent=1219"}],"wp:term":[{"taxonomy":"category","embeddable":true,"href":"https:\/\/www.vorarlberger-walservereinigung.at\/vwvwp\/wp-json\/wp\/v2\/categories?post=1219"},{"taxonomy":"post_tag","embeddable":true,"href":"https:\/\/www.vorarlberger-walservereinigung.at\/vwvwp\/wp-json\/wp\/v2\/tags?post=1219"},{"taxonomy":"taetigkeiten","embeddable":true,"href":"https:\/\/www.vorarlberger-walservereinigung.at\/vwvwp\/wp-json\/wp\/v2\/taetigkeiten?post=1219"},{"taxonomy":"chronik-jahre","embeddable":true,"href":"https:\/\/www.vorarlberger-walservereinigung.at\/vwvwp\/wp-json\/wp\/v2\/chronik-jahre?post=1219"},{"taxonomy":"chronik-gemeinden","embeddable":true,"href":"https:\/\/www.vorarlberger-walservereinigung.at\/vwvwp\/wp-json\/wp\/v2\/chronik-gemeinden?post=1219"},{"taxonomy":"walserheimat","embeddable":true,"href":"https:\/\/www.vorarlberger-walservereinigung.at\/vwvwp\/wp-json\/wp\/v2\/walserheimat?post=1219"},{"taxonomy":"gebiete","embeddable":true,"href":"https:\/\/www.vorarlberger-walservereinigung.at\/vwvwp\/wp-json\/wp\/v2\/gebiete?post=1219"},{"taxonomy":"superkategorien","embeddable":true,"href":"https:\/\/www.vorarlberger-walservereinigung.at\/vwvwp\/wp-json\/wp\/v2\/superkategorien?post=1219"}],"curies":[{"name":"wp","href":"https:\/\/api.w.org\/{rel}","templated":true}]}}