{"id":12022,"date":"2017-05-10T22:28:58","date_gmt":"2017-05-10T20:28:58","guid":{"rendered":"http:\/\/www.vorarlberger-walservereinigung.at\/vwvwp\/?p=12022"},"modified":"2024-03-02T16:09:09","modified_gmt":"2024-03-02T15:09:09","slug":"ifen-hotel-hirschegg-im-kleinwalsertal","status":"publish","type":"post","link":"https:\/\/www.vorarlberger-walservereinigung.at\/vwvwp\/ifen-hotel-hirschegg-im-kleinwalsertal\/","title":{"rendered":"Ifen Hotel Hirschegg im Kleinwalsertal"},"content":{"rendered":"<p><a href=\"https:\/\/www.vorarlberger-walservereinigung.at\/vwvwp\/ifenhotel-1\/\"><img loading=\"lazy\" decoding=\"async\" class=\"alignleft wp-image-12018 size-medium\" title=\"Ifen Hotel Kleinwalsertal\" src=\"https:\/\/www.vorarlberger-walservereinigung.at\/vwvwp\/wp-content\/uploads\/2017\/05\/ifenhotel-1-300x154.jpg\" alt=\"\" width=\"300\" height=\"154\" srcset=\"https:\/\/www.vorarlberger-walservereinigung.at\/vwvwp\/wp-content\/uploads\/2017\/05\/ifenhotel-1-300x154.jpg 300w, https:\/\/www.vorarlberger-walservereinigung.at\/vwvwp\/wp-content\/uploads\/2017\/05\/ifenhotel-1-150x77.jpg 150w, https:\/\/www.vorarlberger-walservereinigung.at\/vwvwp\/wp-content\/uploads\/2017\/05\/ifenhotel-1-600x309.jpg 600w, https:\/\/www.vorarlberger-walservereinigung.at\/vwvwp\/wp-content\/uploads\/2017\/05\/ifenhotel-1.jpg 632w\" sizes=\"auto, (max-width: 300px) 100vw, 300px\" \/><\/a>1936 erbaute der Architekt und Hotelier Hans Kirchhoff aus Hannover in Hirschegg im <a href=\"https:\/\/www.vorarlberger-walservereinigung.at\/vwvwp\/mittelberg\/\">Kleinwalsertal <\/a>das Ifen Hotel als erste Adresse im touristisch aufstrebenden Tal an der Breitach. Architektonisch war vor allem der auffallende Rundbau auf einem Felsvorsprung ein besonderes Merkmal und Erkennungszeichen des Ifen Hotels.<\/p>\n<p><!--more--><\/p>\n<p>Das Gesch\u00e4ft mit den G\u00e4sten lief gut an, doch die Auswirkungen des 2. Weltkriegs machten auch an der Walserschanz nicht halt. 1943 wurde das Ifen Hotel beschlagnahmt und von der deutschen Gestapo in ein \u201eEhrengef\u00e4ngnis\u201c umgewandelt. Die \u201eG\u00e4steliste\u201c im Gemeindearchiv enth\u00e4lt einige prominente Namen: Francesco Nitti, ehemaliger Ministerpr\u00e4sident von Italien; Andr\u00e9 Fran\u00e7ois-Poncet, franz\u00f6sischer Botschafter; Albert Saurrat, Premierminister Frankreichs 1933 und 1936; Anne Herzogin von Aosta mit ihren T\u00f6chtern, den Prinzessinnen von Savoyen-Aosta, Marguerita und Marie-Christine, und einige mehr. Interessant war, dass zu dieser Zeit das Hotel auch f\u00fcr normale Hotelg\u00e4ste ge\u00f6ffnet war. Sogar h\u00f6here Beamte und Funktion\u00e4re des nationalsozialistischen Regimes stiegen hier ab.<br \/>\n<a href=\"https:\/\/www.vorarlberger-walservereinigung.at\/vwvwp\/ifenhotel-3\/\"><img loading=\"lazy\" decoding=\"async\" class=\"alignright wp-image-12020 size-medium\" title=\"Ifen Hotel 1936 mit dem markanten Rundbau\" src=\"https:\/\/www.vorarlberger-walservereinigung.at\/vwvwp\/wp-content\/uploads\/2017\/05\/ifenhotel-3-300x158.jpg\" alt=\"\" width=\"300\" height=\"158\" srcset=\"https:\/\/www.vorarlberger-walservereinigung.at\/vwvwp\/wp-content\/uploads\/2017\/05\/ifenhotel-3-300x158.jpg 300w, https:\/\/www.vorarlberger-walservereinigung.at\/vwvwp\/wp-content\/uploads\/2017\/05\/ifenhotel-3-150x79.jpg 150w, https:\/\/www.vorarlberger-walservereinigung.at\/vwvwp\/wp-content\/uploads\/2017\/05\/ifenhotel-3.jpg 492w\" sizes=\"auto, (max-width: 300px) 100vw, 300px\" \/><\/a><\/p>\n<p>Das Ifen Hotel war zu dieser Zeit eine Mischung zwischen \u201eLuxusgef\u00e4ngnis\u201c und normalem Hotel. Den Gefangenen lie\u00df man eine Behandlung erster Klasse zukommen, es war ihnen aber verboten, mit der Walser Bev\u00f6lkerung Kontakt aufzunehmen. Dieses Verbot lie\u00df sich aber leicht umgehen. Sie konnten spazieren gehen und man sah sie \u00f6fters mittags durch Hirschegg laufen. Mit dem Sieg der Alliierten zogen die Franzosen ins Kleinwalsertal und General Charles de Gaulle machte den Truppen im Ifen Hotel seine Aufwartung. Die S\u00e4ngerin und T\u00e4nzerin Josephine Baker sang f\u00fcr die im Hotel untergebrachten Soldaten.<\/p>\n<p>Nach den Kriegsturbulenzen nahm der Tourismus im Kleinwalsertal wieder Fahrt auf. Im G\u00e4stebuch des Hotels finden sich illustre Pers\u00f6nlichkeiten wie der Philosoph Theodor W. Adorno, die Operns\u00e4ngerin Anneliese Rothenberger, der zweifache Leichtathletik Olympiasieger Armin Hary, \u00d6sterreichs Bundespr\u00e4sident Rudolf Kirchschl\u00e4ger, Finanzminister und Vizekanzler Hannes Androsch, Bundeskanzler Bruno Kreisky, der Bayerische Ministerpr\u00e4sident Franz Josef Strau\u00df, Schlagers\u00e4ngerin Hannelore von Auersperg oder die Mitglieder der Popgruppe Boney M. 1951 besuchte Andr\u00e9 Fran\u00e7ois-Poncet sein altes \u201eEhrengef\u00e4ngnis\u201c. Er war nach dem Krieg als Hoher Kommissar von Frankreich in Westdeutschland t\u00e4tig und schrieb ein Buch \u00fcber seine Erlebnisse als Internierter im Kleinwalsertal mit dem Titel \u201eCarnets d&#8217;un captif\u201c.<\/p>\n<p><a href=\"https:\/\/www.vorarlberger-walservereinigung.at\/vwvwp\/ifenhotel-4\/\"><img loading=\"lazy\" decoding=\"async\" class=\"alignleft wp-image-12021 size-medium\" title=\"Franz\u00f6sische Soldaten und junge Walserinnen und Walser im Ifen Hotel 1945\" src=\"https:\/\/www.vorarlberger-walservereinigung.at\/vwvwp\/wp-content\/uploads\/2017\/05\/ifenhotel-4-300x198.jpg\" alt=\"\" width=\"300\" height=\"198\" srcset=\"https:\/\/www.vorarlberger-walservereinigung.at\/vwvwp\/wp-content\/uploads\/2017\/05\/ifenhotel-4-300x198.jpg 300w, https:\/\/www.vorarlberger-walservereinigung.at\/vwvwp\/wp-content\/uploads\/2017\/05\/ifenhotel-4-150x99.jpg 150w, https:\/\/www.vorarlberger-walservereinigung.at\/vwvwp\/wp-content\/uploads\/2017\/05\/ifenhotel-4.jpg 457w\" sizes=\"auto, (max-width: 300px) 100vw, 300px\" \/><\/a><\/p>\n<p>In vielen Kinofilmen spielt das Ifen Hotel eine Rolle. So haben beispielsweise die Produzenten der historischen Spielfilme \u201eDer Engel mit dem Saitenspiel\u201c (Liebesfilm, 1944, Regie: Heinz R\u00fchmann), \u201eDie S\u00f6hne des Herrn Gaspary\u201c (1948) oder \u201eWochenend im Walsertal\u201c Kurzspielfilm 1952) das Traditionshaus im Walsertal als Drehort gew\u00e4hlt.<\/p>\n<p>Einen Namen machte sich auch die K\u00fcche des Ifen Hotels. 1978 erkochte der damalige K\u00fcchenchef Ortwin Adam den ersten Michelin-Stern f\u00fcr \u00d6sterreich. Sein Sch\u00fcler in der Berufsschule Sascha Kemmerer ist der neue K\u00fcchenchef im Ifen Hotel und wurde 2010 f\u00fcr seine Kochk\u00fcnste im Gourmetrestaurant \u201eKilian Stuba\u201c mit zwei Gault&amp;Millau Hauben ausgezeichnet.<\/p>\n<h2>Das neue Ifen Hotel<\/h2>\n<p><a href=\"https:\/\/www.vorarlberger-walservereinigung.at\/vwvwp\/ifenhotel-2\/\"><img loading=\"lazy\" decoding=\"async\" class=\"alignright wp-image-12019 size-medium\" title=\"Das neue Ifen Hotel. Foto: Travel Charme Hotels &amp; Resorts\" src=\"https:\/\/www.vorarlberger-walservereinigung.at\/vwvwp\/wp-content\/uploads\/2017\/05\/ifenhotel-2-300x193.jpg\" alt=\"\" width=\"300\" height=\"193\" srcset=\"https:\/\/www.vorarlberger-walservereinigung.at\/vwvwp\/wp-content\/uploads\/2017\/05\/ifenhotel-2-300x193.jpg 300w, https:\/\/www.vorarlberger-walservereinigung.at\/vwvwp\/wp-content\/uploads\/2017\/05\/ifenhotel-2-150x97.jpg 150w, https:\/\/www.vorarlberger-walservereinigung.at\/vwvwp\/wp-content\/uploads\/2017\/05\/ifenhotel-2.jpg 632w\" sizes=\"auto, (max-width: 300px) 100vw, 300px\" \/><\/a>Im Lauf der Jahre geriet das Ifen Hotel in wirtschaftliche Turbulenzen. 2005 verkaufte die damalige Besitzerfamilie das Hotel. Die Walser Raiffeisen Holding und die Hotelgruppe Travel Charme Hotels &amp; Resorts machten sich an die Arbeit und investierten rund 33 Millionen Euro in das Prestigeobjekt. Der markante Rundbau sollte bei der Neugestaltung erhalten bleiben. Der geb\u00fcrtige Bregenzerw\u00e4lder Architekt Professor Hermann Kaufmann legte besonderes Augenmerk auf die Integration des \u00e4ltesten Teiles des bestehenden Ifen Hotels in das neue Gesamtkonzept. Mit seinem Ansatz f\u00fcr das neue Ifen Hotel versuchte er einerseits die Wichtigkeit des landschaftsbezogenen Bauens, andererseits die Auseinandersetzung mit der Kernfrage der zeitgem\u00e4\u00dfen Form f\u00fcr die Bauaufgaben des Tourismus zu unterstreichen. Ziel war es, den funktionsgerechten und schn\u00f6rkellosen Stil der 1930er-Jahre in reduzierten Formen und klaren Linien konsequent fortzuf\u00fchren. Die Verwendung von Holz sollte eine warme, klare und entspannende Atmosph\u00e4re gew\u00e4hrleisten. F\u00fcr den Innenausbau war der italienische Designer Lorenzo Bellini verantwortlich.<\/p>\n<p>Im Juli 2010 wurde das Ifen Hotel als einziges F\u00fcnf-Sterne-Hotel im Kleinwalsertal wieder er\u00f6ffnet. Angeboten werden 125 Zimmer, acht Gro\u00dfraum- und 21 Junior-Suiten, ein Wellnessbereich mit zirka 2.500 m2, Schwimmbad und Fitnesscenter, Bankett- und Konferenzr\u00e4ume und 131 Tiefgaragenpl\u00e4tze.<\/p>\n<p><strong>Jodok M\u00fcller, Riezlern<\/strong><\/p>\n<p class=\"cyanbox\">Dieser Artikel ist in <a href=\"https:\/\/www.vorarlberger-walservereinigung.at\/vwvwp\/walserheimat-95-august-2014\/\">Heft 95 <\/a>der &#8222;Walserheimat&#8220; zu finden.<\/p>\n","protected":false},"excerpt":{"rendered":"<p>1936 erbaute der Architekt und Hotelier Hans Kirchhoff aus Hannover in Hirschegg im Kleinwalsertal das Ifen Hotel als erste Adresse im touristisch aufstrebenden Tal an der Breitach. Architektonisch war vor allem der auffallende Rundbau auf einem Felsvorsprung ein besonderes Merkmal und Erkennungszeichen des Ifen Hotels. (mehr\u00a0&hellip;)<\/p>\n","protected":false},"author":1,"featured_media":12018,"comment_status":"closed","ping_status":"closed","sticky":false,"template":"","format":"standard","meta":{"ngg_post_thumbnail":0,"footnotes":""},"categories":[154],"tags":[],"taetigkeiten":[],"chronik-jahre":[],"chronik-gemeinden":[],"walserheimat":[454],"gebiete":[],"superkategorien":[],"class_list":["post-12022","post","type-post","status-publish","format-standard","has-post-thumbnail","hentry","category-online-artikel","walserheimat-wh95"],"_links":{"self":[{"href":"https:\/\/www.vorarlberger-walservereinigung.at\/vwvwp\/wp-json\/wp\/v2\/posts\/12022","targetHints":{"allow":["GET"]}}],"collection":[{"href":"https:\/\/www.vorarlberger-walservereinigung.at\/vwvwp\/wp-json\/wp\/v2\/posts"}],"about":[{"href":"https:\/\/www.vorarlberger-walservereinigung.at\/vwvwp\/wp-json\/wp\/v2\/types\/post"}],"author":[{"embeddable":true,"href":"https:\/\/www.vorarlberger-walservereinigung.at\/vwvwp\/wp-json\/wp\/v2\/users\/1"}],"replies":[{"embeddable":true,"href":"https:\/\/www.vorarlberger-walservereinigung.at\/vwvwp\/wp-json\/wp\/v2\/comments?post=12022"}],"version-history":[{"count":6,"href":"https:\/\/www.vorarlberger-walservereinigung.at\/vwvwp\/wp-json\/wp\/v2\/posts\/12022\/revisions"}],"predecessor-version":[{"id":18695,"href":"https:\/\/www.vorarlberger-walservereinigung.at\/vwvwp\/wp-json\/wp\/v2\/posts\/12022\/revisions\/18695"}],"wp:featuredmedia":[{"embeddable":true,"href":"https:\/\/www.vorarlberger-walservereinigung.at\/vwvwp\/wp-json\/wp\/v2\/media\/12018"}],"wp:attachment":[{"href":"https:\/\/www.vorarlberger-walservereinigung.at\/vwvwp\/wp-json\/wp\/v2\/media?parent=12022"}],"wp:term":[{"taxonomy":"category","embeddable":true,"href":"https:\/\/www.vorarlberger-walservereinigung.at\/vwvwp\/wp-json\/wp\/v2\/categories?post=12022"},{"taxonomy":"post_tag","embeddable":true,"href":"https:\/\/www.vorarlberger-walservereinigung.at\/vwvwp\/wp-json\/wp\/v2\/tags?post=12022"},{"taxonomy":"taetigkeiten","embeddable":true,"href":"https:\/\/www.vorarlberger-walservereinigung.at\/vwvwp\/wp-json\/wp\/v2\/taetigkeiten?post=12022"},{"taxonomy":"chronik-jahre","embeddable":true,"href":"https:\/\/www.vorarlberger-walservereinigung.at\/vwvwp\/wp-json\/wp\/v2\/chronik-jahre?post=12022"},{"taxonomy":"chronik-gemeinden","embeddable":true,"href":"https:\/\/www.vorarlberger-walservereinigung.at\/vwvwp\/wp-json\/wp\/v2\/chronik-gemeinden?post=12022"},{"taxonomy":"walserheimat","embeddable":true,"href":"https:\/\/www.vorarlberger-walservereinigung.at\/vwvwp\/wp-json\/wp\/v2\/walserheimat?post=12022"},{"taxonomy":"gebiete","embeddable":true,"href":"https:\/\/www.vorarlberger-walservereinigung.at\/vwvwp\/wp-json\/wp\/v2\/gebiete?post=12022"},{"taxonomy":"superkategorien","embeddable":true,"href":"https:\/\/www.vorarlberger-walservereinigung.at\/vwvwp\/wp-json\/wp\/v2\/superkategorien?post=12022"}],"curies":[{"name":"wp","href":"https:\/\/api.w.org\/{rel}","templated":true}]}}