{"id":11898,"date":"2017-05-08T17:43:16","date_gmt":"2017-05-08T15:43:16","guid":{"rendered":"http:\/\/www.vorarlberger-walservereinigung.at\/vwvwp\/?p=11898"},"modified":"2024-03-05T08:53:27","modified_gmt":"2024-03-05T07:53:27","slug":"lebensbilder","status":"publish","type":"post","link":"https:\/\/www.vorarlberger-walservereinigung.at\/vwvwp\/lebensbilder\/","title":{"rendered":"Lebensbilder"},"content":{"rendered":"\n<div class=\"wp-block-media-text is-stacked-on-mobile\" style=\"grid-template-columns:20% auto\"><figure class=\"wp-block-media-text__media\"><img loading=\"lazy\" decoding=\"async\" width=\"492\" height=\"651\" src=\"https:\/\/www.vorarlberger-walservereinigung.at\/vwvwp\/wp-content\/uploads\/2017\/05\/lebensbilder.jpg\" alt=\"\" class=\"wp-image-11895 size-full\" srcset=\"https:\/\/www.vorarlberger-walservereinigung.at\/vwvwp\/wp-content\/uploads\/2017\/05\/lebensbilder.jpg 492w, https:\/\/www.vorarlberger-walservereinigung.at\/vwvwp\/wp-content\/uploads\/2017\/05\/lebensbilder-227x300.jpg 227w, https:\/\/www.vorarlberger-walservereinigung.at\/vwvwp\/wp-content\/uploads\/2017\/05\/lebensbilder-113x150.jpg 113w\" sizes=\"auto, (max-width: 492px) 100vw, 492px\" \/><\/figure><div class=\"wp-block-media-text__content\">\n<p>Ein sehr ansprechendes Buch mit Erinnerungen von Lecherinnen und Lechern wurde im Dezember 2012 vom Gemeindearchiv Lech herausgegeben. Die Fotografin Maria Muxel hat rund 60 Personen mit dem Hauptwohnsitz Lech im Alter von 80 und mehr Jahren in ihrer gewohnten Umgebung fotografiert. Parallel zu diesen Fotoaufnahmen f\u00fchrte sie gemeinsam mit Birgit Ortner lebensgeschichtliche Interviews mit fast allen Portr\u00e4tierten. Kurze Ausz\u00fcge aus diesen Interviews wurden mit den Bildzeugnissen der Wohn- und Alltagskultur in Lech in diesem Buch ver\u00f6ffentlicht.<\/p>\n<\/div><\/div>\n\n\n\n<!--more-->\n\n\n\n<p>Einen besonderen Eindruck hinterlassen die Fotos, bei denen man in die \u201egute Stube\u201c der portr\u00e4tierten Lecherinnen und Lecher blicken kann. Das Auge schweift auf jeder neuen Seite zuerst zum Bild, ein erster Eindruck entsteht und man wird neugierig: \u201eWas kann dieser Mensch Interessantes aus seiner ganz pers\u00f6nlichen Vergangenheit erz\u00e4hlen?\u201c Vom \u201eAha-Erlebnis\u201c bis zum Schmunzeln reicht die Palette. Die Autorinnen haben bewusst sehr unterschiedliche und auch viele humorvolle Anekdoten aus dem umfangreichen Interviewmaterial ausgew\u00e4hlt.<\/p>\n\n\n\n<p>Einige Kostproben aus Geschichten aus dem Alltagsleben, die viel \u00fcber die Entwicklung on Lech und Z\u00fcrs in den letzten 100 Jahren erz\u00e4hlen: \u201eDas erste Mal von Lech fortgekommen bin ich, als ich zum Zahnarzt nach Bludenz musste.\u201c &#8211; \u201eAls ich das erste Auto gesehen habe, sagte meine Schwester: Schau, eine Kutsche ohne Ross!\u201c &#8211; \u201eFr\u00fcher war es normal, dass nicht alle Kinder \u00fcberlebt haben.\u201c &#8211; \u201eEinmal hatte ich einen Gast, der sogar zwei Skilehrer f\u00fcr sich alleine haben wollte &#8211; einen vorne und einen hinten.\u201c &#8211; \u201eIch bin einer der letzten Heuzieher in Lech.\u201c &#8211; \u201eDer Lech war zugefroren und so konnte man das Feuer nicht richtig l\u00f6schen.\u201c &#8211; \u201eDaneben waren auch noch Zimmer, aber da waren nur Vorh\u00e4nge dazwischen. Ich m\u00f6chte nicht wissen, wie es da oft zugegangen ist.\u201c &#8211; \u201eIch musste die K\u00f6nigin drei Mal auf einen anderen Stuhl setzen, weil es ihr jedes Mal auf den Kopf geregnet hatte.\u201c &#8211; \u201eDa heroben habt ihr zwei Vorteile: Ihr habt keinen Nebel und keine M\u00fccken.\u201c<\/p>\n\n\n\n<p class=\"has-background\" style=\"background-color:#c5c5c5\">Lebensbilder und Erinnerungen von Lecherinnen und Lechern<br>Herausgeber: Gemeindearchiv Lech, 183 Seiten, ISBN 978-3-9503026-1-5<br>Preis: 35.- \u20ac<br>Erh\u00e4ltlich beim Museum Huber-Hus<br>E-Mail: <a>museum@gemeinde.lech.at<\/a><\/p>\n\n\n\n<p>Jodok M\u00fcller, Riezlern<\/p>\n","protected":false},"excerpt":{"rendered":"<p>Ein sehr ansprechendes Buch mit Erinnerungen von Lecherinnen und Lechern wurde im Dezember 2012 vom Gemeindearchiv Lech herausgegeben. Die Fotografin Maria Muxel hat rund 60 Personen mit dem Hauptwohnsitz Lech im Alter von 80 und mehr Jahren in ihrer gewohnten Umgebung fotografiert. Parallel zu diesen Fotoaufnahmen f\u00fchrte sie gemeinsam mit Birgit Ortner lebensgeschichtliche Interviews mit [&#8230;]<\/p>\n","protected":false},"author":1,"featured_media":11895,"comment_status":"closed","ping_status":"closed","sticky":false,"template":"","format":"standard","meta":{"ngg_post_thumbnail":0,"footnotes":""},"categories":[416,154],"tags":[],"taetigkeiten":[],"chronik-jahre":[],"chronik-gemeinden":[],"walserheimat":[451],"gebiete":[],"superkategorien":[],"class_list":["post-11898","post","type-post","status-publish","format-standard","has-post-thumbnail","hentry","category-literatur","category-online-artikel","walserheimat-wh92"],"_links":{"self":[{"href":"https:\/\/www.vorarlberger-walservereinigung.at\/vwvwp\/wp-json\/wp\/v2\/posts\/11898","targetHints":{"allow":["GET"]}}],"collection":[{"href":"https:\/\/www.vorarlberger-walservereinigung.at\/vwvwp\/wp-json\/wp\/v2\/posts"}],"about":[{"href":"https:\/\/www.vorarlberger-walservereinigung.at\/vwvwp\/wp-json\/wp\/v2\/types\/post"}],"author":[{"embeddable":true,"href":"https:\/\/www.vorarlberger-walservereinigung.at\/vwvwp\/wp-json\/wp\/v2\/users\/1"}],"replies":[{"embeddable":true,"href":"https:\/\/www.vorarlberger-walservereinigung.at\/vwvwp\/wp-json\/wp\/v2\/comments?post=11898"}],"version-history":[{"count":5,"href":"https:\/\/www.vorarlberger-walservereinigung.at\/vwvwp\/wp-json\/wp\/v2\/posts\/11898\/revisions"}],"predecessor-version":[{"id":18831,"href":"https:\/\/www.vorarlberger-walservereinigung.at\/vwvwp\/wp-json\/wp\/v2\/posts\/11898\/revisions\/18831"}],"wp:featuredmedia":[{"embeddable":true,"href":"https:\/\/www.vorarlberger-walservereinigung.at\/vwvwp\/wp-json\/wp\/v2\/media\/11895"}],"wp:attachment":[{"href":"https:\/\/www.vorarlberger-walservereinigung.at\/vwvwp\/wp-json\/wp\/v2\/media?parent=11898"}],"wp:term":[{"taxonomy":"category","embeddable":true,"href":"https:\/\/www.vorarlberger-walservereinigung.at\/vwvwp\/wp-json\/wp\/v2\/categories?post=11898"},{"taxonomy":"post_tag","embeddable":true,"href":"https:\/\/www.vorarlberger-walservereinigung.at\/vwvwp\/wp-json\/wp\/v2\/tags?post=11898"},{"taxonomy":"taetigkeiten","embeddable":true,"href":"https:\/\/www.vorarlberger-walservereinigung.at\/vwvwp\/wp-json\/wp\/v2\/taetigkeiten?post=11898"},{"taxonomy":"chronik-jahre","embeddable":true,"href":"https:\/\/www.vorarlberger-walservereinigung.at\/vwvwp\/wp-json\/wp\/v2\/chronik-jahre?post=11898"},{"taxonomy":"chronik-gemeinden","embeddable":true,"href":"https:\/\/www.vorarlberger-walservereinigung.at\/vwvwp\/wp-json\/wp\/v2\/chronik-gemeinden?post=11898"},{"taxonomy":"walserheimat","embeddable":true,"href":"https:\/\/www.vorarlberger-walservereinigung.at\/vwvwp\/wp-json\/wp\/v2\/walserheimat?post=11898"},{"taxonomy":"gebiete","embeddable":true,"href":"https:\/\/www.vorarlberger-walservereinigung.at\/vwvwp\/wp-json\/wp\/v2\/gebiete?post=11898"},{"taxonomy":"superkategorien","embeddable":true,"href":"https:\/\/www.vorarlberger-walservereinigung.at\/vwvwp\/wp-json\/wp\/v2\/superkategorien?post=11898"}],"curies":[{"name":"wp","href":"https:\/\/api.w.org\/{rel}","templated":true}]}}