{"id":10738,"date":"2017-01-16T21:31:43","date_gmt":"2017-01-16T20:31:43","guid":{"rendered":"http:\/\/www.vorarlberger-walservereinigung.at\/vwvwp\/?p=10738"},"modified":"2024-03-05T09:48:06","modified_gmt":"2024-03-05T08:48:06","slug":"alpmuseum-uf-m-tannberg","status":"publish","type":"post","link":"https:\/\/www.vorarlberger-walservereinigung.at\/vwvwp\/alpmuseum-uf-m-tannberg\/","title":{"rendered":"Alpmuseum uf m Tannberg"},"content":{"rendered":"\n<div class=\"wp-block-media-text is-stacked-on-mobile\" style=\"grid-template-columns:30% auto\"><figure class=\"wp-block-media-text__media\"><img loading=\"lazy\" decoding=\"async\" width=\"800\" height=\"598\" src=\"https:\/\/www.vorarlberger-walservereinigung.at\/vwvwp\/wp-content\/uploads\/2017\/01\/Ausstellung.jpg\" alt=\"\" class=\"wp-image-12321 size-full\" srcset=\"https:\/\/www.vorarlberger-walservereinigung.at\/vwvwp\/wp-content\/uploads\/2017\/01\/Ausstellung.jpg 800w, https:\/\/www.vorarlberger-walservereinigung.at\/vwvwp\/wp-content\/uploads\/2017\/01\/Ausstellung-300x224.jpg 300w, https:\/\/www.vorarlberger-walservereinigung.at\/vwvwp\/wp-content\/uploads\/2017\/01\/Ausstellung-768x574.jpg 768w, https:\/\/www.vorarlberger-walservereinigung.at\/vwvwp\/wp-content\/uploads\/2017\/01\/Ausstellung-150x112.jpg 150w\" sizes=\"auto, (max-width: 800px) 100vw, 800px\" \/><\/figure><div class=\"wp-block-media-text__content\">\n<p>Anhand von historischen Arbeitsger\u00e4ten, Texttafeln und Bildern k\u00f6nnen die Besucherinnen und Besucher anschaulich in das fr\u00fchere Leben der Bergbauern und \u00c4lpler eintauchen. Bei F\u00fchrungen durch die Ausstellung &#8222;altes Handwerk der Bergbauern&#8220; werden die verschiedenen Techniken erkl\u00e4rt.&nbsp;&nbsp;&nbsp;<\/p>\n\n\n\n<p>\u00d6ffnungszeiten: Dienstag, Donnerstag und Sonntag 13 bis 16 Uhr<\/p>\n\n\n\n<p><a href=\"http:\/\/www.alpmuseum.at\/\" target=\"_blank\" rel=\"noopener noreferrer\">Alpmuseum uf m Tannberg in Schr\u00f6cken<\/a><\/p>\n<\/div><\/div>\n","protected":false},"excerpt":{"rendered":"<p>Anhand von historischen Arbeitsger\u00e4ten, Texttafeln und Bildern k\u00f6nnen die Besucherinnen und Besucher anschaulich in das fr\u00fchere Leben der Bergbauern und \u00c4lpler eintauchen. Bei F\u00fchrungen durch die Ausstellung &#8222;altes Handwerk der Bergbauern&#8220; werden die verschiedenen Techniken erkl\u00e4rt.&nbsp;&nbsp;&nbsp; \u00d6ffnungszeiten: Dienstag, Donnerstag und Sonntag 13 bis 16 Uhr Alpmuseum uf m Tannberg in Schr\u00f6cken<\/p>\n","protected":false},"author":1,"featured_media":0,"comment_status":"closed","ping_status":"closed","sticky":false,"template":"","format":"image","meta":{"ngg_post_thumbnail":0,"footnotes":""},"categories":[415],"tags":[],"taetigkeiten":[],"chronik-jahre":[],"chronik-gemeinden":[],"walserheimat":[],"gebiete":[],"superkategorien":[],"class_list":["post-10738","post","type-post","status-publish","format-image","hentry","category-museen","post_format-post-format-image"],"_links":{"self":[{"href":"https:\/\/www.vorarlberger-walservereinigung.at\/vwvwp\/wp-json\/wp\/v2\/posts\/10738","targetHints":{"allow":["GET"]}}],"collection":[{"href":"https:\/\/www.vorarlberger-walservereinigung.at\/vwvwp\/wp-json\/wp\/v2\/posts"}],"about":[{"href":"https:\/\/www.vorarlberger-walservereinigung.at\/vwvwp\/wp-json\/wp\/v2\/types\/post"}],"author":[{"embeddable":true,"href":"https:\/\/www.vorarlberger-walservereinigung.at\/vwvwp\/wp-json\/wp\/v2\/users\/1"}],"replies":[{"embeddable":true,"href":"https:\/\/www.vorarlberger-walservereinigung.at\/vwvwp\/wp-json\/wp\/v2\/comments?post=10738"}],"version-history":[{"count":5,"href":"https:\/\/www.vorarlberger-walservereinigung.at\/vwvwp\/wp-json\/wp\/v2\/posts\/10738\/revisions"}],"predecessor-version":[{"id":18840,"href":"https:\/\/www.vorarlberger-walservereinigung.at\/vwvwp\/wp-json\/wp\/v2\/posts\/10738\/revisions\/18840"}],"wp:attachment":[{"href":"https:\/\/www.vorarlberger-walservereinigung.at\/vwvwp\/wp-json\/wp\/v2\/media?parent=10738"}],"wp:term":[{"taxonomy":"category","embeddable":true,"href":"https:\/\/www.vorarlberger-walservereinigung.at\/vwvwp\/wp-json\/wp\/v2\/categories?post=10738"},{"taxonomy":"post_tag","embeddable":true,"href":"https:\/\/www.vorarlberger-walservereinigung.at\/vwvwp\/wp-json\/wp\/v2\/tags?post=10738"},{"taxonomy":"taetigkeiten","embeddable":true,"href":"https:\/\/www.vorarlberger-walservereinigung.at\/vwvwp\/wp-json\/wp\/v2\/taetigkeiten?post=10738"},{"taxonomy":"chronik-jahre","embeddable":true,"href":"https:\/\/www.vorarlberger-walservereinigung.at\/vwvwp\/wp-json\/wp\/v2\/chronik-jahre?post=10738"},{"taxonomy":"chronik-gemeinden","embeddable":true,"href":"https:\/\/www.vorarlberger-walservereinigung.at\/vwvwp\/wp-json\/wp\/v2\/chronik-gemeinden?post=10738"},{"taxonomy":"walserheimat","embeddable":true,"href":"https:\/\/www.vorarlberger-walservereinigung.at\/vwvwp\/wp-json\/wp\/v2\/walserheimat?post=10738"},{"taxonomy":"gebiete","embeddable":true,"href":"https:\/\/www.vorarlberger-walservereinigung.at\/vwvwp\/wp-json\/wp\/v2\/gebiete?post=10738"},{"taxonomy":"superkategorien","embeddable":true,"href":"https:\/\/www.vorarlberger-walservereinigung.at\/vwvwp\/wp-json\/wp\/v2\/superkategorien?post=10738"}],"curies":[{"name":"wp","href":"https:\/\/api.w.org\/{rel}","templated":true}]}}