{"id":10485,"date":"2017-01-12T22:41:21","date_gmt":"2017-01-12T21:41:21","guid":{"rendered":"http:\/\/www.vorarlberger-walservereinigung.at\/vwvwp\/?p=10485"},"modified":"2024-02-25T14:35:47","modified_gmt":"2024-02-25T13:35:47","slug":"tracht-in-damuels","status":"publish","type":"post","link":"https:\/\/www.vorarlberger-walservereinigung.at\/vwvwp\/tracht-in-damuels\/","title":{"rendered":"Tracht in Dam\u00fcls"},"content":{"rendered":"<p><img loading=\"lazy\" decoding=\"async\" class=\"alignleft wp-image-1082\" src=\"https:\/\/www.vorarlberger-walservereinigung.at\/vwvwp\/wp-content\/uploads\/2015\/06\/damuels.gif\" width=\"120\" height=\"149\" \/>In Dam\u00fcls wird keine Walser Tracht, sondern die des Bregenzerwaldes getragen. Die schwarze gelackte Juppe ziert ein schwarzes oder ein rotes Mieder, auf dem der bestickte Juppenb\u00e4ndel das ebenfalls reich bestickte F\u00fcrtuch (\u201eBleaz\u201c) einrahmt. Auf der Juppe ist ein feiner blauer Streifen aufgen\u00e4ht, der oberhalb des Knies verl\u00e4uft. Ein Glanzlederg\u00fcrtel, der r\u00fcckw\u00e4rts mit einer filigranen Silberschnalle versehen ist, ziert die Taille. Die \u00c4rmel sind aus wei\u00dfem Leinen oder bunter Seide.<\/p>\n<p> Das M\u00e4dchen ist in der historischen Schwedenjuppe mit wei\u00dfer Baumwollkappe gekleidet. Mieder und Brusttuch sind bei dieser wei\u00dfen Juppe immer rot, das Halstuch blau.<\/p>\n<p> Der Mann tr\u00e4gt einen braunen Lodenrock, eine rote Weste, eine schwarze Kniebundhose mit Steppverzierungen, einen braunen, federkielbestickten Lederg\u00fcrtel und blaue Str\u00fcmpfe. Als Kopfbedeckung dient ein weit ausschwingender schwarzer Hut mit Goldkordel.<\/p>\n<p> Kopfbedeckungen der W\u00e4lderin: schwarze Spitzkappe, schwarzer Strohhut, wie er von der W\u00e4lderin im Sommer getragen wird, eine schwarze Kappe aus Seehundfell, Br\u00e4mokappa genannt. Das M\u00e4dchen tr\u00e4gt ein golddurchwirktes, filigranes Kr\u00f6nele, das Schappele.<\/p>\n","protected":false},"excerpt":{"rendered":"<p>In Dam\u00fcls wird keine Walser Tracht, sondern die des Bregenzerwaldes getragen. Die schwarze gelackte Juppe ziert ein schwarzes oder ein rotes Mieder, auf dem der bestickte Juppenb\u00e4ndel das ebenfalls reich bestickte F\u00fcrtuch (\u201eBleaz\u201c) einrahmt. Auf der Juppe ist ein feiner blauer Streifen aufgen\u00e4ht, der oberhalb des Knies verl\u00e4uft. Ein Glanzlederg\u00fcrtel, der r\u00fcckw\u00e4rts mit einer filigranen [&#8230;]<\/p>\n","protected":false},"author":1,"featured_media":0,"comment_status":"closed","ping_status":"closed","sticky":false,"template":"","format":"image","meta":{"ngg_post_thumbnail":0,"footnotes":""},"categories":[414],"tags":[],"taetigkeiten":[],"chronik-jahre":[],"chronik-gemeinden":[],"walserheimat":[],"gebiete":[],"superkategorien":[],"class_list":["post-10485","post","type-post","status-publish","format-image","hentry","category-trachten","post_format-post-format-image"],"_links":{"self":[{"href":"https:\/\/www.vorarlberger-walservereinigung.at\/vwvwp\/wp-json\/wp\/v2\/posts\/10485","targetHints":{"allow":["GET"]}}],"collection":[{"href":"https:\/\/www.vorarlberger-walservereinigung.at\/vwvwp\/wp-json\/wp\/v2\/posts"}],"about":[{"href":"https:\/\/www.vorarlberger-walservereinigung.at\/vwvwp\/wp-json\/wp\/v2\/types\/post"}],"author":[{"embeddable":true,"href":"https:\/\/www.vorarlberger-walservereinigung.at\/vwvwp\/wp-json\/wp\/v2\/users\/1"}],"replies":[{"embeddable":true,"href":"https:\/\/www.vorarlberger-walservereinigung.at\/vwvwp\/wp-json\/wp\/v2\/comments?post=10485"}],"version-history":[{"count":2,"href":"https:\/\/www.vorarlberger-walservereinigung.at\/vwvwp\/wp-json\/wp\/v2\/posts\/10485\/revisions"}],"predecessor-version":[{"id":17806,"href":"https:\/\/www.vorarlberger-walservereinigung.at\/vwvwp\/wp-json\/wp\/v2\/posts\/10485\/revisions\/17806"}],"wp:attachment":[{"href":"https:\/\/www.vorarlberger-walservereinigung.at\/vwvwp\/wp-json\/wp\/v2\/media?parent=10485"}],"wp:term":[{"taxonomy":"category","embeddable":true,"href":"https:\/\/www.vorarlberger-walservereinigung.at\/vwvwp\/wp-json\/wp\/v2\/categories?post=10485"},{"taxonomy":"post_tag","embeddable":true,"href":"https:\/\/www.vorarlberger-walservereinigung.at\/vwvwp\/wp-json\/wp\/v2\/tags?post=10485"},{"taxonomy":"taetigkeiten","embeddable":true,"href":"https:\/\/www.vorarlberger-walservereinigung.at\/vwvwp\/wp-json\/wp\/v2\/taetigkeiten?post=10485"},{"taxonomy":"chronik-jahre","embeddable":true,"href":"https:\/\/www.vorarlberger-walservereinigung.at\/vwvwp\/wp-json\/wp\/v2\/chronik-jahre?post=10485"},{"taxonomy":"chronik-gemeinden","embeddable":true,"href":"https:\/\/www.vorarlberger-walservereinigung.at\/vwvwp\/wp-json\/wp\/v2\/chronik-gemeinden?post=10485"},{"taxonomy":"walserheimat","embeddable":true,"href":"https:\/\/www.vorarlberger-walservereinigung.at\/vwvwp\/wp-json\/wp\/v2\/walserheimat?post=10485"},{"taxonomy":"gebiete","embeddable":true,"href":"https:\/\/www.vorarlberger-walservereinigung.at\/vwvwp\/wp-json\/wp\/v2\/gebiete?post=10485"},{"taxonomy":"superkategorien","embeddable":true,"href":"https:\/\/www.vorarlberger-walservereinigung.at\/vwvwp\/wp-json\/wp\/v2\/superkategorien?post=10485"}],"curies":[{"name":"wp","href":"https:\/\/api.w.org\/{rel}","templated":true}]}}