{"id":10103,"date":"2016-12-04T15:22:05","date_gmt":"2016-12-04T14:22:05","guid":{"rendered":"http:\/\/www.vorarlberger-walservereinigung.at\/vwvwp\/?p=10103"},"modified":"2017-05-06T23:10:18","modified_gmt":"2017-05-06T21:10:18","slug":"walserheimat-70-juni-2002","status":"publish","type":"post","link":"https:\/\/www.vorarlberger-walservereinigung.at\/vwvwp\/walserheimat-70-juni-2002\/","title":{"rendered":"Walserheimat  70, Juni 2002"},"content":{"rendered":"<h2><span style=\"color: rgb(51, 102, 255);\"><img loading=\"lazy\" decoding=\"async\" width=\"209\" height=\"300\" class=\"alignleft size-medium wp-image-10017\" alt=\"wh70\" src=\"https:\/\/www.vorarlberger-walservereinigung.at\/vwvwp\/wp-content\/uploads\/2016\/08\/WH70-209x300.jpg\" srcset=\"https:\/\/www.vorarlberger-walservereinigung.at\/vwvwp\/wp-content\/uploads\/2016\/08\/WH70-209x300.jpg 209w, https:\/\/www.vorarlberger-walservereinigung.at\/vwvwp\/wp-content\/uploads\/2016\/08\/WH70-104x150.jpg 104w, https:\/\/www.vorarlberger-walservereinigung.at\/vwvwp\/wp-content\/uploads\/2016\/08\/WH70.jpg 236w\" sizes=\"auto, (max-width: 209px) 100vw, 209px\" \/>Chroniken der Walserd\u00f6rfer II\/2001<\/span><\/h2>\n<p>mit weiteren Beitr\u00e4gen von Alois Fritz, Tiburt Fritz,&nbsp; Amanda Nesensohn, Patrick Burtscher, Christiane Kegele u.a.<\/p>\n<p><!--more--><\/p>\n\n<table id=\"tablepress-70\" class=\"tablepress tablepress-id-70\">\n<thead>\n<tr class=\"row-1\">\n\t<th class=\"column-1\">Autor<\/th><th class=\"column-2\">Beitrag<\/th><th class=\"column-3\">Seite<\/th>\n<\/tr>\n<\/thead>\n<tbody class=\"row-striping row-hover\">\n<tr class=\"row-2\">\n\t<td class=\"column-1\">Alois Fritz:<\/td><td class=\"column-2\">Liebe Leserin! Lieber Leser!<\/td><td class=\"column-3\">658<\/td>\n<\/tr>\n<tr class=\"row-3\">\n\t<td class=\"column-1\">Karl Fritsche:<\/td><td class=\"column-2\">Walser in B\u00fcrserberg<\/td><td class=\"column-3\">659<\/td>\n<\/tr>\n<tr class=\"row-4\">\n\t<td class=\"column-1\">Werner Vogt:<\/td><td class=\"column-2\">B\u00fcrserberg - eine Walser Gemeinde<\/td><td class=\"column-3\">668<\/td>\n<\/tr>\n<tr class=\"row-5\">\n\t<td class=\"column-1\">Tiburt Fritz:<\/td><td class=\"column-2\">Die Romanen in Graub\u00fcnden<br\/><br \/>\nIls rum\u00e0ntschs in grisch\u00f9n - Teil 1<\/td><td class=\"column-3\">671<\/td>\n<\/tr>\n<tr class=\"row-6\">\n\t<td class=\"column-1\">Patrick Burtscher:<\/td><td class=\"column-2\">Der Seewaldsee in Fontanella<\/td><td class=\"column-3\">679<\/td>\n<\/tr>\n<tr class=\"row-7\">\n\t<td class=\"column-1\">Tiburt Fritz:<\/td><td class=\"column-2\">Der Chrans<br\/><\/td><td class=\"column-3\">683<\/td>\n<\/tr>\n<tr class=\"row-8\">\n\t<td class=\"column-1\">Christiane Kegele:<\/td><td class=\"column-2\">Die Herz-Jesu-Kapelle in Brand-Innertal<\/td><td class=\"column-3\">685<\/td>\n<\/tr>\n<tr class=\"row-9\">\n\t<td class=\"column-1\">Wilhelm Fritz:<\/td><td class=\"column-2\">Instrumentalst\u00fcck \"Ds K\u00fc\u00fcram\u00e4ndle\"<\/td><td class=\"column-3\">687<\/td>\n<\/tr>\n<tr class=\"row-10\">\n\t<td class=\"column-1\">Klaus Gehrer:<\/td><td class=\"column-2\">Speisen und wohl f\u00fchlen auf 2000 m auf dem Walmendingerhorn<\/td><td class=\"column-3\">688<\/td>\n<\/tr>\n<tr class=\"row-11\">\n\t<td class=\"column-1\"><\/td><td class=\"column-2\">7. Leserwettbewerb<\/td><td class=\"column-3\">691<\/td>\n<\/tr>\n<tr class=\"row-12\">\n\t<td class=\"column-1\">Amanda Nesensohn:<\/td><td class=\"column-2\">Laternser Mundart<br\/><\/td><td class=\"column-3\">692<\/td>\n<\/tr>\n<tr class=\"row-13\">\n\t<td class=\"column-1\"><\/td><td class=\"column-2\">Aus der B\u00fccherecke<\/td><td class=\"column-3\">693<\/td>\n<\/tr>\n<tr class=\"row-14\">\n\t<td class=\"column-1\">Stefan Heim:<\/td><td class=\"column-2\">Siegfried Holzer, Chronist der Gemeinde Mittelberg, zum ehrenden Gedenken<\/td><td class=\"column-3\">697<\/td>\n<\/tr>\n<tr class=\"row-15\">\n\t<td class=\"column-1\"><\/td><td class=\"column-2\"><\/td><td class=\"column-3\"><\/td>\n<\/tr>\n<tr class=\"row-16\">\n\t<td class=\"column-1\">Chronik der Walserd\u00f6rfer:<\/td><td class=\"column-2\">1. November 2001 bis 30. April 2002<\/td><td class=\"column-3\">700<\/td>\n<\/tr>\n<\/tbody>\n<\/table>\n<!-- #tablepress-70 from cache -->\n","protected":false},"excerpt":{"rendered":"<p>Chroniken der Walserd\u00f6rfer II\/2001 mit weiteren Beitr\u00e4gen von Alois Fritz, Tiburt Fritz,&nbsp; Amanda Nesensohn, Patrick Burtscher, Christiane Kegele u.a. (mehr\u00a0&hellip;)<\/p>\n","protected":false},"author":1,"featured_media":0,"comment_status":"closed","ping_status":"closed","sticky":false,"template":"","format":"image","meta":{"ngg_post_thumbnail":0,"footnotes":""},"categories":[12],"tags":[],"taetigkeiten":[],"chronik-jahre":[],"chronik-gemeinden":[],"walserheimat":[429],"gebiete":[],"superkategorien":[],"class_list":["post-10103","post","type-post","status-publish","format-image","hentry","category-zeitschrift","post_format-post-format-image","walserheimat-wh70"],"_links":{"self":[{"href":"https:\/\/www.vorarlberger-walservereinigung.at\/vwvwp\/wp-json\/wp\/v2\/posts\/10103","targetHints":{"allow":["GET"]}}],"collection":[{"href":"https:\/\/www.vorarlberger-walservereinigung.at\/vwvwp\/wp-json\/wp\/v2\/posts"}],"about":[{"href":"https:\/\/www.vorarlberger-walservereinigung.at\/vwvwp\/wp-json\/wp\/v2\/types\/post"}],"author":[{"embeddable":true,"href":"https:\/\/www.vorarlberger-walservereinigung.at\/vwvwp\/wp-json\/wp\/v2\/users\/1"}],"replies":[{"embeddable":true,"href":"https:\/\/www.vorarlberger-walservereinigung.at\/vwvwp\/wp-json\/wp\/v2\/comments?post=10103"}],"version-history":[{"count":3,"href":"https:\/\/www.vorarlberger-walservereinigung.at\/vwvwp\/wp-json\/wp\/v2\/posts\/10103\/revisions"}],"predecessor-version":[{"id":11680,"href":"https:\/\/www.vorarlberger-walservereinigung.at\/vwvwp\/wp-json\/wp\/v2\/posts\/10103\/revisions\/11680"}],"wp:attachment":[{"href":"https:\/\/www.vorarlberger-walservereinigung.at\/vwvwp\/wp-json\/wp\/v2\/media?parent=10103"}],"wp:term":[{"taxonomy":"category","embeddable":true,"href":"https:\/\/www.vorarlberger-walservereinigung.at\/vwvwp\/wp-json\/wp\/v2\/categories?post=10103"},{"taxonomy":"post_tag","embeddable":true,"href":"https:\/\/www.vorarlberger-walservereinigung.at\/vwvwp\/wp-json\/wp\/v2\/tags?post=10103"},{"taxonomy":"taetigkeiten","embeddable":true,"href":"https:\/\/www.vorarlberger-walservereinigung.at\/vwvwp\/wp-json\/wp\/v2\/taetigkeiten?post=10103"},{"taxonomy":"chronik-jahre","embeddable":true,"href":"https:\/\/www.vorarlberger-walservereinigung.at\/vwvwp\/wp-json\/wp\/v2\/chronik-jahre?post=10103"},{"taxonomy":"chronik-gemeinden","embeddable":true,"href":"https:\/\/www.vorarlberger-walservereinigung.at\/vwvwp\/wp-json\/wp\/v2\/chronik-gemeinden?post=10103"},{"taxonomy":"walserheimat","embeddable":true,"href":"https:\/\/www.vorarlberger-walservereinigung.at\/vwvwp\/wp-json\/wp\/v2\/walserheimat?post=10103"},{"taxonomy":"gebiete","embeddable":true,"href":"https:\/\/www.vorarlberger-walservereinigung.at\/vwvwp\/wp-json\/wp\/v2\/gebiete?post=10103"},{"taxonomy":"superkategorien","embeddable":true,"href":"https:\/\/www.vorarlberger-walservereinigung.at\/vwvwp\/wp-json\/wp\/v2\/superkategorien?post=10103"}],"curies":[{"name":"wp","href":"https:\/\/api.w.org\/{rel}","templated":true}]}}