{"id":10095,"date":"2016-12-04T15:17:30","date_gmt":"2016-12-04T14:17:30","guid":{"rendered":"http:\/\/www.vorarlberger-walservereinigung.at\/vwvwp\/?p=10095"},"modified":"2017-05-06T23:07:57","modified_gmt":"2017-05-06T21:07:57","slug":"walserheimat-73-dezember-2003","status":"publish","type":"post","link":"https:\/\/www.vorarlberger-walservereinigung.at\/vwvwp\/walserheimat-73-dezember-2003\/","title":{"rendered":"Walserheimat  73, Dezember 2003"},"content":{"rendered":"<h2><span style=\"color: rgb(51, 102, 255);\"><img loading=\"lazy\" decoding=\"async\" width=\"213\" height=\"300\" class=\"alignleft size-medium wp-image-10020\" alt=\"wh73\" src=\"https:\/\/www.vorarlberger-walservereinigung.at\/vwvwp\/wp-content\/uploads\/2016\/08\/WH73-213x300.jpg\" srcset=\"https:\/\/www.vorarlberger-walservereinigung.at\/vwvwp\/wp-content\/uploads\/2016\/08\/WH73-213x300.jpg 213w, https:\/\/www.vorarlberger-walservereinigung.at\/vwvwp\/wp-content\/uploads\/2016\/08\/WH73-768x1084.jpg 768w, https:\/\/www.vorarlberger-walservereinigung.at\/vwvwp\/wp-content\/uploads\/2016\/08\/WH73-726x1024.jpg 726w, https:\/\/www.vorarlberger-walservereinigung.at\/vwvwp\/wp-content\/uploads\/2016\/08\/WH73-106x150.jpg 106w, https:\/\/www.vorarlberger-walservereinigung.at\/vwvwp\/wp-content\/uploads\/2016\/08\/WH73.jpg 1245w\" sizes=\"auto, (max-width: 213px) 100vw, 213px\" \/>Chroniken der Walserd\u00f6rfer I\/2003<\/span><\/h2>\n<p>mit weiteren Beitr\u00e4gen von Alois Fritz, Tiburt Fritz, Alexandra Robl, Caroline Walde, Prof. Klaus Oeggl, Petra Walser, Leo Walser u.a.<\/p>\n<p><!--more--><\/p>\n\n<table id=\"tablepress-73\" class=\"tablepress tablepress-id-73\">\n<thead>\n<tr class=\"row-1\">\n\t<th class=\"column-1\">Autor<\/th><th class=\"column-2\">Beitrag<\/th><th class=\"column-3\">Seite<\/th>\n<\/tr>\n<\/thead>\n<tbody class=\"row-striping row-hover\">\n<tr class=\"row-2\">\n\t<td class=\"column-1\">Alois Fritz:<\/td><td class=\"column-2\">Liebe Leserin! Lieber Leser!<\/td><td class=\"column-3\">154<\/td>\n<\/tr>\n<tr class=\"row-3\">\n\t<td class=\"column-1\">Gernot Ganahl:<\/td><td class=\"column-2\">R\u00e4toromanisches im Gro\u00dfen Walsertal<\/td><td class=\"column-3\">155<\/td>\n<\/tr>\n<tr class=\"row-4\">\n\t<td class=\"column-1\">Carolina Walde und Klaus Oeggl:<\/td><td class=\"column-2\"><a href=\"http:\/\/www.vorarlberger-walservereinigung.at\/vwvwp\/bluetenstaub-enthuellt-3000-jaehrige-siedlungsgeschichte-im-tannberggebiet\/\" target=\"_top\">Bl\u00fctenstaub enth\u00fcllt dreitausendj\u00e4hrige Siedlungsgeschichte im Tannberggebiet<\/a><\/td><td class=\"column-3\">162<\/td>\n<\/tr>\n<tr class=\"row-5\">\n\t<td class=\"column-1\">Petra Walser:<\/td><td class=\"column-2\">Der Monzabonsee, kleines Wasser im Gebirge<\/td><td class=\"column-3\">176<\/td>\n<\/tr>\n<tr class=\"row-6\">\n\t<td class=\"column-1\"><\/td><td class=\"column-2\">Der schwarze Pudel auf Monzabon<\/td><td class=\"column-3\">178<\/td>\n<\/tr>\n<tr class=\"row-7\">\n\t<td class=\"column-1\">Leo Walser:<\/td><td class=\"column-2\">Restaurierung und Erhaltung von Mais\u00e4\u00df- und Alpgeb\u00e4uden im Montafon<br \/>\n<\/td><td class=\"column-3\">179<\/td>\n<\/tr>\n<tr class=\"row-8\">\n\t<td class=\"column-1\">Hans Netzer:<\/td><td class=\"column-2\">Der Butz vom Ober Gafluna<\/td><td class=\"column-3\">180<\/td>\n<\/tr>\n<tr class=\"row-9\">\n\t<td class=\"column-1\">Tiburt Fritz:<\/td><td class=\"column-2\">Walser Kirchentag und 36. Vollversammlung in Lech<\/td><td class=\"column-3\">182<\/td>\n<\/tr>\n<tr class=\"row-10\">\n\t<td class=\"column-1\">Hans Netzer:<\/td><td class=\"column-2\">Walser Bauerntag im Silbertal<\/td><td class=\"column-3\">184<\/td>\n<\/tr>\n<tr class=\"row-11\">\n\t<td class=\"column-1\"><\/td><td class=\"column-2\">Vaischlas v'lain fer<\/td><td class=\"column-3\">186<\/td>\n<\/tr>\n<tr class=\"row-12\">\n\t<td class=\"column-1\">Erich Schallert:<\/td><td class=\"column-2\">Die neue M\u00e4nnertracht in Brand<\/td><td class=\"column-3\">187<\/td>\n<\/tr>\n<tr class=\"row-13\">\n\t<td class=\"column-1\">Kurt Wanner:<\/td><td class=\"column-2\">Max Waibel, unterwegs zu den Walsern<\/td><td class=\"column-3\">189<\/td>\n<\/tr>\n<tr class=\"row-14\">\n\t<td class=\"column-1\"><\/td><td class=\"column-2\">B\u00fcndner Walser erz\u00e4hlen - ein au\u00dfergew\u00f6hnliches Tondokument<\/td><td class=\"column-3\">190<\/td>\n<\/tr>\n<tr class=\"row-15\">\n\t<td class=\"column-1\">Anton T\u00fcrtscher:<\/td><td class=\"column-2\">Christian Bischof zum Gedenken<\/td><td class=\"column-3\">191<\/td>\n<\/tr>\n<tr class=\"row-16\">\n\t<td class=\"column-1\">Sebastian Bickel:<\/td><td class=\"column-2\">Josef M\u00fcller zum Gedenken<\/td><td class=\"column-3\">192<\/td>\n<\/tr>\n<tr class=\"row-17\">\n\t<td class=\"column-1\">Chronik der Walserd\u00f6rfer:<br \/>\n<\/td><td class=\"column-2\">1. Mai 2003 bis 31. Oktober 2003<\/td><td class=\"column-3\">193<\/td>\n<\/tr>\n<\/tbody>\n<\/table>\n<!-- #tablepress-73 from cache -->\n","protected":false},"excerpt":{"rendered":"<p>Chroniken der Walserd\u00f6rfer I\/2003 mit weiteren Beitr\u00e4gen von Alois Fritz, Tiburt Fritz, Alexandra Robl, Caroline Walde, Prof. Klaus Oeggl, Petra Walser, Leo Walser u.a. (mehr\u00a0&hellip;)<\/p>\n","protected":false},"author":1,"featured_media":0,"comment_status":"closed","ping_status":"closed","sticky":false,"template":"","format":"image","meta":{"ngg_post_thumbnail":0,"footnotes":""},"categories":[12],"tags":[],"taetigkeiten":[],"chronik-jahre":[],"chronik-gemeinden":[],"walserheimat":[432],"gebiete":[],"superkategorien":[],"class_list":["post-10095","post","type-post","status-publish","format-image","hentry","category-zeitschrift","post_format-post-format-image","walserheimat-wh73"],"_links":{"self":[{"href":"https:\/\/www.vorarlberger-walservereinigung.at\/vwvwp\/wp-json\/wp\/v2\/posts\/10095","targetHints":{"allow":["GET"]}}],"collection":[{"href":"https:\/\/www.vorarlberger-walservereinigung.at\/vwvwp\/wp-json\/wp\/v2\/posts"}],"about":[{"href":"https:\/\/www.vorarlberger-walservereinigung.at\/vwvwp\/wp-json\/wp\/v2\/types\/post"}],"author":[{"embeddable":true,"href":"https:\/\/www.vorarlberger-walservereinigung.at\/vwvwp\/wp-json\/wp\/v2\/users\/1"}],"replies":[{"embeddable":true,"href":"https:\/\/www.vorarlberger-walservereinigung.at\/vwvwp\/wp-json\/wp\/v2\/comments?post=10095"}],"version-history":[{"count":3,"href":"https:\/\/www.vorarlberger-walservereinigung.at\/vwvwp\/wp-json\/wp\/v2\/posts\/10095\/revisions"}],"predecessor-version":[{"id":11677,"href":"https:\/\/www.vorarlberger-walservereinigung.at\/vwvwp\/wp-json\/wp\/v2\/posts\/10095\/revisions\/11677"}],"wp:attachment":[{"href":"https:\/\/www.vorarlberger-walservereinigung.at\/vwvwp\/wp-json\/wp\/v2\/media?parent=10095"}],"wp:term":[{"taxonomy":"category","embeddable":true,"href":"https:\/\/www.vorarlberger-walservereinigung.at\/vwvwp\/wp-json\/wp\/v2\/categories?post=10095"},{"taxonomy":"post_tag","embeddable":true,"href":"https:\/\/www.vorarlberger-walservereinigung.at\/vwvwp\/wp-json\/wp\/v2\/tags?post=10095"},{"taxonomy":"taetigkeiten","embeddable":true,"href":"https:\/\/www.vorarlberger-walservereinigung.at\/vwvwp\/wp-json\/wp\/v2\/taetigkeiten?post=10095"},{"taxonomy":"chronik-jahre","embeddable":true,"href":"https:\/\/www.vorarlberger-walservereinigung.at\/vwvwp\/wp-json\/wp\/v2\/chronik-jahre?post=10095"},{"taxonomy":"chronik-gemeinden","embeddable":true,"href":"https:\/\/www.vorarlberger-walservereinigung.at\/vwvwp\/wp-json\/wp\/v2\/chronik-gemeinden?post=10095"},{"taxonomy":"walserheimat","embeddable":true,"href":"https:\/\/www.vorarlberger-walservereinigung.at\/vwvwp\/wp-json\/wp\/v2\/walserheimat?post=10095"},{"taxonomy":"gebiete","embeddable":true,"href":"https:\/\/www.vorarlberger-walservereinigung.at\/vwvwp\/wp-json\/wp\/v2\/gebiete?post=10095"},{"taxonomy":"superkategorien","embeddable":true,"href":"https:\/\/www.vorarlberger-walservereinigung.at\/vwvwp\/wp-json\/wp\/v2\/superkategorien?post=10095"}],"curies":[{"name":"wp","href":"https:\/\/api.w.org\/{rel}","templated":true}]}}