{"id":10081,"date":"2016-12-04T15:05:17","date_gmt":"2016-12-04T14:05:17","guid":{"rendered":"http:\/\/www.vorarlberger-walservereinigung.at\/vwvwp\/?p=10081"},"modified":"2017-05-06T23:03:14","modified_gmt":"2017-05-06T21:03:14","slug":"walserheimat-80-februar-2007","status":"publish","type":"post","link":"https:\/\/www.vorarlberger-walservereinigung.at\/vwvwp\/walserheimat-80-februar-2007\/","title":{"rendered":"Walserheimat  80, Februar 2007"},"content":{"rendered":"<h2><span style=\"color: rgb(51, 102, 255);\"><img loading=\"lazy\" decoding=\"async\" width=\"219\" height=\"300\" class=\"alignleft size-medium wp-image-9994\" alt=\"wh80\" src=\"https:\/\/www.vorarlberger-walservereinigung.at\/vwvwp\/wp-content\/uploads\/2016\/08\/WH80-219x300.jpg\" srcset=\"https:\/\/www.vorarlberger-walservereinigung.at\/vwvwp\/wp-content\/uploads\/2016\/08\/WH80-219x300.jpg 219w, https:\/\/www.vorarlberger-walservereinigung.at\/vwvwp\/wp-content\/uploads\/2016\/08\/WH80-110x150.jpg 110w, https:\/\/www.vorarlberger-walservereinigung.at\/vwvwp\/wp-content\/uploads\/2016\/08\/WH80.jpg 512w\" sizes=\"auto, (max-width: 219px) 100vw, 219px\" \/>Chroniken der Walserd\u00f6rfer 2006<\/span><\/h2>\n<p>mit weiteren Beitr\u00e4gen von&nbsp;Alois Fritz, Tiburt Fritz, Josef Eberle, Harald Hronek, Ludwig Seeger, Dietmar Nigsch, Elisabeth Burtscher, Gebhard Fritz, Werner Rinderer u.a.<\/p>\n<p><!--more--><\/p>\n\n<table id=\"tablepress-80\" class=\"tablepress tablepress-id-80\">\n<thead>\n<tr class=\"row-1\">\n\t<th class=\"column-1\">Autor<\/th><th class=\"column-2\">Beitrag<\/th><th class=\"column-3\">Seite<\/th>\n<\/tr>\n<\/thead>\n<tbody class=\"row-striping row-hover\">\n<tr class=\"row-2\">\n\t<td class=\"column-1\">Alois Fritz:<\/td><td class=\"column-2\">Liebe Leserin, werter Leser!<\/td><td class=\"column-3\">666<\/td>\n<\/tr>\n<tr class=\"row-3\">\n\t<td class=\"column-1\">Tiburt Fritz:<\/td><td class=\"column-2\">In eigener Sache<\/td><td class=\"column-3\">667<\/td>\n<\/tr>\n<tr class=\"row-4\">\n\t<td class=\"column-1\">Josef Eberle:<\/td><td class=\"column-2\"><a href=\"http:\/\/www.walser-alps.eu\/\" target=\"_blank\">www.walser-alps.eu<\/a><\/td><td class=\"column-3\">668<\/td>\n<\/tr>\n<tr class=\"row-5\">\n\t<td class=\"column-1\">Harald Hronek:<\/td><td class=\"column-2\">Net lugg lo ... <\/td><td class=\"column-3\">670<\/td>\n<\/tr>\n<tr class=\"row-6\">\n\t<td class=\"column-1\">Ludwig Seeger:<\/td><td class=\"column-2\">Lied \"Uf da Berga ischt mi Leaba, ...\"<\/td><td class=\"column-3\">672<\/td>\n<\/tr>\n<tr class=\"row-7\">\n\t<td class=\"column-1\">Dietmar Nigsch u.a.:<\/td><td class=\"column-2\">Das Festival mitten in den Bergen!<\/td><td class=\"column-3\">673<\/td>\n<\/tr>\n<tr class=\"row-8\">\n\t<td class=\"column-1\">Elisabeth Burtscher:<\/td><td class=\"column-2\">Gratheuen im Gro\u00dfen Walsertal<\/td><td class=\"column-3\">678<\/td>\n<\/tr>\n<tr class=\"row-9\">\n\t<td class=\"column-1\">Gebhard Fritz:<\/td><td class=\"column-2\">Lebensbild Ewald Strolz<\/td><td class=\"column-3\">679<\/td>\n<\/tr>\n<tr class=\"row-10\">\n\t<td class=\"column-1\">Gebhard Fritz:<\/td><td class=\"column-2\">Anna Fritz - 100 Jahre<\/td><td class=\"column-3\">680<\/td>\n<\/tr>\n<tr class=\"row-11\">\n\t<td class=\"column-1\">Werner Rinderer:<\/td><td class=\"column-2\">In memoriam Reinold Kaufmann<\/td><td class=\"column-3\">682<\/td>\n<\/tr>\n<tr class=\"row-12\">\n\t<td class=\"column-1\">Josef Eberle:<\/td><td class=\"column-2\">Triesenberg<\/td><td class=\"column-3\">683<\/td>\n<\/tr>\n<tr class=\"row-13\">\n\t<td class=\"column-1\">Karl Fritsche:<\/td><td class=\"column-2\">B\u00fcrserberg<\/td><td class=\"column-3\">686<\/td>\n<\/tr>\n<tr class=\"row-14\">\n\t<td class=\"column-1\">Erich Schallert:<\/td><td class=\"column-2\">Brand<\/td><td class=\"column-3\">689<\/td>\n<\/tr>\n<tr class=\"row-15\">\n\t<td class=\"column-1\">Annemarie Hartmann:<\/td><td class=\"column-2\">D\u00fcnserberg<\/td><td class=\"column-3\">691<\/td>\n<\/tr>\n<tr class=\"row-16\">\n\t<td class=\"column-1\">Thomas Peter:<\/td><td class=\"column-2\">Ebnit<\/td><td class=\"column-3\">693<\/td>\n<\/tr>\n<tr class=\"row-17\">\n\t<td class=\"column-1\">Dietmar Breu\u00df:<\/td><td class=\"column-2\">Laterns<\/td><td class=\"column-3\">699<\/td>\n<\/tr>\n<tr class=\"row-18\">\n\t<td class=\"column-1\">Gernot Ganahl:<\/td><td class=\"column-2\">Gro\u00dfes Walsertal<\/td><td class=\"column-3\">703<\/td>\n<\/tr>\n<tr class=\"row-19\">\n\t<td class=\"column-1\">Werner Rinderer:<\/td><td class=\"column-2\">Th\u00fcringerberg<\/td><td class=\"column-3\">704<\/td>\n<\/tr>\n<tr class=\"row-20\">\n\t<td class=\"column-1\">Gernot Ganahl:<\/td><td class=\"column-2\">St. Gerold<\/td><td class=\"column-3\">708<\/td>\n<\/tr>\n<tr class=\"row-21\">\n\t<td class=\"column-1\">Otmar Ganahl:<\/td><td class=\"column-2\">Blons<\/td><td class=\"column-3\">710<\/td>\n<\/tr>\n<tr class=\"row-22\">\n\t<td class=\"column-1\">Josef Schneider:<\/td><td class=\"column-2\">Raggal-Marul<\/td><td class=\"column-3\">712<\/td>\n<\/tr>\n<tr class=\"row-23\">\n\t<td class=\"column-1\">Monika Bischof:<\/td><td class=\"column-2\">Sonntag-Buchboden<\/td><td class=\"column-3\">715<\/td>\n<\/tr>\n<tr class=\"row-24\">\n\t<td class=\"column-1\">Marlies Bouzo:<\/td><td class=\"column-2\">Fontanella<\/td><td class=\"column-3\">718<\/td>\n<\/tr>\n<tr class=\"row-25\">\n\t<td class=\"column-1\">Bernd Madlener:<\/td><td class=\"column-2\">Dam\u00fcls<\/td><td class=\"column-3\">720<\/td>\n<\/tr>\n<tr class=\"row-26\">\n\t<td class=\"column-1\">Stefan Heim:<\/td><td class=\"column-2\">Kleines Walsertal<\/td><td class=\"column-3\">723<\/td>\n<\/tr>\n<tr class=\"row-27\">\n\t<td class=\"column-1\">Stefan Schwarzmann:<\/td><td class=\"column-2\">Schr\u00f6cken<\/td><td class=\"column-3\">730<\/td>\n<\/tr>\n<tr class=\"row-28\">\n\t<td class=\"column-1\">Gebhard Fritz:<\/td><td class=\"column-2\">Warth<\/td><td class=\"column-3\">733<\/td>\n<\/tr>\n<tr class=\"row-29\">\n\t<td class=\"column-1\">Petra Walser:<\/td><td class=\"column-2\">Lech<\/td><td class=\"column-3\">734<\/td>\n<\/tr>\n<tr class=\"row-30\">\n\t<td class=\"column-1\">Hans Netzer:<\/td><td class=\"column-2\">Silbertal<\/td><td class=\"column-3\">736<\/td>\n<\/tr>\n<tr class=\"row-31\">\n\t<td class=\"column-1\">Anton Mattle:<\/td><td class=\"column-2\">Galt\u00fcr<\/td><td class=\"column-3\">738<\/td>\n<\/tr>\n<tr class=\"row-32\">\n\t<td class=\"column-1\"><\/td><td class=\"column-2\"><a href=\"http:\/\/www.vorarlberger-walservereinigung.at\/vwvwp\/events\/event\/15-internationales-walsertreffen-in-galtuer\/\" target=\"_top\">16. Internationales Walsertreffen in Galt\u00fcr<br \/>\n<\/a><\/td><td class=\"column-3\">742<\/td>\n<\/tr>\n<tr class=\"row-33\">\n\t<td class=\"column-1\"><\/td><td class=\"column-2\"><a href=\"http:\/\/www.vorarlberger-walservereinigung.at\/vwvwp\/events\/event\/10-internationale-walser-skimeisterschaften-in-spluegen\/\" target=\"_top\">10. internationale Walser Skimeisterschaften<\/a> in Spl\u00fcgen<br \/>\n<\/td><td class=\"column-3\">743<\/td>\n<\/tr>\n<tr class=\"row-34\">\n\t<td class=\"column-1\">Ildefons Flatz:<\/td><td class=\"column-2\">Gedicht: Sch\u00f6nheit \u00fcber Sch\u00f6nheit<\/td><td class=\"column-3\">744<\/td>\n<\/tr>\n<\/tbody>\n<\/table>\n<!-- #tablepress-80 from cache -->\n","protected":false},"excerpt":{"rendered":"<p>Chroniken der Walserd\u00f6rfer 2006 mit weiteren Beitr\u00e4gen von&nbsp;Alois Fritz, Tiburt Fritz, Josef Eberle, Harald Hronek, Ludwig Seeger, Dietmar Nigsch, Elisabeth Burtscher, Gebhard Fritz, Werner Rinderer u.a. (mehr\u00a0&hellip;)<\/p>\n","protected":false},"author":1,"featured_media":0,"comment_status":"closed","ping_status":"closed","sticky":false,"template":"","format":"image","meta":{"ngg_post_thumbnail":0,"footnotes":""},"categories":[12],"tags":[],"taetigkeiten":[],"chronik-jahre":[],"chronik-gemeinden":[],"walserheimat":[439],"gebiete":[],"superkategorien":[],"class_list":["post-10081","post","type-post","status-publish","format-image","hentry","category-zeitschrift","post_format-post-format-image","walserheimat-wh80"],"_links":{"self":[{"href":"https:\/\/www.vorarlberger-walservereinigung.at\/vwvwp\/wp-json\/wp\/v2\/posts\/10081","targetHints":{"allow":["GET"]}}],"collection":[{"href":"https:\/\/www.vorarlberger-walservereinigung.at\/vwvwp\/wp-json\/wp\/v2\/posts"}],"about":[{"href":"https:\/\/www.vorarlberger-walservereinigung.at\/vwvwp\/wp-json\/wp\/v2\/types\/post"}],"author":[{"embeddable":true,"href":"https:\/\/www.vorarlberger-walservereinigung.at\/vwvwp\/wp-json\/wp\/v2\/users\/1"}],"replies":[{"embeddable":true,"href":"https:\/\/www.vorarlberger-walservereinigung.at\/vwvwp\/wp-json\/wp\/v2\/comments?post=10081"}],"version-history":[{"count":4,"href":"https:\/\/www.vorarlberger-walservereinigung.at\/vwvwp\/wp-json\/wp\/v2\/posts\/10081\/revisions"}],"predecessor-version":[{"id":11670,"href":"https:\/\/www.vorarlberger-walservereinigung.at\/vwvwp\/wp-json\/wp\/v2\/posts\/10081\/revisions\/11670"}],"wp:attachment":[{"href":"https:\/\/www.vorarlberger-walservereinigung.at\/vwvwp\/wp-json\/wp\/v2\/media?parent=10081"}],"wp:term":[{"taxonomy":"category","embeddable":true,"href":"https:\/\/www.vorarlberger-walservereinigung.at\/vwvwp\/wp-json\/wp\/v2\/categories?post=10081"},{"taxonomy":"post_tag","embeddable":true,"href":"https:\/\/www.vorarlberger-walservereinigung.at\/vwvwp\/wp-json\/wp\/v2\/tags?post=10081"},{"taxonomy":"taetigkeiten","embeddable":true,"href":"https:\/\/www.vorarlberger-walservereinigung.at\/vwvwp\/wp-json\/wp\/v2\/taetigkeiten?post=10081"},{"taxonomy":"chronik-jahre","embeddable":true,"href":"https:\/\/www.vorarlberger-walservereinigung.at\/vwvwp\/wp-json\/wp\/v2\/chronik-jahre?post=10081"},{"taxonomy":"chronik-gemeinden","embeddable":true,"href":"https:\/\/www.vorarlberger-walservereinigung.at\/vwvwp\/wp-json\/wp\/v2\/chronik-gemeinden?post=10081"},{"taxonomy":"walserheimat","embeddable":true,"href":"https:\/\/www.vorarlberger-walservereinigung.at\/vwvwp\/wp-json\/wp\/v2\/walserheimat?post=10081"},{"taxonomy":"gebiete","embeddable":true,"href":"https:\/\/www.vorarlberger-walservereinigung.at\/vwvwp\/wp-json\/wp\/v2\/gebiete?post=10081"},{"taxonomy":"superkategorien","embeddable":true,"href":"https:\/\/www.vorarlberger-walservereinigung.at\/vwvwp\/wp-json\/wp\/v2\/superkategorien?post=10081"}],"curies":[{"name":"wp","href":"https:\/\/api.w.org\/{rel}","templated":true}]}}