{"id":10056,"date":"2016-12-03T20:45:58","date_gmt":"2016-12-03T19:45:58","guid":{"rendered":"http:\/\/www.vorarlberger-walservereinigung.at\/vwvwp\/?p=10056"},"modified":"2017-05-06T22:55:22","modified_gmt":"2017-05-06T20:55:22","slug":"walserheimat-91-august-2012","status":"publish","type":"post","link":"https:\/\/www.vorarlberger-walservereinigung.at\/vwvwp\/walserheimat-91-august-2012\/","title":{"rendered":"Walserheimat  91, August 2012"},"content":{"rendered":"<h2><span style=\"color: rgb(51, 102, 255);\"><img loading=\"lazy\" decoding=\"async\" width=\"218\" height=\"300\" class=\"alignleft size-medium wp-image-10005\" alt=\"wh91\" src=\"https:\/\/www.vorarlberger-walservereinigung.at\/vwvwp\/wp-content\/uploads\/2016\/08\/WH91-218x300.jpg\" srcset=\"https:\/\/www.vorarlberger-walservereinigung.at\/vwvwp\/wp-content\/uploads\/2016\/08\/WH91.jpg 218w, https:\/\/www.vorarlberger-walservereinigung.at\/vwvwp\/wp-content\/uploads\/2016\/08\/WH91-109x150.jpg 109w\" sizes=\"auto, (max-width: 218px) 100vw, 218px\" \/>Walser Wanderungen und Siedlungen<\/span><\/h2>\n<p>Mit Beitr\u00e4gen von Jodok M\u00fcller, Monika Bischof, Josef Eberle, Eliane Fritz, Dr. Alois Niederst\u00e4tter, Dr. Nikolaus Huhn&nbsp;u.a.<!--more--><\/p>\n\n<table id=\"tablepress-91\" class=\"tablepress tablepress-id-91\">\n<thead>\n<tr class=\"row-1\">\n\t<th class=\"column-1\">Autor<\/th><th class=\"column-2\">\u00a0Beitrag<\/th><th class=\"column-3\">Seite<\/th>\n<\/tr>\n<\/thead>\n<tbody class=\"row-striping row-hover\">\n<tr class=\"row-2\">\n\t<td class=\"column-1\">Barbara Fritz<\/td><td class=\"column-2\">Vorwort<\/td><td class=\"column-3\">62<\/td>\n<\/tr>\n<tr class=\"row-3\">\n\t<td class=\"column-1\">\u00a0<\/td><td class=\"column-2\"><a href=\"\/veranstaltungen\/2012\/vwv\/09-01-ausflug\/\" target=\"_top\">Jahresausflug 2012<\/a><\/td><td class=\"column-3\">63<\/td>\n<\/tr>\n<tr class=\"row-4\">\n\t<td class=\"column-1\">Jodok M\u00fcller<\/td><td class=\"column-2\"><a href=\"\/veranstaltungen\/2012\/vwv\/index.php?k=kap01\" target=\"_top\">Kirchentag und Generalversammlung 2012<\/a><\/td><td class=\"column-3\">64<\/td>\n<\/tr>\n<tr class=\"row-5\">\n\t<td class=\"column-1\">Josef Eberle<\/td><td class=\"column-2\">Karte \"Walser Siedlungen\"<\/td><td class=\"column-3\">66<\/td>\n<\/tr>\n<tr class=\"row-6\">\n\t<td class=\"column-1\">Dr. Alois Niederst\u00e4tter<\/td><td class=\"column-2\">Die \u00e4ltesten Vorarlberger Walser-Urkunden<\/td><td class=\"column-3\">68<\/td>\n<\/tr>\n<tr class=\"row-7\">\n\t<td class=\"column-1\">DDr. Nikolaus Huhn<\/td><td class=\"column-2\">Galt\u00fcr 1320 - \ufffdHomines dicti Walser\ufffd<\/td><td class=\"column-3\">80<\/td>\n<\/tr>\n<tr class=\"row-8\">\n\t<td class=\"column-1\">Josef Eberle<\/td><td class=\"column-2\">\u00c4lteste Urkunde von Triesenberg<\/td><td class=\"column-3\">82<\/td>\n<\/tr>\n<tr class=\"row-9\">\n\t<td class=\"column-1\">Dr. Max Waibel<\/td><td class=\"column-2\">Die mittelalterlichen Walserwanderungen<\/td><td class=\"column-3\">83<\/td>\n<\/tr>\n<tr class=\"row-10\">\n\t<td class=\"column-1\">David Ganahl und Jodok M\u00fcller<\/td><td class=\"column-2\">19 Walser Gemeinden im Portrait<\/td><td class=\"column-3\">93<\/td>\n<\/tr>\n<tr class=\"row-11\">\n\t<td class=\"column-1\">\u00a0<\/td><td class=\"column-2\">Karte \"19 Walser Siedlungen\"<\/td><td class=\"column-3\">94<\/td>\n<\/tr>\n<tr class=\"row-12\">\n\t<td class=\"column-1\">Monika Bischof<\/td><td class=\"column-2\"><a href=\"artikel\/\" target=\"_top\">Walserbewusstsein<\/a><\/td><td class=\"column-3\">115<\/td>\n<\/tr>\n<tr class=\"row-13\">\n\t<td class=\"column-1\">Eliane Fritz<\/td><td class=\"column-2\">\u00d6nsche Schpraach<\/td><td class=\"column-3\">119<\/td>\n<\/tr>\n<tr class=\"row-14\">\n\t<td class=\"column-1\">Birgit Ortner<\/td><td class=\"column-2\">Symbole des Walsertums?<\/td><td class=\"column-3\">123<\/td>\n<\/tr>\n<tr class=\"row-15\">\n\t<td class=\"column-1\">Monika Bischof<\/td><td class=\"column-2\">Genusswandern Gro\u00dfes Walsertal<\/td><td class=\"column-3\">126<\/td>\n<\/tr>\n<tr class=\"row-16\">\n\t<td class=\"column-1\">Elisabeth Burtscher<\/td><td class=\"column-2\">Schreibwerkstatt 2012<\/td><td class=\"column-3\">126<\/td>\n<\/tr>\n<tr class=\"row-17\">\n\t<td class=\"column-1\">Jodok M\u00fcller<\/td><td class=\"column-2\">Pfarrmatriken im Internet<\/td><td class=\"column-3\">127<br \/>\n<br \/>\n<\/td>\n<\/tr>\n<tr class=\"row-18\">\n\t<td class=\"column-1\">Birgit Ortner<\/td><td class=\"column-2\">Interregionale Alpgespr\u00e4che Lech 2012<\/td><td class=\"column-3\">128<\/td>\n<\/tr>\n<tr class=\"row-19\">\n\t<td class=\"column-1\">\u00a0<\/td><td class=\"column-2\">Walserherbst 2012<\/td><td class=\"column-3\">Ums. 3<\/td>\n<\/tr>\n<\/tbody>\n<\/table>\n\n","protected":false},"excerpt":{"rendered":"<p>Walser Wanderungen und Siedlungen Mit Beitr\u00e4gen von Jodok M\u00fcller, Monika Bischof, Josef Eberle, Eliane Fritz, Dr. Alois Niederst\u00e4tter, Dr. Nikolaus Huhn&nbsp;u.a. (mehr\u00a0&hellip;)<\/p>\n","protected":false},"author":1,"featured_media":0,"comment_status":"closed","ping_status":"closed","sticky":false,"template":"","format":"image","meta":{"ngg_post_thumbnail":0,"footnotes":""},"categories":[12],"tags":[],"taetigkeiten":[],"chronik-jahre":[],"chronik-gemeinden":[],"walserheimat":[450],"gebiete":[],"superkategorien":[],"class_list":["post-10056","post","type-post","status-publish","format-image","hentry","category-zeitschrift","post_format-post-format-image","walserheimat-wh91"],"_links":{"self":[{"href":"https:\/\/www.vorarlberger-walservereinigung.at\/vwvwp\/wp-json\/wp\/v2\/posts\/10056","targetHints":{"allow":["GET"]}}],"collection":[{"href":"https:\/\/www.vorarlberger-walservereinigung.at\/vwvwp\/wp-json\/wp\/v2\/posts"}],"about":[{"href":"https:\/\/www.vorarlberger-walservereinigung.at\/vwvwp\/wp-json\/wp\/v2\/types\/post"}],"author":[{"embeddable":true,"href":"https:\/\/www.vorarlberger-walservereinigung.at\/vwvwp\/wp-json\/wp\/v2\/users\/1"}],"replies":[{"embeddable":true,"href":"https:\/\/www.vorarlberger-walservereinigung.at\/vwvwp\/wp-json\/wp\/v2\/comments?post=10056"}],"version-history":[{"count":3,"href":"https:\/\/www.vorarlberger-walservereinigung.at\/vwvwp\/wp-json\/wp\/v2\/posts\/10056\/revisions"}],"predecessor-version":[{"id":11661,"href":"https:\/\/www.vorarlberger-walservereinigung.at\/vwvwp\/wp-json\/wp\/v2\/posts\/10056\/revisions\/11661"}],"wp:attachment":[{"href":"https:\/\/www.vorarlberger-walservereinigung.at\/vwvwp\/wp-json\/wp\/v2\/media?parent=10056"}],"wp:term":[{"taxonomy":"category","embeddable":true,"href":"https:\/\/www.vorarlberger-walservereinigung.at\/vwvwp\/wp-json\/wp\/v2\/categories?post=10056"},{"taxonomy":"post_tag","embeddable":true,"href":"https:\/\/www.vorarlberger-walservereinigung.at\/vwvwp\/wp-json\/wp\/v2\/tags?post=10056"},{"taxonomy":"taetigkeiten","embeddable":true,"href":"https:\/\/www.vorarlberger-walservereinigung.at\/vwvwp\/wp-json\/wp\/v2\/taetigkeiten?post=10056"},{"taxonomy":"chronik-jahre","embeddable":true,"href":"https:\/\/www.vorarlberger-walservereinigung.at\/vwvwp\/wp-json\/wp\/v2\/chronik-jahre?post=10056"},{"taxonomy":"chronik-gemeinden","embeddable":true,"href":"https:\/\/www.vorarlberger-walservereinigung.at\/vwvwp\/wp-json\/wp\/v2\/chronik-gemeinden?post=10056"},{"taxonomy":"walserheimat","embeddable":true,"href":"https:\/\/www.vorarlberger-walservereinigung.at\/vwvwp\/wp-json\/wp\/v2\/walserheimat?post=10056"},{"taxonomy":"gebiete","embeddable":true,"href":"https:\/\/www.vorarlberger-walservereinigung.at\/vwvwp\/wp-json\/wp\/v2\/gebiete?post=10056"},{"taxonomy":"superkategorien","embeddable":true,"href":"https:\/\/www.vorarlberger-walservereinigung.at\/vwvwp\/wp-json\/wp\/v2\/superkategorien?post=10056"}],"curies":[{"name":"wp","href":"https:\/\/api.w.org\/{rel}","templated":true}]}}