{"id":10052,"date":"2016-12-03T20:37:54","date_gmt":"2016-12-03T19:37:54","guid":{"rendered":"http:\/\/www.vorarlberger-walservereinigung.at\/vwvwp\/?p=10052"},"modified":"2017-05-06T22:53:48","modified_gmt":"2017-05-06T20:53:48","slug":"walserheimat-93-august-2013","status":"publish","type":"post","link":"https:\/\/www.vorarlberger-walservereinigung.at\/vwvwp\/walserheimat-93-august-2013\/","title":{"rendered":"Walserheimat  93, August 2013"},"content":{"rendered":"<h2><span style=\"color: rgb(51, 102, 255);\"><img loading=\"lazy\" decoding=\"async\" width=\"218\" height=\"300\" class=\"alignleft size-medium wp-image-10007\" alt=\"wh93\" src=\"https:\/\/www.vorarlberger-walservereinigung.at\/vwvwp\/wp-content\/uploads\/2016\/08\/WH93-218x300.jpg\" srcset=\"https:\/\/www.vorarlberger-walservereinigung.at\/vwvwp\/wp-content\/uploads\/2016\/08\/WH93-218x300.jpg 218w, https:\/\/www.vorarlberger-walservereinigung.at\/vwvwp\/wp-content\/uploads\/2016\/08\/WH93-109x150.jpg 109w, https:\/\/www.vorarlberger-walservereinigung.at\/vwvwp\/wp-content\/uploads\/2016\/08\/WH93.jpg 240w\" sizes=\"auto, (max-width: 218px) 100vw, 218px\" \/>700 Jahre Walser in Vorarlberg<\/span><\/h2>\n<p>Mit Beitr\u00e4gen von Jodok M\u00fcller, Monika Bischof, Amanda Nesensohn, Mag. Thomas Felfer, Dr. Alois Niederst\u00e4tter, Dr. Rudolf Berchtel, Dr. Simone Berchtold u.a.<!--more--><\/p>\n\n<table id=\"tablepress-93\" class=\"tablepress tablepress-id-93\">\n<thead>\n<tr class=\"row-1\">\n\t<th class=\"column-1\">Autor<\/th><th class=\"column-2\">Beitrag<\/th><th class=\"column-3\">Seite<\/th>\n<\/tr>\n<\/thead>\n<tbody class=\"row-striping row-hover\">\n<tr class=\"row-2\">\n\t<td class=\"column-1\">Barbara Fritz<\/td><td class=\"column-2\">Vorwort<\/td><td class=\"column-3\">202<\/td>\n<\/tr>\n<tr class=\"row-3\">\n\t<td class=\"column-1\">Monika Bischof\/Jodok M\u00fcller<\/td><td class=\"column-2\"><a href=\"http:\/\/www.vorarlberger-walservereinigung.at\/vwvwp\/events\/event\/festakt-700-jahre-walser-in-vorarlberg\/\" target=\"_top\">Kirchentag und Festakt 700 Jahre Walser<\/a><\/td><td class=\"column-3\">203<\/td>\n<\/tr>\n<tr class=\"row-4\">\n\t<td class=\"column-1\">Jodok M\u00fcller<\/td><td class=\"column-2\"><a href=\"http:\/\/www.vorarlberger-walservereinigung.at\/vwvwp\/buchvorstellung-walserweg-vorarlberg-von-stefan-heim\/\" target=\"_top\">Walserweg Vorarlberg<\/a><\/td><td class=\"column-3\">209<\/td>\n<\/tr>\n<tr class=\"row-5\">\n\t<td class=\"column-1\">Mag. Thomas Felfer<\/td><td class=\"column-2\"><a href=\"http:\/\/www.vorarlberger-walservereinigung.at\/vwvwp\/wer-oder-was-ist-ein-walser\/\" target=\"_top\">Wer oder was ist ein Walser?<\/a><\/td><td class=\"column-3\">210<\/td>\n<\/tr>\n<tr class=\"row-6\">\n\t<td class=\"column-1\">Jodok M\u00fcller<\/td><td class=\"column-2\">Walser Medien-Suchmaschine<\/td><td class=\"column-3\">212<\/td>\n<\/tr>\n<tr class=\"row-7\">\n\t<td class=\"column-1\"><br\/><i>Walserspuren<\/i><\/td><td class=\"column-2\"><\/td><td class=\"column-3\"><\/td>\n<\/tr>\n<tr class=\"row-8\">\n\t<td class=\"column-1\">Jodok M\u00fcller<\/td><td class=\"column-2\">Einleitung<\/td><td class=\"column-3\">213<\/td>\n<\/tr>\n<tr class=\"row-9\">\n\t<td class=\"column-1\">Dr. Alois Niederst\u00e4tter<\/td><td class=\"column-2\">   Zur Geschichte der \"Walser\" im sp\u00e4tmittelalterlichen Vorarlberg\u00a0\u2212<br\/><br \/>\n   ein \u00dcberblick<\/td><td class=\"column-3\">214<\/td>\n<\/tr>\n<tr class=\"row-10\">\n\t<td class=\"column-1\">Dr. Rudolf Berchtel<\/td><td class=\"column-2\"><a href=\"http:\/\/www.vorarlberger-walservereinigung.at\/vwvwp\/walser-alpwirtschaft\/\" target=\"_top\">Walser Alpwirtschaft<\/a><\/td><td class=\"column-3\">235<\/td>\n<\/tr>\n<tr class=\"row-11\">\n\t<td class=\"column-1\">Dr. Simone Berchtold<\/td><td class=\"column-2\">Walsernamen? Eine onomastische Spurensuche<\/td><td class=\"column-3\">250<\/td>\n<\/tr>\n<tr class=\"row-12\">\n\t<td class=\"column-1\"><br\/><i>Aus der B\u00fccherecke<\/i><\/td><td class=\"column-2\"><\/td><td class=\"column-3\"><\/td>\n<\/tr>\n<tr class=\"row-13\">\n\t<td class=\"column-1\">Jodok M\u00fcller<\/td><td class=\"column-2\"><a href=\"http:\/\/www.vorarlberger-walservereinigung.at\/vwvwp\/events\/event\/das-buoch-soll-krafft-und-macht-haben\/\" target=\"_top\">Eine Reise durch die Alpgeschichte<\/a><\/td><td class=\"column-3\">266<\/td>\n<\/tr>\n<tr class=\"row-14\">\n\t<td class=\"column-1\">Amanda Nesensohn<\/td><td class=\"column-2\">\u00d6nschas Hematbuach - Das Laternsertal<\/td><td class=\"column-3\">267<\/td>\n<\/tr>\n<tr class=\"row-15\">\n\t<td class=\"column-1\">\u00a0<\/td><td class=\"column-2\">B\u00fccherliste<\/td><td class=\"column-3\">268<\/td>\n<\/tr>\n<\/tbody>\n<\/table>\n<!-- #tablepress-93 from cache -->\n","protected":false},"excerpt":{"rendered":"<p>700 Jahre Walser in Vorarlberg Mit Beitr\u00e4gen von Jodok M\u00fcller, Monika Bischof, Amanda Nesensohn, Mag. Thomas Felfer, Dr. Alois Niederst\u00e4tter, Dr. Rudolf Berchtel, Dr. Simone Berchtold u.a. (mehr\u00a0&hellip;)<\/p>\n","protected":false},"author":1,"featured_media":0,"comment_status":"closed","ping_status":"closed","sticky":false,"template":"","format":"image","meta":{"ngg_post_thumbnail":0,"footnotes":""},"categories":[12],"tags":[],"taetigkeiten":[],"chronik-jahre":[],"chronik-gemeinden":[],"walserheimat":[452],"gebiete":[],"superkategorien":[],"class_list":["post-10052","post","type-post","status-publish","format-image","hentry","category-zeitschrift","post_format-post-format-image","walserheimat-wh93"],"_links":{"self":[{"href":"https:\/\/www.vorarlberger-walservereinigung.at\/vwvwp\/wp-json\/wp\/v2\/posts\/10052","targetHints":{"allow":["GET"]}}],"collection":[{"href":"https:\/\/www.vorarlberger-walservereinigung.at\/vwvwp\/wp-json\/wp\/v2\/posts"}],"about":[{"href":"https:\/\/www.vorarlberger-walservereinigung.at\/vwvwp\/wp-json\/wp\/v2\/types\/post"}],"author":[{"embeddable":true,"href":"https:\/\/www.vorarlberger-walservereinigung.at\/vwvwp\/wp-json\/wp\/v2\/users\/1"}],"replies":[{"embeddable":true,"href":"https:\/\/www.vorarlberger-walservereinigung.at\/vwvwp\/wp-json\/wp\/v2\/comments?post=10052"}],"version-history":[{"count":2,"href":"https:\/\/www.vorarlberger-walservereinigung.at\/vwvwp\/wp-json\/wp\/v2\/posts\/10052\/revisions"}],"predecessor-version":[{"id":11658,"href":"https:\/\/www.vorarlberger-walservereinigung.at\/vwvwp\/wp-json\/wp\/v2\/posts\/10052\/revisions\/11658"}],"wp:attachment":[{"href":"https:\/\/www.vorarlberger-walservereinigung.at\/vwvwp\/wp-json\/wp\/v2\/media?parent=10052"}],"wp:term":[{"taxonomy":"category","embeddable":true,"href":"https:\/\/www.vorarlberger-walservereinigung.at\/vwvwp\/wp-json\/wp\/v2\/categories?post=10052"},{"taxonomy":"post_tag","embeddable":true,"href":"https:\/\/www.vorarlberger-walservereinigung.at\/vwvwp\/wp-json\/wp\/v2\/tags?post=10052"},{"taxonomy":"taetigkeiten","embeddable":true,"href":"https:\/\/www.vorarlberger-walservereinigung.at\/vwvwp\/wp-json\/wp\/v2\/taetigkeiten?post=10052"},{"taxonomy":"chronik-jahre","embeddable":true,"href":"https:\/\/www.vorarlberger-walservereinigung.at\/vwvwp\/wp-json\/wp\/v2\/chronik-jahre?post=10052"},{"taxonomy":"chronik-gemeinden","embeddable":true,"href":"https:\/\/www.vorarlberger-walservereinigung.at\/vwvwp\/wp-json\/wp\/v2\/chronik-gemeinden?post=10052"},{"taxonomy":"walserheimat","embeddable":true,"href":"https:\/\/www.vorarlberger-walservereinigung.at\/vwvwp\/wp-json\/wp\/v2\/walserheimat?post=10052"},{"taxonomy":"gebiete","embeddable":true,"href":"https:\/\/www.vorarlberger-walservereinigung.at\/vwvwp\/wp-json\/wp\/v2\/gebiete?post=10052"},{"taxonomy":"superkategorien","embeddable":true,"href":"https:\/\/www.vorarlberger-walservereinigung.at\/vwvwp\/wp-json\/wp\/v2\/superkategorien?post=10052"}],"curies":[{"name":"wp","href":"https:\/\/api.w.org\/{rel}","templated":true}]}}